{"id":9363,"date":"2023-05-17T12:02:00","date_gmt":"2023-05-17T12:02:00","guid":{"rendered":"http:\/\/Article%20382000%20reposted%20in%20Impuestos"},"modified":"2023-05-17T12:02:00","modified_gmt":"2023-05-17T12:02:00","slug":"plan-de-pago-especial-2023-de-afip-por-que-no-es-para-todas-las-pymes","status":"publish","type":"post","link":"https:\/\/latecordoba.com\/index.php\/2023\/05\/17\/plan-de-pago-especial-2023-de-afip-por-que-no-es-para-todas-las-pymes\/","title":{"rendered":"Plan de pago especial 2023 de AFIP: por qu\u00e9 no es para todas las Pymes"},"content":{"rendered":"\n<div class=\"media_block\"><img decoding=\"async\" src=\"http:\/\/latecordoba.com\/wp-content\/uploads\/2023\/05\/plan-de-pago-especial-2023-de-afip-por-que-no-es-para-todas-las-pymes.jpg\"><\/div>\n<p>Un an\u00e1lisis detallado de la <a title=\"Ya es oficial el nuevo plan de pagos de la AFIP: qu\u00e9 deudas puedo regularizar, c\u00f3mo adherirme y desde qu\u00e9 fecha\" href=\"https:\/\/www.iprofesional.com\/impuestos\/381992-ya-es-oficial-el-nuevo-plan-de-pagos-de-la-afip-las-claves\" target=\"_blank\" rel=\"noopener\">resoluci\u00f3n de la AFIP<\/a> que concret\u00f3 el <strong>alivio fiscal para pymes muestra que, en realidad, ser\u00e1 para todos los contribuyentes y m\u00e1s deudas de lo esperado, pero tambi\u00e9n algunas restricciones para las pymes<\/strong> que estaban expresamente excluidas de esas promesas.\n<\/p>\n<p>Seg\u00fan la Resoluci\u00f3n General AFIP 5361, publicada este mi\u00e9rcoles en el Bolet\u00edn Oficial, <strong>se crea el R\u00e9gimen de facilidades de pago <\/strong><strong>&#8220;especial 2023&#8221;<\/strong>.\n<\/p>\n<h2>Qu\u00e9 cambio entre el plan especial 2023 de AFIP y los anuncios<\/h2>\n<p><span>La resoluci\u00f3n mantuvo que los peque\u00f1os contribuyentes; pymes de tramos 1, 2 y 3, y las entidades sin fines de lucro podr\u00e1n adherirse al nuevo plan de hasta 84 cuotas, pero agreg\u00f3 un inciso por el cual podr\u00e1n adherir todos los contribuyentes.<\/span>\n<\/p>\n<p>Con este plan especial, se podr\u00e1n regularizar deudas impositivas, previsionales, multas, cargos aduaneros y planes caducos. Pero ahora, adem\u00e1s, la <strong>AFIP admiti\u00f3 incluir las siguientes deudas<\/strong>:\n<\/p>\n<ul>\n<li><strong>Por retenciones y percepciones impositivas<\/strong>, aunque mantuvo la exclusi\u00f3n para las previsionales.<\/li>\n<li><span>Planes vigentes, en el caso de personas humanas<\/span>.<\/li>\n<\/ul>\n<p>Otra novedad favorable es que las deudas que <strong>podr\u00e1n incluirse en el plan son las incurridas hasta este 17 de mayo<\/strong>, y no hasta el 30 de abril pasado, como se hab\u00eda anunciado.\n<\/p>\n<p>Por otra parte, la AFIP estableci\u00f3 que el plazo de <strong>adhesi\u00f3n al Plan &#8220;especial 2023&#8221; se podr\u00e1 cumplir hasta el pr\u00f3ximo 30 de septiembre<\/strong>.\n<\/p>\n<p><span>En cambio, se hab\u00eda informado expresamente que el plan era para peque\u00f1as y medianas empresas, contaran o no con el Certificado pyme, extendido por la Secretar\u00eda de Emprendedores y Pymes, pero esto no ser\u00e1 as\u00ed. La AFIP exigir\u00e1 el certificado vigente.<\/span>\n<\/p>\n<div class=\"imagen\"><img decoding=\"async\" loading=\"lazy\" class=\"lazyload\" src=\"http:\/\/latecordoba.com\/wp-content\/uploads\/2023\/05\/plan-de-pago-especial-2023-de-afip-por-que-no-es-para-todas-las-pymes-1.jpg\" alt width=\"880\" height=\"673\">\n<\/div>\n<p>Algo que preocupa en el contexto actual es que se mantuvo, respecto de los anuncios, la condici\u00f3n de que <strong>se rechazar\u00e1 el plan si, durante su vigencia, se realizan operaciones de venta de moneda extranjera<\/strong> <strong>a trav\u00e9s de los d\u00f3lares financieros<\/strong>.\n<\/p>\n<h2>Qu\u00e9 otras caracter\u00edsticas del plan especial 2023 aclar\u00f3 la AFIP<\/h2>\n<p>Algunos de <strong>los puntos del plan especial que se aclararon <\/strong>con la resoluci\u00f3n de AFIP son los siguientes:\n<\/p>\n<p>1. No se exigir\u00e1 un pago a cuenta.\n<\/p>\n<p>2. <strong>No se tendr\u00e1 en cuenta el perfil de cumplimento<\/strong> (SIPER).\n<\/p>\n<p>3. <span>La tasa de financiaci\u00f3n ser\u00e1 70% al 100% del inter\u00e9s resarcitorio vigente, que hoy es de 5,91% mensual<\/span>.\n<\/p>\n<p>4. La <strong>consolidaci\u00f3n de deuda se realizar\u00e1 a la fecha de adhesi\u00f3n<\/strong>.\n<\/p>\n<p>5. D\u00e9bitos: \u00fanicamente v\u00eda CBU d\u00eda 16, o d\u00eda 12 mes siguiente cuando se trate de la rehabilitaci\u00f3n del plan.\n<\/p>\n<p>6. <strong>Caducidad: por falta de pago de 1 o 3 cuotas<\/strong>, seg\u00fan el contribuyente.\n<\/p>\n<p>7. <span>Se exige el allanamiento a las pretensiones de AFIP para la deuda en discusi\u00f3n administrativa, judicial o ejecuci\u00f3n fiscal<\/span>.\n<\/p>\n<p>8. La adhesi\u00f3n se realizar\u00e1 a trav\u00e9s del servicio web &#8220;Mis Facilidades&#8221;, opci\u00f3n &#8220;RG 5.361 \u2013 Plan de Facilidades de Pago Obligaciones vencidas al 30 de abril de 2023&#8221;.\n<\/p>\n<p>Este servicio web de la AFIP estar\u00e1 disponible para que los contribuyentes empiecen a <strong>adherir al plan de pagos especial a partir del pr\u00f3ximo d\u00eda 29 de mayo<\/strong>.\n<\/p>\n<div class=\"imagen\" readability=\"7\"><img decoding=\"async\" loading=\"lazy\" class=\"lazyload\" src=\"http:\/\/latecordoba.com\/wp-content\/uploads\/2023\/05\/plan-de-pago-especial-2023-de-afip-por-que-no-es-para-todas-las-pymes-2.jpg\" alt=\"Se podr\u00e1n incluir en el plan especial 2023 deudas hasta el 17 de mayo\" width=\"880\" height=\"495\"><\/p>\n<p>Se podr\u00e1n incluir en el plan especial deudas hasta el 17 de mayo 2023<\/p>\n<\/div>\n<h2>Qu\u00e9 nuevas resoluciones de AFIP esperan los contribuyentes<\/h2>\n<p>En el marco de la pandemia por Covid-19, se aprob\u00f3 una <strong>moratoria, con la condici\u00f3n de que, a partir de abril pasado, se aplica la tasa Badlar para bancos privados<\/strong>, explic\u00f3 la asesora tributaria Romina Batista, y agreg\u00f3 que, por esta raz\u00f3n, los planes de pago a partir de ese mes tienen aumentos sustanciales, afectando principalmente a pymes.\n<\/p>\n<p><span>La financiaci\u00f3n mensual se cuadriplic\u00f3 para micro, peque\u00f1as empresas, entidades sin fines de lucro y peque\u00f1os contribuyentes. Para las empresas medianas, el costo de financiaci\u00f3n se duplic\u00f3 y para los dem\u00e1s contribuyentes se triplic\u00f3<\/span>, asegur\u00f3 Russo.\n<\/p>\n<p>&#8220;El incremento sustancial que esto hab\u00eda generado para los contribuyentes<strong> determin\u00f3 en muchos casos la inviabilidad para sostener este plan<\/strong> que con mucho esfuerzo ven\u00edan cancelando mensualmente&#8221;, enfatiz\u00f3 Roco, y puso el siguiente ejemplo.\n<\/p>\n<ul>\n<li>Un contribuyente para el cual la cuota debitada en marzo fue de $87.876,84<\/li>\n<li>En abril, esa cuota pas\u00f3 a $196.519,96.<\/li>\n<li>Seg\u00fan control del plan de este mismo contribuyente, para el d\u00e9bito a realizarse este martes16, el monto de cuota es de $193.480,99.<\/li>\n<\/ul>\n<p>&#8220;Por este motivo, <span>ser\u00eda importante que la medida de alivio pueda ser aplicada de forma inmediata para este mes<\/span>&#8220;, remarc\u00f3 Roco.\n<\/p>\n<div class=\"tepuedeinteresar\">\n<p>Te puede interesar<\/p>\n<\/p><\/div>\n<p>El <strong>Gobierno prometi\u00f3 durante el fin de semana que AFIP aprobar\u00e1 una &#8220;espera&#8221; para una proporci\u00f3n de los intereses <\/strong>de cuotas con vencimiento junio a diciembre de 2023, y aunque tiene gusto a poco, los contribuyentes esperan la resoluci\u00f3n que lo ejecute.<\/p>\n","protected":false},"excerpt":{"rendered":"\n<div class=\"media_block\"><img decoding=\"async\" src=\"http:\/\/latecordoba.com\/wp-content\/uploads\/2023\/05\/plan-de-pago-especial-2023-de-afip-por-que-no-es-para-todas-las-pymes.jpg\"><\/div>\n<p> La AFIP exigir\u00e1 Certificado pyme para aceptar la adhesi\u00f3n al nuevo plan de facilidades de pago especial 2023, entre otras novedades respecto a los anuncios <iframe width=\"0\" height=\"0\" border=\"0\"> <script> (function(i,s,o,g,r,a,m){i['GoogleAnalyticsObject']=r;i[r]=i[r]||function(){ (i[r].q=i[r].q||[]).push(arguments)},i[r].l=1*new Date();a=s.createElement(o), m=s.getElementsByTagName(o)[0];a.async=1;a.src=g;m.parentNode.insertBefore(a,m) })(window,document,'script','https:\/\/www.google-analytics.com\/analytics.js','ga'); ga('create', 'GTM-5LW5KQD', 'auto'); ga('require', 'displayfeatures'); ga('set', 'campaignSource', 'RSS Client for iProfesional'); ga('set', 'campaignMedium', 'RSS Client for iProfesional'); ga('set', {\"dataSource\": \"rss.atom.iprofesional.com\"}); ga('set', {\"referrer\": \"rss.atom.iprofesional.com\"}); ga('set', 'title', 'RSS Client for iProfesional'); ga('send', 'pageview'); <\/script> <!-- Begin comScore Tag --> <script> var _comscore = _comscore || []; _comscore.push({ c1: \"2\", c2: \"16597048\" }); (function() { var s = document.createElement(\"script\"), el = document.getElementsByTagName(\"script\")[0]; s.async = true; s.src = \"https:\/\/sb.scorecardresearch.com\/cs\/16597048\/beacon.js\"; el.parentNode.insertBefore(s, el); })(); <\/script> <noscript> <img decoding=\"async\" src=\"http:\/\/latecordoba.com\/wp-content\/uploads\/2023\/05\/plan-de-pago-especial-2023-de-afip-por-que-no-es-para-todas-las-pymes.gif\"> <\/noscript> <!-- End comScore Tag --> <\/iframe>  <\/p>\n","protected":false},"author":1,"featured_media":9364,"comment_status":"open","ping_status":"closed","sticky":false,"template":"","format":"standard","meta":[],"categories":[19],"tags":[],"_links":{"self":[{"href":"https:\/\/latecordoba.com\/index.php\/wp-json\/wp\/v2\/posts\/9363"}],"collection":[{"href":"https:\/\/latecordoba.com\/index.php\/wp-json\/wp\/v2\/posts"}],"about":[{"href":"https:\/\/latecordoba.com\/index.php\/wp-json\/wp\/v2\/types\/post"}],"author":[{"embeddable":true,"href":"https:\/\/latecordoba.com\/index.php\/wp-json\/wp\/v2\/users\/1"}],"replies":[{"embeddable":true,"href":"https:\/\/latecordoba.com\/index.php\/wp-json\/wp\/v2\/comments?post=9363"}],"version-history":[{"count":0,"href":"https:\/\/latecordoba.com\/index.php\/wp-json\/wp\/v2\/posts\/9363\/revisions"}],"wp:featuredmedia":[{"embeddable":true,"href":"https:\/\/latecordoba.com\/index.php\/wp-json\/wp\/v2\/media\/9364"}],"wp:attachment":[{"href":"https:\/\/latecordoba.com\/index.php\/wp-json\/wp\/v2\/media?parent=9363"}],"wp:term":[{"taxonomy":"category","embeddable":true,"href":"https:\/\/latecordoba.com\/index.php\/wp-json\/wp\/v2\/categories?post=9363"},{"taxonomy":"post_tag","embeddable":true,"href":"https:\/\/latecordoba.com\/index.php\/wp-json\/wp\/v2\/tags?post=9363"}],"curies":[{"name":"wp","href":"https:\/\/api.w.org\/{rel}","templated":true}]}}