{"id":9310,"date":"2023-05-22T19:42:10","date_gmt":"2023-05-22T19:42:10","guid":{"rendered":"https:\/\/radioritmo.com.ar\/?p=14515"},"modified":"2023-05-22T19:42:10","modified_gmt":"2023-05-22T19:42:10","slug":"la-joaqui-y-migrantes-se-unen-para-hacer-vikingos","status":"publish","type":"post","link":"https:\/\/latecordoba.com\/index.php\/2023\/05\/22\/la-joaqui-y-migrantes-se-unen-para-hacer-vikingos\/","title":{"rendered":"La Joaqui y Migrantes se unen para hacer \u201cVikingos\u201d"},"content":{"rendered":"\n<div><img decoding=\"async\" src=\"http:\/\/latecordoba.com\/wp-content\/uploads\/2023\/05\/la-joaqui-y-migrantes-se-unen-para-hacer-vikingos.jpg\" class=\"ff-og-image-inserted\"><\/div>\n<p>El tema tiene una base pegadiza y una letra atrevida, logrando un gran resultado.<\/p>\n<div readability=\"51\">\n<p>Con una base pegadiza y una letra atrevida, la canci\u00f3n es la combinaci\u00f3n perfecta entre los sonidos m\u00e1s caracter\u00edsticos de la cumbia cl\u00e1sica, con&nbsp;<strong>el estilo fresco de La Joaqui y las referencias m\u00e1s pop de Migrantes<\/strong>, demostrando una vez m\u00e1s la habilidad de los artistas para fusionar distintos g\u00e9neros.<\/p>\n<p>La producci\u00f3n estuvo a cargo de Nico Valdi, y el video fue rodado en Buenos Aires bajo la direcci\u00f3n de Whaire.<\/p>\n<p>Con el estreno de \u201cVikingos\u201d,&nbsp;<strong>La Joaqui contin\u00faa destac\u00e1ndose<\/strong>&nbsp;como una de las principales referentes de la escena argentina. \u00bfUn dato? Hoy es la 7ma artista m\u00e1s escuchada en Spotify.<\/p>\n<p>Mientras que Migrantes viene de lanzar la cumbialada \u201cCobarde\u201d, junto al grupo mexicano Matisse, mientras que a su vez anunci\u00f3 su primer Teatro Vorterix para el pr\u00f3ximo 5 de agosto.<\/p>\n<\/div>\n","protected":false},"excerpt":{"rendered":"<p> El tema tiene una base pegadiza y una letra atrevida, logrando un gran resultado. Luego de darle a sus seguidores un peque\u00f1o adelanto en redes sociales, La Joaqui estrena \u201cVikingos\u201d, su primera colaboraci\u00f3n con Migrantes. Con una base pegadiza y una letra atrevida, la canci\u00f3n es la combinaci\u00f3n perfecta entre los sonidos m\u00e1s caracter\u00edsticos de &#8230;  <\/p>\n","protected":false},"author":1,"featured_media":9311,"comment_status":"closed","ping_status":"closed","sticky":false,"template":"","format":"standard","meta":[],"categories":[20],"tags":[],"_links":{"self":[{"href":"https:\/\/latecordoba.com\/index.php\/wp-json\/wp\/v2\/posts\/9310"}],"collection":[{"href":"https:\/\/latecordoba.com\/index.php\/wp-json\/wp\/v2\/posts"}],"about":[{"href":"https:\/\/latecordoba.com\/index.php\/wp-json\/wp\/v2\/types\/post"}],"author":[{"embeddable":true,"href":"https:\/\/latecordoba.com\/index.php\/wp-json\/wp\/v2\/users\/1"}],"replies":[{"embeddable":true,"href":"https:\/\/latecordoba.com\/index.php\/wp-json\/wp\/v2\/comments?post=9310"}],"version-history":[{"count":0,"href":"https:\/\/latecordoba.com\/index.php\/wp-json\/wp\/v2\/posts\/9310\/revisions"}],"wp:featuredmedia":[{"embeddable":true,"href":"https:\/\/latecordoba.com\/index.php\/wp-json\/wp\/v2\/media\/9311"}],"wp:attachment":[{"href":"https:\/\/latecordoba.com\/index.php\/wp-json\/wp\/v2\/media?parent=9310"}],"wp:term":[{"taxonomy":"category","embeddable":true,"href":"https:\/\/latecordoba.com\/index.php\/wp-json\/wp\/v2\/categories?post=9310"},{"taxonomy":"post_tag","embeddable":true,"href":"https:\/\/latecordoba.com\/index.php\/wp-json\/wp\/v2\/tags?post=9310"}],"curies":[{"name":"wp","href":"https:\/\/api.w.org\/{rel}","templated":true}]}}