{"id":9275,"date":"2023-05-18T16:28:00","date_gmt":"2023-05-18T16:28:00","guid":{"rendered":"http:\/\/Article%20382086%20reposted%20in%20Impuestos"},"modified":"2023-05-18T16:28:00","modified_gmt":"2023-05-18T16:28:00","slug":"la-camara-federal-reconfirmo-que-las-jubilaciones-no-pagan-ganancias","status":"publish","type":"post","link":"https:\/\/latecordoba.com\/index.php\/2023\/05\/18\/la-camara-federal-reconfirmo-que-las-jubilaciones-no-pagan-ganancias\/","title":{"rendered":"La C\u00e1mara Federal reconfirm\u00f3 que las jubilaciones no pagan Ganancias"},"content":{"rendered":"\n<div class=\"media_block\"><img decoding=\"async\" src=\"http:\/\/latecordoba.com\/wp-content\/uploads\/2023\/05\/la-camara-federal-reconfirmo-que-las-jubilaciones-no-pagan-ganancias.jpg\"><\/div>\n<div id>\n<p> La C\u00e1mara en lo Contencioso Administrativo Federal Sala III reconfirm\u00f3 en un reciente fallo la doctrina de la Corte. Acceda al texto completo del fallo <\/p>\n<p>Por <strong>Hern\u00e1n Gilardo<\/strong><\/p>\n<p><strong>18\/05\/2023<\/strong> &#8211; 13,28hs<\/p>\n<div class=\"image-container img-wide padding-b\"> <picture><source media=\"(min-width:650px)\" srcset=\"http:\/\/latecordoba.com\/wp-content\/uploads\/2023\/05\/la-camara-federal-reconfirmo-que-las-jubilaciones-no-pagan-ganancias.webp\" class=\"lazyload\"><source media=\"(min-width:465px)\" srcset=\"http:\/\/latecordoba.com\/wp-content\/uploads\/2023\/05\/la-camara-federal-reconfirmo-que-las-jubilaciones-no-pagan-ganancias.webp\" class=\"lazyload\"><img decoding=\"async\" loading=\"lazy\" src=\"http:\/\/latecordoba.com\/wp-content\/uploads\/2023\/05\/la-camara-federal-reconfirmo-que-las-jubilaciones-no-pagan-ganancias.webp\" class=\"lazyload\" alt=\"La C\u00e1mara Federal reconfirm\u00f3 que las jubilaciones no pagan Ganancias\" width=\"160\" height=\"714px\"> <\/picture> <\/div>\n<\/p><\/div>\n<div readability=\"130.45832549389\">\n<p>Ante diversas interpretaciones de diversos juzgados, los cuales poseen un criterio propio apart\u00e1ndose de la doctrina sentada por la Corte Suprema de la Naci\u00f3n en el Fallo &#8220;Garc\u00eda&#8221;, <span>mediante la cual se exime al beneficiario de un haber jubilatorio o pensionado del pago del Impuesto a las Ganancias<\/span>,<a href=\"https:\/\/www.iprofesional.com\/impuestos\/381992-ya-es-oficial-el-nuevo-plan-de-pagos-de-la-afip-las-claves\" target=\"_blank\" rel=\"noopener\"> la C\u00e1mara en lo Contencioso Administrativo Federal Sala III <\/a>reconfirm\u00f3 en un reciente fallo la doctrina de la Corte.\n<\/p>\n<p>Del expediente, al cual tuvo acceso Iprofesional, <span>surge que los actores perciben los haberes de la Caja de Retiros, Jubilaciones y Pensiones de la Polic\u00eda Federal,<\/span> encontr\u00e1ndose representados exclusivamente para el recurso de apelaci\u00f3n ante la C\u00e1mara Federal que emiti\u00f3 en fallo por los Dres. Marcelo Echevarr\u00eda y Tom\u00e1s G\u00f3mez Fern\u00e1ndez.\n<\/p>\n<h2>La C\u00e1mara Federal reconfirm\u00f3 que las jubilaciones no pagan Ganancias<\/h2>\n<p>Este fallo, ratificatorio de la doctrina sentada por la Corte Suprema de Justicia de la Naci\u00f3n, revoc\u00f3 la sentencia de primera instancia mediante la cual el Juez expuso su criterio dando cuenta que: &#8220;El art. 78, inc. c) <strong>establece que constituyen ganancias las <\/strong><strong>provenientes:<\/strong> &#8220;&#8230;c) <a href=\"https:\/\/www.iprofesional.com\/politica\/382072-mundial-sub-20-y-dolar-eximen-de-pago-del-derecho-de-importacion\" target=\"_blank\" rel=\"noopener\">De las jubilaciones, pensiones, retiros o subsidios de cualquier especie<\/a> en cuanto tengan su origen en el trabajo personal y de los consejeros de las sociedades cooperativas&#8221;.\n<\/p>\n<p>&#8220;Adem\u00e1s, alude a las rentas de la cuarta categor\u00eda, incluye a las jubilaciones, pensiones, retiros o subsidios de cualquier especie en cuanto tengan su origen en el trabajo personal y en la medida que hayan estado sujeto al pago del impuesto&#8221; (inc. c), art. 82 de la Ley N\u00ba 20.628 -texto ordenado seg\u00fan Dec. N\u00ba 824\/19-)&#8221;\n<\/p>\n<p>&#8220;Es menester concluir, entonces que de la normativa y hermen\u00e9utica de la misma, <span>no hay doble imposici\u00f3n ya que, el Impuesto a las <a href=\"https:\/\/www.iprofesional.com\/impuestos\/381941-nuevo-plan-de-pago-de-afip-que-establece-la-reglamentacion\" target=\"_blank\" rel=\"noopener\">Ganancias<\/a><\/span><a href=\"https:\/\/www.iprofesional.com\/impuestos\/381941-nuevo-plan-de-pago-de-afip-que-establece-la-reglamentacion\" target=\"_blank\" rel=\"noopener\"> que tributa el trabajador,<\/a> mientras dura su actividad laboral es diferente a la que paga por los r\u00e9ditos jubilatorios ya que corresponden a hechos imponibles diferentes&#8221;\n<\/p>\n<p>&#8220;Los actores<strong> no han demostrado motivo alguno que justifique y permita apartarse de la postura del rechazo <\/strong>de la presente demanda dado que no ha acreditado la existencia de una situaci\u00f3n disvaliosa de salud y\/o riesgo de vida y\/o cotidiana (familiares a cargo; gastos, entre otros) que conduzca a considerarlo vulnerable&#8221;.\n<\/p>\n<p>&#8220;Es por todo lo antes expuesto que los elementos de prueba agregados a la causa no resultan adecuados <span>para demostrar que la retenci\u00f3n por el Impuesto a las Ganancias en sus haberes reviste el car\u00e1cter <\/span><span>confiscatorio <\/span>en los t\u00e9rminos de la jurisprudencia de la Corte Suprema de Justicia de la Naci\u00f3n mencionada conduzca a considerarlo vulnerables&#8221;.\n<\/p>\n<div class=\"imagen\" readability=\"7\"><img decoding=\"async\" loading=\"lazy\" class=\"lazyload\" src=\"http:\/\/latecordoba.com\/wp-content\/uploads\/2023\/05\/la-camara-federal-reconfirmo-que-las-jubilaciones-no-pagan-ganancias-1.jpg\" alt=\"La C\u00e1mara Federal reconfirm\u00f3 que las jubilaciones no pagan Ganancias\" width=\"880\" height=\"495\"><\/p>\n<p>La C\u00e1mara Federal reconfirm\u00f3 que las jubilaciones no pagan Ganancias<\/p>\n<\/div>\n<p>La Sala III de la C\u00e1mara de Apelaciones en lo Contencioso Administrativo Federal de la Naci\u00f3n, revoc\u00f3 el fallo se\u00f1alando que: &#8220;Es apropiado puntualizar que el Alto Tribunal ha ratificado la decisi\u00f3n de declarar inconstitucional a la retenci\u00f3n del Impuesto a las Ganancias en numerosas oportunidades,<strong> prescindiendo de ponderar las circunstancias concretas de vulnerabilidad <\/strong>del jubilado afectado (conf., CSJN, &#8220;Calderale Leonardo Gualberto c\/ ANSES s\/ reajustes varios&#8221;, sentencia del 1\/10\/19; ver asimismo Sala IV, expte. nro. 28.214\/2019, &#8220;Santi Armando \u00c1ngel c\/AFIP s\/incidente de apelaci\u00f3n&#8221;, sentencia del 26\/12\/19)&#8221;.\n<\/p>\n<p>A su vez fij\u00f3 el criterio jurisprudencial, en l\u00ednea con los fallos de la Corte Suprema de Justicia de la Naci\u00f3n, afirmando que: &#8220;En relaci\u00f3n a la vigencia y aplicabilidad de la ley 27617, en el precedente &#8220;Guti\u00e9rrez&#8221;, ya mencionado, esta Sala expres\u00f3 que si bien la referida norma sustituy\u00f3 el art\u00edculo 30 de la ley 20.628 (t.o. en 2019) <span>en torno del valor de la &#8220;deducci\u00f3n especial&#8221;, la &#8220;deducci\u00f3n espec\u00edfica&#8221; y el &#8220;m\u00ednimo imponible&#8221;, tales medidas legislativas, en sustancia, no se condicen con las pautas establecidas por la Corte Suprema de Justicia <\/span>en &#8220;Garc\u00eda, Mar\u00eda Isabel&#8221;, especialmente en sus considerandos 15 y 16 (en el mismo sentido, v. esta C\u00e1mara, Sala IV, causa &#8220;V\u00e1zquez Kalf&#8221; (expte. nro. 12.641\/20), del 8\/6\/21 y Sala II, causa &#8220;Facal, Jorge Aquiles&#8221; (expte. 12.038\/20), del 18\/8\/21. Por las razones expuestas, corresponde admitir la apelaci\u00f3n incoada y, en consecuencia, declarar la inconstitucionalidad de los art\u00edculos 30 inciso c), 82 inciso c) y 94 de la ley 20.628 (t.o. en 2019), alcanzando al texto modificado por ley 27.617, ordenar el cese de retenciones por el concepto aqu\u00ed examinado sobre los haberes previsionales del actor as\u00ed como el reintegro de las sumas detra\u00eddas&#8221;.\n<\/p>\n<p>Este reciente e importante fallo, ratific\u00f3 una vez m\u00e1s que el jubilado o pensionado <a href=\"https:\/\/www.iprofesional.com\/impuestos\/381930-mayo-mes-de-vencimientos-hubo-prorroga-de-convenio-multilateral\" target=\"_blank\" rel=\"noopener\">no debe acreditar edad avanzada o un estado de vulnerabilidad para acceder a la exenci\u00f3n del Impuesto a las Ganancias<\/a>.\n<\/p>\n<div class=\"tepuedeinteresar\">\n<p>Te puede interesar<\/p>\n<\/p><\/div>\n<p>Dicha doctrina judicial aplica para todo aquel que goce de un haber previsional al cual le impacte el Impuesto a las Ganancias, con un dato no menor, tal es que<strong> la C\u00e1mara Federal orden\u00f3 instruir a la AFIP que proceda a la devoluci\u00f3n de lo detra\u00eddo<\/strong> a los actores de sus haberes previsionales por dicho impuesto <span>desde cinco a\u00f1os atr\u00e1s a la fecha m\u00e1s sus correspondientes intereses.<\/span><\/p>\n<\/p><\/div>\n","protected":false},"excerpt":{"rendered":"\n<div class=\"media_block\"><img decoding=\"async\" src=\"http:\/\/latecordoba.com\/wp-content\/uploads\/2023\/05\/la-camara-federal-reconfirmo-que-las-jubilaciones-no-pagan-ganancias.jpg\"><\/div>\n<p> La C\u00e1mara en lo Contencioso Administrativo Federal Sala III reconfirm\u00f3 en un reciente fallo la doctrina de la Corte. Acceda al texto completo del fallo <iframe width=\"0\" height=\"0\" border=\"0\"> <script> (function(i,s,o,g,r,a,m){i['GoogleAnalyticsObject']=r;i[r]=i[r]||function(){ (i[r].q=i[r].q||[]).push(arguments)},i[r].l=1*new Date();a=s.createElement(o), m=s.getElementsByTagName(o)[0];a.async=1;a.src=g;m.parentNode.insertBefore(a,m) })(window,document,'script','https:\/\/www.google-analytics.com\/analytics.js','ga'); ga('create', 'GTM-5LW5KQD', 'auto'); ga('require', 'displayfeatures'); ga('set', 'campaignSource', 'RSS Client for iProfesional'); ga('set', 'campaignMedium', 'RSS Client for iProfesional'); ga('set', {\"dataSource\": \"rss.atom.iprofesional.com\"}); ga('set', {\"referrer\": \"rss.atom.iprofesional.com\"}); ga('set', 'title', 'RSS Client for iProfesional'); ga('send', 'pageview'); <\/script> <!-- Begin comScore Tag --> <script> var _comscore = _comscore || []; _comscore.push({ c1: \"2\", c2: \"16597048\" }); (function() { var s = document.createElement(\"script\"), el = document.getElementsByTagName(\"script\")[0]; s.async = true; s.src = \"https:\/\/sb.scorecardresearch.com\/cs\/16597048\/beacon.js\"; el.parentNode.insertBefore(s, el); })(); <\/script> <noscript> <img decoding=\"async\" src=\"http:\/\/latecordoba.com\/wp-content\/uploads\/2023\/05\/la-camara-federal-reconfirmo-que-las-jubilaciones-no-pagan-ganancias.gif\"> <\/noscript> <!-- End comScore Tag --> <\/iframe>  <\/p>\n","protected":false},"author":1,"featured_media":9276,"comment_status":"open","ping_status":"closed","sticky":false,"template":"","format":"standard","meta":[],"categories":[19],"tags":[],"_links":{"self":[{"href":"https:\/\/latecordoba.com\/index.php\/wp-json\/wp\/v2\/posts\/9275"}],"collection":[{"href":"https:\/\/latecordoba.com\/index.php\/wp-json\/wp\/v2\/posts"}],"about":[{"href":"https:\/\/latecordoba.com\/index.php\/wp-json\/wp\/v2\/types\/post"}],"author":[{"embeddable":true,"href":"https:\/\/latecordoba.com\/index.php\/wp-json\/wp\/v2\/users\/1"}],"replies":[{"embeddable":true,"href":"https:\/\/latecordoba.com\/index.php\/wp-json\/wp\/v2\/comments?post=9275"}],"version-history":[{"count":0,"href":"https:\/\/latecordoba.com\/index.php\/wp-json\/wp\/v2\/posts\/9275\/revisions"}],"wp:featuredmedia":[{"embeddable":true,"href":"https:\/\/latecordoba.com\/index.php\/wp-json\/wp\/v2\/media\/9276"}],"wp:attachment":[{"href":"https:\/\/latecordoba.com\/index.php\/wp-json\/wp\/v2\/media?parent=9275"}],"wp:term":[{"taxonomy":"category","embeddable":true,"href":"https:\/\/latecordoba.com\/index.php\/wp-json\/wp\/v2\/categories?post=9275"},{"taxonomy":"post_tag","embeddable":true,"href":"https:\/\/latecordoba.com\/index.php\/wp-json\/wp\/v2\/tags?post=9275"}],"curies":[{"name":"wp","href":"https:\/\/api.w.org\/{rel}","templated":true}]}}