{"id":9242,"date":"2023-05-23T10:00:00","date_gmt":"2023-05-23T10:00:00","guid":{"rendered":"https:\/\/www.iprofesional.com\/economia\/382274-massa-busca-este-apoyo-para-evitar-una-crisis-y-ser-candidato"},"modified":"2023-05-23T10:00:00","modified_gmt":"2023-05-23T10:00:00","slug":"a-contrarreloj-massa-busca-dos-apoyos-decisivos-para-evitar-una-crisis-peor-y-ser-candidato","status":"publish","type":"post","link":"https:\/\/latecordoba.com\/index.php\/2023\/05\/23\/a-contrarreloj-massa-busca-dos-apoyos-decisivos-para-evitar-una-crisis-peor-y-ser-candidato\/","title":{"rendered":"A contrarreloj, Massa busca dos apoyos decisivos para evitar una crisis peor y ser candidato"},"content":{"rendered":"\n<div class=\"media_block\"><img decoding=\"async\" src=\"http:\/\/latecordoba.com\/wp-content\/uploads\/2023\/05\/a-contrarreloj-massa-busca-dos-apoyos-decisivos-para-evitar-una-crisis-peor-y-ser-candidato.jpg\"><\/div>\n<p><a href=\"https:\/\/www.iprofesional.com\/economia\/381817-massa-prepara-medidas-para-contener-la-inflacion-y-el-dolar\" target=\"_blank\" rel=\"noopener\">Sergio Massa dio un giro en sus presentaciones p\u00fablicas<\/a>: de mostrarse como un s\u00faper ministro que hablaba de econom\u00eda exclusivamente, ahora <strong>se reparte entre los anuncios y las definiciones pol\u00edticas.<\/strong> Parece un candidato en campa\u00f1a aunque no lo sea. Todav\u00eda.\n<\/p>\n<p>El titular del Palacio de Hacienda quiere ser el \u00fanico candidato por el oficialismo. <strong>No lo disimula<\/strong>, a pesar de que a\u00fan no lo haya expresado con todas las letras.\n<\/p>\n<p>Para confirmarlo, <span>Massa necesita urgente dos respaldos clave, que por ahora se demoran<\/span>. <strong>Uno es el de Cristina Kirchner,<\/strong> la &#8220;due\u00f1a&#8221; de la mayor\u00eda de los votos del Frente de Todos. Sin la vicepresidenta en la cancha electoral, el jefe de Econom\u00eda precisa su bendici\u00f3n para erigirse en el candidato de consenso del peronismo.\n<\/p>\n<p>Si Cristina lo apuntala abiertamente, los dem\u00e1s aspirantes a la competencia -sobre todo Daniel Scioli- no tendr\u00edan otro camino que bajarse.\n<\/p>\n<p>El otro respaldo que Massa sigue esperando es el del <strong>Fondo Monetario<\/strong>. El staff del FMI se resiste a darle luz verde al adelantamiento de los desembolsos previstos reci\u00e9n para el segundo semestre. Los t\u00e9cnicos argumentan que la Argentina est\u00e1 incumpliendo con las metas, y que incluso est\u00e1 usando d\u00f3lares de las escasas reservas para defender un determinado tipo de cambio.\n<\/p>\n<p>Seg\u00fan pudo saber iProfesional, <strong>desde el FMI sugieren que la \u00fanica salida es pol\u00edtica<\/strong>, a trav\u00e9s de <a href=\"https:\/\/www.iprofesional.com\/economia\/381287-eeuu-impulsaria-al-fmi-a-acelerar-desembolsos-a-la-argentina\" target=\"_blank\" rel=\"noopener\">un respaldo contundente de los Estados Unidos<\/a>. Una postura que trascendi\u00f3 hace algunas semanas, con un cable de la agencia Bloomberg, pero que nunca se oficializ\u00f3.\n<\/p>\n<div class=\"imagen\" readability=\"8\"><img decoding=\"async\" loading=\"lazy\" class=\"lazyload\" src=\"http:\/\/latecordoba.com\/wp-content\/uploads\/2023\/05\/a-contrarreloj-massa-busca-dos-apoyos-decisivos-para-evitar-una-crisis-peor-y-ser-candidato.png\" alt=\"Cristina Kirchner y el FMI son dos apoyos que Massa necesita si quiere ser candidato.\" width=\"880\" height=\"499\"><\/p>\n<p>Cristina Kirchner y el FMI son dos apoyos que Massa necesita si quiere ser candidato a presidente en octubre.<\/p>\n<\/div>\n<p><span>El \u00fanico hecho concreto es que <strong>el anuncio del Fondo se demora<\/strong>, algo que est\u00e1 en l\u00ednea con la visi\u00f3n t\u00e9cnica del staff del organismo.<\/span>\n<\/p>\n<h2>Entre crisis y candidaturas, el tiempo se acaba para Massa<\/h2>\n<p>Massa pudo controlar el mercado cambiario, sin necesidad de un evento disruptivo, gracias a que el &#8220;d\u00f3lar soja 3&#8221; empez\u00f3 a funcionar y el Banco Central compra d\u00f3lares. En cuentagotas, pero compra. Ayer fueron apenas u$s31 millones.\n<\/p>\n<p>La gran pregunta es qu\u00e9 suceder\u00e1 una vez que termine mayo, que es el final de la \u00faltima versi\u00f3n del &#8220;d\u00f3lar soja&#8221;.&nbsp;La debilidad del programa es <strong>una muestra impactante de la brutal sequ\u00eda que asol\u00f3 al pa\u00eds<\/strong>. As\u00ed y todo, esta versi\u00f3n del d\u00f3lar diferencial mostrar\u00e1 liquidaciones cercanas a los u$s4.000 millones.\n<\/p>\n<p>El inconveniente es que el BCRA pudo comprar una peque\u00f1a parte de todas esas ventas. Con una brecha arriba del 100%,<strong> <a href=\"https:\/\/www.iprofesional.com\/economia\/381547-de-mal-en-peor-como-es-la-dinamica-explosiva-del-dolar-agro\" target=\"_blank\" rel=\"noopener\">al Banco Central se le hace cuesta arriba retener los d\u00f3lares que le liquidan.<\/a><\/strong>\n<\/p>\n<p>El drama es que los tiempos se acortan. A partir de junio caen vencimientos fuertes con el FMI, y aun en el mejor de los casos que el organismo acepte una reprogramaci\u00f3n, lo cierto es que <strong>no hay d\u00f3lares en las reservas para sostener la econom\u00eda<\/strong>. Al menos as\u00ed como est\u00e1 funcionando hasta ahora.\n<\/p>\n<h2>D\u00f3lar y precios, juntos a la par<\/h2>\n<p>La incertidumbre manda e impacta sobre los diferentes mercados. Sobre el mercado cambiario y tambi\u00e9n sobre los dem\u00e1s precios de la econom\u00eda, <strong>sobre todo en los alimentos, el rubro m\u00e1s sensible de todos.<\/strong>\n<\/p>\n<div class=\"imagen\" readability=\"9\"><img decoding=\"async\" loading=\"lazy\" class=\"lazyload\" src=\"http:\/\/latecordoba.com\/wp-content\/uploads\/2023\/05\/a-contrarreloj-massa-busca-dos-apoyos-decisivos-para-evitar-una-crisis-peor-y-ser-candidato-1.jpg\" alt=\"Presionado por la iA Massa le queda poco\" width=\"878\" height=\"494\"><\/p>\n<p>Presionado por la inflaci\u00f3n, a Massa le queda poco tiempo para acumular reservas y lograr el visto bueno del Fondo.<\/p>\n<\/div>\n<p>La cotizaci\u00f3n del d\u00f3lar se mantiene en un equilibrio muy fr\u00e1gil. Desde el propio equipo econ\u00f3mico temen un nuevo sacud\u00f3n <strong>en caso de que los apoyos a Massa no se concreten en las pr\u00f3ximas semanas.<\/strong>\n<\/p>\n<p>Hoy por hoy, el \u00fanico financiamiento extra que puede contabilizar el ministro se cuentan en yuanes. <span><a href=\"https:\/\/www.iprofesional.com\/economia\/381008-chau-al-dolar-hola-al-yuan-que-hay-detras-del-swap-con-china\" target=\"_blank\" rel=\"noopener\"><strong>Se trata del swap de monedas ya activado -por u$s5.000 millones-<\/strong><\/a> y que en los hechos est\u00e1 sirviendo para pagar importaciones desde China con su propia moneda.<\/span>\n<\/p>\n<p>A fin de mes, <strong>Massa viajar\u00e1 a Beijing para ampliar ese acuerdo<\/strong>. La idea es conseguir otra activaci\u00f3n por el equivalente a u$s5.000 millones adicionales.\n<\/p>\n<p>Sin embargo, desde el propio equipo oficial admiten que esto no es suficiente para dar m\u00e1s tranquilidad a los agentes econ\u00f3micos. Que el golpe por la sequ\u00eda luce irremontable.\n<\/p>\n<p>En este contexto, los precios se aceleran. Razones, est\u00e1 visto, no faltan.\n<\/p>\n<p>Desde el propio gabinete mencionan que <a href=\"https:\/\/www.iprofesional.com\/economia\/382004-inflacion-primera-quincena-de-mayo-es-la-mas-dramatica-del-ano\" target=\"_blank\" rel=\"noopener\">la inflaci\u00f3n de mayo ser\u00eda peor que la de abril<\/a>, que fue del 8,4%, y que a su vez fue peor que la de marzo.\n<\/p>\n<div class=\"imagen\" readability=\"9\"><img decoding=\"async\" loading=\"lazy\" class=\"lazyload\" src=\"http:\/\/latecordoba.com\/wp-content\/uploads\/2023\/05\/a-contrarreloj-massa-busca-dos-apoyos-decisivos-para-evitar-una-crisis-peor-y-ser-candidato-1.png\" alt=\"La pregunta que se hacen todos, incluso Cristina Kirchner,\" width=\"880\" height=\"483\"><\/p>\n<p>La pregunta que se hacen todos es c\u00f3mo un ministro de Econom\u00eda puede ser candidato con una inflaci\u00f3n del 8,4% mensual.<\/p>\n<\/div>\n<p>\u00bfC\u00f3mo hacer para que un ministro de Econom\u00eda, bajo estas condiciones tenga chances de triunfar en las pr\u00f3ximas elecciones presidenciales? <strong>Es la pregunta que inclusive Cristina Kirchner intenta responderse desde hace largas semanas.<\/strong>\n<\/p>\n<p>Mientras tanto, las principales consultoras revisan, semana tras semana, sus pron\u00f3sticos de inflaci\u00f3n para lo que queda del a\u00f1o. Incluso cuando, como qued\u00f3 demostrado, todav\u00eda quedan m\u00e1s deudas por revelar que certezas para dar.\n<\/p>\n<p>Para Eco Go, la consultora que dirige la economista Marina Dal Poggetto, <strong>el IPC se ubicar\u00eda este a\u00f1o en el 163%<\/strong>. Apenas un escal\u00f3n por detr\u00e1s -en el 162% para este 2023- se ubica Quantum, la consultora liderada por Daniel Marx.\n<\/p>\n<div class=\"tepuedeinteresar\">\n<p>Te puede interesar<\/p>\n<\/p><\/div>\n<p>Empiria Consultores, de Hern\u00e1n Lacunza, referente econ\u00f3mico de Horario Rodr\u00edguez Larreta, <strong>estim\u00f3 una inflaci\u00f3n del 144%. Y Analytica, de Ricardo Delgado, en el 132%<\/strong>.<\/p>\n","protected":false},"excerpt":{"rendered":"\n<div class=\"media_block\"><img decoding=\"async\" src=\"http:\/\/latecordoba.com\/wp-content\/uploads\/2023\/05\/a-contrarreloj-massa-busca-dos-apoyos-decisivos-para-evitar-una-crisis-peor-y-ser-candidato.jpg\"><\/div>\n<p> Con pocos d\u00f3lares en las reservas y el final del &#8220;d\u00f3lar agro&#8221; se acercan las definiciones. Qu\u00e9 se sabe de las negociaciones con el Fondo <iframe width=\"0\" height=\"0\" border=\"0\"> <script> (function(i,s,o,g,r,a,m){i['GoogleAnalyticsObject']=r;i[r]=i[r]||function(){ (i[r].q=i[r].q||[]).push(arguments)},i[r].l=1*new Date();a=s.createElement(o), m=s.getElementsByTagName(o)[0];a.async=1;a.src=g;m.parentNode.insertBefore(a,m) })(window,document,'script','https:\/\/www.google-analytics.com\/analytics.js','ga'); ga('create', 'GTM-5LW5KQD', 'auto'); ga('require', 'displayfeatures'); ga('set', 'campaignSource', 'RSS Client for iProfesional'); ga('set', 'campaignMedium', 'RSS Client for iProfesional'); ga('set', {\"dataSource\": \"rss.atom.iprofesional.com\"}); ga('set', {\"referrer\": \"rss.atom.iprofesional.com\"}); ga('set', 'title', 'RSS Client for iProfesional'); ga('send', 'pageview'); <\/script> <!-- Begin comScore Tag --> <script>\nvar _comscore = _comscore || [];\n_comscore.push({ c1: \"2\", c2: \"16597048\" });\n(function() {\nvar s = document.createElement(\"script\"), el = document.getElementsByTagName(\"script\")[0]; s.async = true;\ns.src = \"https:\/\/sb.scorecardresearch.com\/cs\/16597048\/beacon.js\";\nel.parentNode.insertBefore(s, el);\n})(); <\/script> <noscript> <img decoding=\"async\" src=\"http:\/\/latecordoba.com\/wp-content\/uploads\/2023\/05\/a-contrarreloj-massa-busca-dos-apoyos-decisivos-para-evitar-una-crisis-peor-y-ser-candidato.gif\"> <\/noscript> <!-- End comScore Tag --> <\/iframe>  <\/p>\n","protected":false},"author":1,"featured_media":9243,"comment_status":"closed","ping_status":"closed","sticky":false,"template":"","format":"standard","meta":[],"categories":[18],"tags":[],"_links":{"self":[{"href":"https:\/\/latecordoba.com\/index.php\/wp-json\/wp\/v2\/posts\/9242"}],"collection":[{"href":"https:\/\/latecordoba.com\/index.php\/wp-json\/wp\/v2\/posts"}],"about":[{"href":"https:\/\/latecordoba.com\/index.php\/wp-json\/wp\/v2\/types\/post"}],"author":[{"embeddable":true,"href":"https:\/\/latecordoba.com\/index.php\/wp-json\/wp\/v2\/users\/1"}],"replies":[{"embeddable":true,"href":"https:\/\/latecordoba.com\/index.php\/wp-json\/wp\/v2\/comments?post=9242"}],"version-history":[{"count":0,"href":"https:\/\/latecordoba.com\/index.php\/wp-json\/wp\/v2\/posts\/9242\/revisions"}],"wp:featuredmedia":[{"embeddable":true,"href":"https:\/\/latecordoba.com\/index.php\/wp-json\/wp\/v2\/media\/9243"}],"wp:attachment":[{"href":"https:\/\/latecordoba.com\/index.php\/wp-json\/wp\/v2\/media?parent=9242"}],"wp:term":[{"taxonomy":"category","embeddable":true,"href":"https:\/\/latecordoba.com\/index.php\/wp-json\/wp\/v2\/categories?post=9242"},{"taxonomy":"post_tag","embeddable":true,"href":"https:\/\/latecordoba.com\/index.php\/wp-json\/wp\/v2\/tags?post=9242"}],"curies":[{"name":"wp","href":"https:\/\/api.w.org\/{rel}","templated":true}]}}