{"id":9232,"date":"2023-05-23T11:18:21","date_gmt":"2023-05-23T11:18:21","guid":{"rendered":"https:\/\/www.puntal.com.ar\/martin-fierro\/se-conocio-quienes-conduciran-los-martin-fierro-la-television-n191485"},"modified":"2023-05-23T11:18:21","modified_gmt":"2023-05-23T11:18:21","slug":"se-conocio-quienes-conduciran-los-martin-fierro-de-la-television","status":"publish","type":"post","link":"https:\/\/latecordoba.com\/index.php\/2023\/05\/23\/se-conocio-quienes-conduciran-los-martin-fierro-de-la-television\/","title":{"rendered":"Se conoci\u00f3 qui\u00e9nes conducir\u00e1n los Mart\u00edn Fierro de la Televisi\u00f3n"},"content":{"rendered":"\n<div><img decoding=\"async\" src=\"http:\/\/latecordoba.com\/wp-content\/uploads\/2023\/05\/se-conocio-quienes-conduciran-los-martin-fierro-de-la-television.jpg\" class=\"ff-og-image-inserted\"><\/div>\n<div class=\"cuerpo\" data-twitter-link readability=\"32\">\n<p> De acuerdo a lo que inform\u00f3 el panelista de Instrusos, Marley fue llamado por las autoridades del canal, el viernes pasado, para notificarle del requerimiento de su presencia en la gala, que se realizar\u00e1 en el Hotel Hilton Buenos Aires: \u201cViaja, especialmente, para el evento\u201d, indicaron sobre el conductor, que se encuentra grabando \u201cSurvivor\u201d en Colombia.<\/p>\n<div contenteditable=\"false\" class=\"embed_cont type_freetext\" rel=\"freetext\" id=\"embed7004_wrap\" data-provider=\"YouTube\" readability=\"32\">\n<p> Guido Z\u00e1ffora revela qui\u00e9n ser\u00e1 el conductor de los Mart\u00edn Fierro<span onclick=\"parent.parent.TinyMCETdcuerpo.preview_embed('embed7004')\" class=\"embed_colapse less\" id=\"embed7004_colapse\"><\/span><span onclick=\"parent.parent.TinyMCETdcuerpo.delete_embed('embed7004')\" class=\"embed_delete less\" id=\"embed7004_delete\"><\/span><\/p>\n<div id=\"embed7004_content\" class=\"embed_content\">\n<p> <iframe loading=\"lazy\" width=\"200\" height=\"113\" src=\"https:\/\/www.youtube.com\/embed\/sFULM5mpOOY?feature=oembed\" frameborder=\"0\" allow=\"accelerometer; autoplay; clipboard-write; encrypted-media; gyroscope; picture-in-picture; web-share\" allowfullscreen title=\" Guido Z\u00e1ffora revela qui\u00e9n ser\u00e1 el conductor de los Mart\u00edn Fierro\">[embedded content]<\/iframe><\/p>\n<\/p><\/div>\n<\/p><\/div>\n<p>Si bien todav\u00eda no existe informaci\u00f3n confirmada al respecto, se sabe que ser\u00e1 una cobertura \u201c360\u2033, en la que se transmitir\u00e1 en simult\u00e1neo por las redes sociales, tal como lo viene haciendo Telefe, tanto en YouTube, Twitch e Instagram. Por otra parte, es probable que Marley no sea el encargado de conducir toda la ceremonia del Mart\u00edn Fierro,sino que ser\u00edan varios los que estar\u00edan al frente, con una programaci\u00f3n de aparici\u00f3n rotativa.<\/p>\n<\/div>\n","protected":false},"excerpt":{"rendered":"<p>\nEn Intrusos confirmaron qui\u00e9n ser\u00e1 la estrella que estar\u00e1 a cargo de la conducci\u00f3n de la ceremonia.  <\/p>\n","protected":false},"author":1,"featured_media":9233,"comment_status":"closed","ping_status":"closed","sticky":false,"template":"","format":"standard","meta":[],"categories":[14],"tags":[],"_links":{"self":[{"href":"https:\/\/latecordoba.com\/index.php\/wp-json\/wp\/v2\/posts\/9232"}],"collection":[{"href":"https:\/\/latecordoba.com\/index.php\/wp-json\/wp\/v2\/posts"}],"about":[{"href":"https:\/\/latecordoba.com\/index.php\/wp-json\/wp\/v2\/types\/post"}],"author":[{"embeddable":true,"href":"https:\/\/latecordoba.com\/index.php\/wp-json\/wp\/v2\/users\/1"}],"replies":[{"embeddable":true,"href":"https:\/\/latecordoba.com\/index.php\/wp-json\/wp\/v2\/comments?post=9232"}],"version-history":[{"count":0,"href":"https:\/\/latecordoba.com\/index.php\/wp-json\/wp\/v2\/posts\/9232\/revisions"}],"wp:featuredmedia":[{"embeddable":true,"href":"https:\/\/latecordoba.com\/index.php\/wp-json\/wp\/v2\/media\/9233"}],"wp:attachment":[{"href":"https:\/\/latecordoba.com\/index.php\/wp-json\/wp\/v2\/media?parent=9232"}],"wp:term":[{"taxonomy":"category","embeddable":true,"href":"https:\/\/latecordoba.com\/index.php\/wp-json\/wp\/v2\/categories?post=9232"},{"taxonomy":"post_tag","embeddable":true,"href":"https:\/\/latecordoba.com\/index.php\/wp-json\/wp\/v2\/tags?post=9232"}],"curies":[{"name":"wp","href":"https:\/\/api.w.org\/{rel}","templated":true}]}}