{"id":9211,"date":"2023-05-23T03:25:37","date_gmt":"2023-05-23T03:25:37","guid":{"rendered":"https:\/\/viapais.com.ar\/cordoba\/racing-no-puede-cortar-el-maleficio-ferro-se-empato-sobre-el-final-y-acumula-siete-sin-ganar\/"},"modified":"2023-05-23T03:25:37","modified_gmt":"2023-05-23T03:25:37","slug":"racing-no-puede-cortar-el-maleficio-ferro-se-empato-sobre-el-final-y-acumula-siete-sin-ganar","status":"publish","type":"post","link":"https:\/\/latecordoba.com\/index.php\/2023\/05\/23\/racing-no-puede-cortar-el-maleficio-ferro-se-empato-sobre-el-final-y-acumula-siete-sin-ganar\/","title":{"rendered":"Racing no puede cortar el maleficio: Ferro se empat\u00f3 sobre el final y acumula siete sin ganar"},"content":{"rendered":"<br \/>\n<section readability=\"32.674325100517\">\n<p>Incre\u00edble pero real. <a href=\"https:\/\/viapais.com.ar\/cordoba\/a-racing-se-le-escapo-otra-vez-estando-arriba-en-el-marcador-empate-con-riestra\/\" target=\"_blank\" rel=\"noopener\"><b>A Racing se le escap\u00f3 otro triunfo<\/b><\/a><b> en los minutos finales. <\/b>Le ganaba esforzadamente a <a href=\"https:\/\/viapais.com.ar\/cordoba\/la-lista-de-concentrados-de-racing-y-el-equipo-para-este-lunes-ante-ferro\/\" target=\"_blank\" rel=\"noopener\"><b>Ferro en Nueva Italia,<\/b><\/a> con anotaci\u00f3n de<b> Francisco Aman<\/b>, y<b> se lo empataron a los 45 del complemento<\/b>. Por la fecha 15 de la Primera Nacional, en una Zona B donde sigue de la mitad de la tabla para abajo.<\/p>\n<article class=\"article card \">\n<div class=\"article-inner \">\n<div class=\"article-image \"><a href=\"https:\/\/viapais.com.ar\/cordoba\/manuel-perez-la-presencia-de-la-tota-medina-en-el-partido-de-racing-y-que-refuerzos-vienen\/\" title=\"Partido de futbol Racing Hern\u00e1n Medina tecnico entrenador\"><\/p>\n<figure><picture><img decoding=\"async\" alt=\"Partido de futbol Racing Hern\u00e1n Medina tecnico entrenador\" class=\"lazyload block \" loading=\"lazy\" src=\"http:\/\/latecordoba.com\/wp-content\/uploads\/2023\/05\/racing-no-puede-cortar-el-maleficio-ferro-se-empato-sobre-el-final-y-acumula-siete-sin-ganar.png\" sizes=\"auto\" data-src=\"https:\/\/viapais.com.ar\/resizer\/TFb7S1lJ_RF5VaiN2_rsJlAqdqY=\/307x173\/smart\/filters:quality(75):format(webp)\/cloudfront-us-east-1.images.arcpublishing.com\/grupoclarin\/AOXAW2SGJNC4NNXSRHEUWQ2A4Q.JPG\" width=\"307px\" fetchpriority=\"low\" height=\"173px\"><\/picture><\/figure>\n<p><\/a><\/div>\n<\/div>\n<\/article>\n<p>El gol de la Academia fue por una<b> acrob\u00e1tica tijera de Panchito Aman, a los 8 minutos <\/b>del complemento y tras centro de<b> Santiago Rinaudo<\/b>. La igualdad para la visita lleg\u00f3 en <b>tiempo cumplido, por intermedio de Nahuel Arena.<\/b><\/p>\n<figure><picture><img alt=\"Racing y Ferro, en el Miguel Sancho, por la Primera Nacional. (Javier Ferreyra \/ La Voz)\" class=\"lazyload block \" loading=\"lazy\" sizes=\"auto\" data-src=\"http:\/\/latecordoba.com\/wp-content\/uploads\/2023\/05\/racing-no-puede-cortar-el-maleficio-ferro-se-empato-sobre-el-final-y-acumula-siete-sin-ganar.jpg\" width=\"1023px\" fetchpriority=\"low\" height=\"681px\"><\/picture><figcaption class>Racing y Ferro, en el Miguel Sancho, por la Primera Nacional. (Javier Ferreyra \/ La Voz) Foto: Javier Ferreyra<\/figcaption><\/figure>\n<article class=\"article card \">\n<div class=\"article-inner \">\n<div class=\"article-image \"><a href=\"https:\/\/viapais.com.ar\/cordoba\/racing-ferro-a-40-anos-de-la-noche-magica-en-que-la-academia-se-gano-el-premio-mayor\/\" title><\/p>\n<figure><picture><img decoding=\"async\" alt class=\"lazyload block \" loading=\"lazy\" src=\"http:\/\/latecordoba.com\/wp-content\/uploads\/2023\/05\/racing-no-puede-cortar-el-maleficio-ferro-se-empato-sobre-el-final-y-acumula-siete-sin-ganar.png\" sizes=\"auto\" data-src=\"https:\/\/viapais.com.ar\/resizer\/WolA8bcRraPKM2RSf1PltS0oNKE=\/307x173\/smart\/filters:quality(75):format(webp)\/cloudfront-us-east-1.images.arcpublishing.com\/grupoclarin\/NTT7LBPLHBGCPCWG5NYRLYLURU.jpg\" width=\"307px\" fetchpriority=\"low\" height=\"173px\"><\/picture><\/figure>\n<p><\/a><\/div>\n<\/div>\n<\/article>\n<p><b>Racing no gana desde la victoria sobre Chaco For Ever <\/b>por 2 a 0, en el Sancho. Despu\u00e9s empat\u00f3 con Mitre en Santiago, con Chacarita, perdi\u00f3 con Trist\u00e1n Su\u00e1rez, empat\u00f3 con Atlanta, perdi\u00f3 con Aldosivi e igual\u00f3 con Deportivo Riestra y ahora ante Ferro. <b>En total siete fechas.<\/b><\/p>\n<figure><picture><img alt=\"Racing y Ferro, en el Miguel Sancho, por la Primera Nacional. (Javier Ferreyra \/ La Voz)\" class=\"lazyload block \" loading=\"lazy\" sizes=\"auto\" data-src=\"http:\/\/latecordoba.com\/wp-content\/uploads\/2023\/05\/racing-no-puede-cortar-el-maleficio-ferro-se-empato-sobre-el-final-y-acumula-siete-sin-ganar-1.jpg\" width=\"1023px\" fetchpriority=\"low\" height=\"681px\"><\/picture><figcaption class>Racing y Ferro, en el Miguel Sancho, por la Primera Nacional. (Javier Ferreyra \/ La Voz) Foto: Javier Ferreyra<\/figcaption><\/figure>\n<p>En la pr\u00f3xima fecha la <b>Academia visitar\u00e1 a Gimnasia de Jujuy, el domingo 28 de mayo a las 17<\/b>, por la fecha 16. El Lobo est\u00e1 ubicado un par de puntos arriba de Racing en la tabla.<\/p>\n<h2 class><b>C\u00d3MO QUED\u00d3 RACING EN LA TABLA<\/b><\/h2>\n<p><b>Las siete fechas sin victoria<\/b>s, con cuatro empates y tres derrotas, desalojaron a Racing del lote del Reducido por el segundo ascenso. <b>Est\u00e1 12\u00b0 con 18 unidades, a 12 del puntero Deportivo Maip\u00fa; a dos de Mitre,<\/b> que es el \u00faltimo que entra al Reducido; y ocho puntos por encima del <b>colista, Chaco For Ever.<\/b><\/p>\n<\/section>\n<div class=\"noreadme-audima\">\n<h2>Temas Relacionados<\/h2>\n<\/div>\n","protected":false},"excerpt":{"rendered":"<p>Incre\u00edble pero real. A Racing se le escap\u00f3 otro triunfo en los minutos finales. Le ganaba esforzadamente a Ferro en Nueva Italia, con anotaci\u00f3n de Francisco Aman, y se lo empataron a los 45 del complemento. Por la fecha 15 de la Primera Nacional, en una Zona B donde sigue de la mitad de la [&hellip;]<\/p>\n","protected":false},"author":1,"featured_media":9212,"comment_status":"closed","ping_status":"closed","sticky":false,"template":"","format":"standard","meta":[],"categories":[15],"tags":[],"_links":{"self":[{"href":"https:\/\/latecordoba.com\/index.php\/wp-json\/wp\/v2\/posts\/9211"}],"collection":[{"href":"https:\/\/latecordoba.com\/index.php\/wp-json\/wp\/v2\/posts"}],"about":[{"href":"https:\/\/latecordoba.com\/index.php\/wp-json\/wp\/v2\/types\/post"}],"author":[{"embeddable":true,"href":"https:\/\/latecordoba.com\/index.php\/wp-json\/wp\/v2\/users\/1"}],"replies":[{"embeddable":true,"href":"https:\/\/latecordoba.com\/index.php\/wp-json\/wp\/v2\/comments?post=9211"}],"version-history":[{"count":0,"href":"https:\/\/latecordoba.com\/index.php\/wp-json\/wp\/v2\/posts\/9211\/revisions"}],"wp:featuredmedia":[{"embeddable":true,"href":"https:\/\/latecordoba.com\/index.php\/wp-json\/wp\/v2\/media\/9212"}],"wp:attachment":[{"href":"https:\/\/latecordoba.com\/index.php\/wp-json\/wp\/v2\/media?parent=9211"}],"wp:term":[{"taxonomy":"category","embeddable":true,"href":"https:\/\/latecordoba.com\/index.php\/wp-json\/wp\/v2\/categories?post=9211"},{"taxonomy":"post_tag","embeddable":true,"href":"https:\/\/latecordoba.com\/index.php\/wp-json\/wp\/v2\/tags?post=9211"}],"curies":[{"name":"wp","href":"https:\/\/api.w.org\/{rel}","templated":true}]}}