{"id":9209,"date":"2023-05-23T01:40:28","date_gmt":"2023-05-23T01:40:28","guid":{"rendered":"https:\/\/www.lapoliticaonline.com\/politica\/el-frente-renovador-le-pidio-a-alberto-que-convoque-a-la-coalicion-para-disenar-la-estrategia-electoral\/"},"modified":"2023-05-23T01:40:28","modified_gmt":"2023-05-23T01:40:28","slug":"el-frente-renovador-le-pidio-a-alberto-que-convoque-a-la-coalicion-para-disenar-la-estrategia-electoral","status":"publish","type":"post","link":"https:\/\/latecordoba.com\/index.php\/2023\/05\/23\/el-frente-renovador-le-pidio-a-alberto-que-convoque-a-la-coalicion-para-disenar-la-estrategia-electoral\/","title":{"rendered":"El Frente Renovador le pidi\u00f3 a Alberto que convoque a la coalici\u00f3n para dise\u00f1ar la estrategia electoral"},"content":{"rendered":"\n<div id=\"vsmcontent\" readability=\"114.18268575324\">\n<p>El Frente Renovador le pidi\u00f3 a Alberto Fern\u00e1ndez que -en tanto titular del PJ- convoque a la coalici\u00f3n de gobierno para dise\u00f1ar una estrategia electoral. En un duro comunicado difundido en la noche del lunes, el partido de Sergio Massa le exigi\u00f3 &#8220;generosidad&#8221; al Presidente.<\/p>\n<p>&#8220;Solicitamos al presidente del Partido Justicialista que convoque a los principales referentes de la coalici\u00f3n a los efectos de discutir y dise\u00f1ar, en conjunto, la mejor estrategia de cara a este proceso eleccionario&#8221;, dice el texto que lleva la firma de Rub\u00e9n Eslaiman, Pablo Mirolo, Cecilia Moreau, Carlos Selva, Juan Andreotti y Mariano Arcioni.<\/p>\n<p>El pedido de la fuerza a Alberto, llega d\u00edas despu\u00e9s de que el propio Massa advirtiera que definir\u00e1 el 10 de junio si el Frente Renovador <a href=\"https:\/\/www.lapoliticaonline.com\/politica\/sergio-massa-reunio-al-frente-renovador-ya-mostramos-adentro-de-la-coalicion-que-no-especulamos\/\">sigue formando parte<\/a> del Frente de Todos. <\/p>\n<p>Este lunes, M\u00e1ximo Kirchner estuvo reunido con dirigentes del Frente Renovador en el despacho de Moreau en Diputados. All\u00ed se trabaj\u00f3 en coordinar la movilizaci\u00f3n para el acto del jueves en Plaza de Mayo. La fuerza de Massa asistir\u00e1 con a la plaza con una columna de militantes. <\/p>\n<p><a href=\"https:\/\/www.lapoliticaonline.com\/tools\/redirect.php?t=3&amp;i=259361&amp;s=3ec09f193ff203c0d7e8edaf3471e9f8\" class=\"link-type-content content-type-noticia-ar\">Una foto de Wado con los intendentes bonaerenses aliment\u00f3 las versiones de un enroque con Kicillof<\/a><\/p>\n<p>Fue un d\u00eda de reuniones fren\u00e9ticas y rumores cruzados. Esta noche trascendi\u00f3 que Cristina Kirchner podr\u00eda anunciar candidato antes del acto del jueves en la plaza.<\/p>\n<p>El comunicado retoma algunas frases de Massa durante el plenario del Frente Renovador del viernes. Afirma que en 2019, Cristina Kirchner era la candidata con mayor representatividad y que cedi\u00f3 espacio para construir una coalici\u00f3n amplia. &#8220;De cara a estas elecciones, aspiramos a que se manifieste el mismo esp\u00edritu de unidad y generosidad para construir una estrategia competitiva&#8221;, agrega.<\/p>\n<figure class=\"vsmimage\" contenteditable=\"false\"><img decoding=\"async\" loading=\"lazy\" alt=\"El Frente Renovador le pidi\u00f3 a Alberto que convoque a la coalici\u00f3n para dise\u00f1ar la estrategia electoral\" data-vsmid=\"190163\" data-owidth=\"4692\" data-oheight=\"3128\" src=\"data:image\/png;base64,iVBORw0KGgoAAAANSUhEUgAAA7gAAAJ7AQMAAADz\/K+2AAAAA1BMVEUAAACnej3aAAAAAXRSTlMAQObYZgAAAGFJREFUeJztwTEBAAAAwqD1T20KP6AAAAAAAAAAAAAAAAAAAAAAAAAAAAAAAAAAAAAAAAAAAAAAAAAAAAAAAAAAAAAAAAAAAAAAAAAAAAAAAAAAAAAAAAAAAAAAAAAAgJcBKbcAAQdqXSEAAAAASUVORK5CYII=\" vsmidos=\"1\" vsmsrc=\"\/files\/image\/190\/190163\/646c1a1c40a80_th.jpg\" width=\"952\" height=\"635\"><\/figure>\n<p>Adem\u00e1s, hace un relato heroico de la gesti\u00f3n de Massa en el ministerio de Econom\u00eda y afirma que el Frente Renovador &#8220;ofreci\u00f3 a uno de sus mejores cuadros&#8221; para asumir el control de la econom\u00eda &#8220;en uno de los momentos m\u00e1s \u00e1lgidos y delicados que le toc\u00f3 atravesar al pa\u00eds en los \u00faltimos tiempos&#8221;. <\/p>\n<p><a href=\"https:\/\/www.lapoliticaonline.com\/tools\/redirect.php?t=3&amp;i=259219&amp;s=f72cbb68508f19c7514d7f3659b41121\" class=\"link-type-content content-type-noticia-ar\">Massa advirti\u00f3 que tiene que analizar si sigue en el Frente de Todos<\/a><\/p>\n<p>&#8220;Cuando muchos hablaban de asamblea legislativa y helic\u00f3ptero, se abandon\u00f3 la comodidad del di\u00e1logo parlamentario para pasar a la acci\u00f3n, logrando contener la crisis&#8221;, plantea el texto en referencia al rol que ten\u00eda Massa hasta entonces como presidente de la C\u00e1mara de Diputados.<\/p>\n<p>El texto lanza adem\u00e1s -aunque sin nombrarlo- un mensaje a Alberto: &#8220;De cara a estas elecciones, aspiramos a que se manifieste el mismo esp\u00edritu de unidad y generosidad para construir una estrategia competitiva&#8221;.<\/p>\n<p>En ese sentido, la fuerza pol\u00edtica de Massa le pide al Presidente que, &#8220;como la fuerza pol\u00edtica m\u00e1s importante del Frente de Todos, que convoque a los principales referentes de la coalici\u00f3n de manera individual, as\u00ed como tambi\u00e9n a una mesa de fuerzas pol\u00edticas&#8221;.<\/p>\n<\/div>\n<p><strong>Copyright La Politica Online SA 2023.<\/strong><br \/>Por favor no corte ni pegue en la web nuestras notas, tiene la posibilidad de redistribuirlas usando nuestras herramientas.<\/p>\n","protected":false},"excerpt":{"rendered":"<p> M\u00e1ximo se reuni\u00f3 con dirigentes de Massa en el Congreso para organizar la movilizaci\u00f3n del jueves.  <\/p>\n","protected":false},"author":1,"featured_media":9210,"comment_status":"closed","ping_status":"closed","sticky":false,"template":"","format":"standard","meta":[],"categories":[18],"tags":[],"_links":{"self":[{"href":"https:\/\/latecordoba.com\/index.php\/wp-json\/wp\/v2\/posts\/9209"}],"collection":[{"href":"https:\/\/latecordoba.com\/index.php\/wp-json\/wp\/v2\/posts"}],"about":[{"href":"https:\/\/latecordoba.com\/index.php\/wp-json\/wp\/v2\/types\/post"}],"author":[{"embeddable":true,"href":"https:\/\/latecordoba.com\/index.php\/wp-json\/wp\/v2\/users\/1"}],"replies":[{"embeddable":true,"href":"https:\/\/latecordoba.com\/index.php\/wp-json\/wp\/v2\/comments?post=9209"}],"version-history":[{"count":0,"href":"https:\/\/latecordoba.com\/index.php\/wp-json\/wp\/v2\/posts\/9209\/revisions"}],"wp:featuredmedia":[{"embeddable":true,"href":"https:\/\/latecordoba.com\/index.php\/wp-json\/wp\/v2\/media\/9210"}],"wp:attachment":[{"href":"https:\/\/latecordoba.com\/index.php\/wp-json\/wp\/v2\/media?parent=9209"}],"wp:term":[{"taxonomy":"category","embeddable":true,"href":"https:\/\/latecordoba.com\/index.php\/wp-json\/wp\/v2\/categories?post=9209"},{"taxonomy":"post_tag","embeddable":true,"href":"https:\/\/latecordoba.com\/index.php\/wp-json\/wp\/v2\/tags?post=9209"}],"curies":[{"name":"wp","href":"https:\/\/api.w.org\/{rel}","templated":true}]}}