{"id":9187,"date":"2023-05-22T16:27:26","date_gmt":"2023-05-22T16:27:26","guid":{"rendered":"https:\/\/www.puntal.com.ar\/antonio\/llanto-desconsolado-antonio-al-quedar-afuera-masterchef-n191438"},"modified":"2023-05-22T16:27:26","modified_gmt":"2023-05-22T16:27:26","slug":"llanto-desconsolado-de-antonio-al-quedar-afuera-de-masterchef","status":"publish","type":"post","link":"https:\/\/latecordoba.com\/index.php\/2023\/05\/22\/llanto-desconsolado-de-antonio-al-quedar-afuera-de-masterchef\/","title":{"rendered":"Llanto desconsolado de Antonio al quedar afuera de MasterChef"},"content":{"rendered":"\n<div><img decoding=\"async\" src=\"http:\/\/latecordoba.com\/wp-content\/uploads\/2023\/05\/llanto-desconsolado-de-antonio-al-quedar-afuera-de-masterchef.jpg\" class=\"ff-og-image-inserted\"><\/div>\n<div class=\"cuerpo\" data-twitter-link readability=\"33.331828442438\">\n<p> Al escuchar que era \u00e9l quien deb\u00eda abandonar la competencia, el joven que estudiaba enfermer\u00eda antes de ingresar a <strong>&#8216;MasterChef Argentina&#8217; <\/strong>se fundi\u00f3 en un abrazo con <strong>Silvana y Rodrigo, <\/strong>quienes tambi\u00e9n lloraron por la eliminaci\u00f3n de su compa\u00f1ero.<\/p>\n<div contenteditable=\"false\" class=\"embed_cont type_freetext\" rel=\"freetext\" id=\"embed2912_wrap\" data-provider=\"YouTube\" readability=\"32\">\n<p> Antonio qued\u00f3 eliminado de Masterchef Argentina 2023<span onclick=\"parent.parent.TinyMCETdcuerpo.preview_embed('embed2912')\" class=\"embed_colapse less\" id=\"embed2912_colapse\"><\/span><span onclick=\"parent.parent.TinyMCETdcuerpo.delete_embed('embed2912')\" class=\"embed_delete less\" id=\"embed2912_delete\"><\/span><\/p>\n<div id=\"embed2912_content\" class=\"embed_content\">\n<p> <iframe loading=\"lazy\" width=\"200\" height=\"113\" src=\"https:\/\/www.youtube.com\/embed\/1xAN2VDRB0U?feature=oembed\" frameborder=\"0\" allow=\"accelerometer; autoplay; clipboard-write; encrypted-media; gyroscope; picture-in-picture; web-share\" allowfullscreen title=\"Antonio qued\u00f3 eliminado de Masterchef Argentina 2023\">[embedded content]<\/iframe><\/p>\n<\/p><\/div>\n<\/p><\/div>\n<p><strong>&#8220;Es un golpe duro esto. La verdad creo que nadie quiere quedar eliminado y estoy un poco decepcionado conmigo mismo&#8221;<\/strong>, dijo <strong>Antonio<\/strong> frente a la c\u00e1mara notablemente triste por lo ocurrido.<\/p>\n<p>&#8220;Me llegan al coraz\u00f3n las palabras de los chefs. Ellos contaron su historia y me siento reflejado. Ojal\u00e1 alg\u00fan d\u00eda pueda tener el \u00e9xito que tienen ellos. No pude llegar hasta el final pero los sue\u00f1os s\u00ed se cumplen. Siempre me imagin\u00e9 ac\u00e1 y lo logr\u00e9. Si tengo otra oportunidad no la voy a desaprovechar, voy a seguir estudiando&#8221;, agreg\u00f3 tambi\u00e9n luego de que reprodujeran las palabras que le dedicaron <strong>Donato De Santis, Dami\u00e1n Betular y Germ\u00e1n Martitegui.<\/strong><\/p>\n<p>Adem\u00e1s de <strong>Antonio y los participantes, Wanda Nara tambi\u00e9n se quebr\u00f3 <\/strong>por la eliminaci\u00f3n del salte\u00f1o, a quien le dio un tierno abrazo y le dese\u00f3 lo mejor. &#8220;Creo que Wanda Nara fue una de las personas que m\u00e1s me contuvo en este programa&#8221;, dijo el ahora exparticipante de &#8216;MasterChef Argentina&#8217; destacando su v\u00ednculo con la medi\u00e1tica.<\/p>\n<div contenteditable=\"false\" class=\"embed_cont type_freetext\" rel=\"freetext\" id=\"embed6009_wrap\" data-provider=\"facebook\" readability=\"30.531914893617\">\n<p> https:\/\/graph.facebook.com\/v8.0\/instagram_oembed?url=https%3A%2F%2Fwww.instagram.com%2Freel%2FCsh-zWsNM-U%2F%3Futm_source%3Dig_web_copy_link&amp;igshid=MzRlODBiNWFlZA%3D%3D&amp;access_token=EAAGZAH4sEtVABAFwTt8RdeS6fWPVy0Gw1HrRJbompNiAXconKp8ZB0ZBJvMlb86hvZB0zPuzbZA7jHBt7sB6rsGLqsnxShlQu8QUNYNYkfKpR0QTWubhxV1iCuGFJqewyqGee2ro0PdLZCaw58TNdZBZAq3fRVPCx4WdBpFZBqEyUjjRUQij7Lc82m9blANa2Jy0ZD<span onclick=\"parent.parent.TinyMCETdcuerpo.preview_embed('embed6009')\" class=\"embed_colapse less\" id=\"embed6009_colapse\"><\/span><span onclick=\"parent.parent.TinyMCETdcuerpo.delete_embed('embed6009')\" class=\"embed_delete less\" id=\"embed6009_delete\"><\/span><\/p>\n<\/p><\/div>\n<\/p><\/div>\n","protected":false},"excerpt":{"rendered":"<p>\nEn la octava gala de eliminaci\u00f3n del reality de Telefe fue Antonio L\u00f3pez quien se tuvo que despedir de las cocinas.  <\/p>\n","protected":false},"author":1,"featured_media":9188,"comment_status":"closed","ping_status":"closed","sticky":false,"template":"","format":"standard","meta":[],"categories":[14],"tags":[],"_links":{"self":[{"href":"https:\/\/latecordoba.com\/index.php\/wp-json\/wp\/v2\/posts\/9187"}],"collection":[{"href":"https:\/\/latecordoba.com\/index.php\/wp-json\/wp\/v2\/posts"}],"about":[{"href":"https:\/\/latecordoba.com\/index.php\/wp-json\/wp\/v2\/types\/post"}],"author":[{"embeddable":true,"href":"https:\/\/latecordoba.com\/index.php\/wp-json\/wp\/v2\/users\/1"}],"replies":[{"embeddable":true,"href":"https:\/\/latecordoba.com\/index.php\/wp-json\/wp\/v2\/comments?post=9187"}],"version-history":[{"count":0,"href":"https:\/\/latecordoba.com\/index.php\/wp-json\/wp\/v2\/posts\/9187\/revisions"}],"wp:featuredmedia":[{"embeddable":true,"href":"https:\/\/latecordoba.com\/index.php\/wp-json\/wp\/v2\/media\/9188"}],"wp:attachment":[{"href":"https:\/\/latecordoba.com\/index.php\/wp-json\/wp\/v2\/media?parent=9187"}],"wp:term":[{"taxonomy":"category","embeddable":true,"href":"https:\/\/latecordoba.com\/index.php\/wp-json\/wp\/v2\/categories?post=9187"},{"taxonomy":"post_tag","embeddable":true,"href":"https:\/\/latecordoba.com\/index.php\/wp-json\/wp\/v2\/tags?post=9187"}],"curies":[{"name":"wp","href":"https:\/\/api.w.org\/{rel}","templated":true}]}}