{"id":9176,"date":"2023-05-22T09:35:00","date_gmt":"2023-05-22T09:35:00","guid":{"rendered":"https:\/\/viapais.com.ar\/rafaela\/presentan-libro-economia-para-sostener-la-vida\/"},"modified":"2023-05-22T09:35:00","modified_gmt":"2023-05-22T09:35:00","slug":"presentan-libro-economia-para-sostener-la-vida","status":"publish","type":"post","link":"https:\/\/latecordoba.com\/index.php\/2023\/05\/22\/presentan-libro-economia-para-sostener-la-vida\/","title":{"rendered":"Presentan libro \u201cEconom\u00eda para sostener la vida\u201d"},"content":{"rendered":"\n<div><img decoding=\"async\" src=\"http:\/\/latecordoba.com\/wp-content\/uploads\/2023\/05\/presentan-libro-economia-para-sostener-la-vida.jpg\" class=\"ff-og-image-inserted\"><\/div>\n<section readability=\"53\">\n<p>Hace meses atr\u00e1s, el Instituto Patria (Buenos Aires) organiz\u00f3 un Seminario titulado \u201cLos derechos de la comunidad organizada, justa y feminista\u201d. En ese marco, el espacio cultural Tiza y Karb\u00f3n habilit\u00f3 sus instalaciones para que, quienes quisieran, accedieran a la capacitaci\u00f3n de manera comunitaria. Una de las disertantes, entonces, fue Luc\u00eda Cirmi Ob\u00f3n, quien ofreci\u00f3 una ponencia sumamente interesante en relaci\u00f3n al enorme aporte que las mujeres realizan a la econom\u00eda. Luego del inter\u00e9s generado, desde la organizaci\u00f3n local se tom\u00f3 conocimiento del libro que Cirmi Ob\u00f3n estaba presentando y as\u00ed se la contact\u00f3 para que pueda visitar la ciudad y presentar \u201cEconom\u00eda para sostener la vida\u201d. <\/p>\n<p>Tambi\u00e9n se generaron articulaciones para que la autora y funcionaria nacional pueda sumar otras acciones a su agenda. <\/p>\n<h2 class><b>Econom\u00eda para sostener la vida<\/b><\/h2>\n<p>El libro se propone recorrer la econom\u00eda con lentes violetas, para democratizarla y acercarla a los problemas urgentes. \u00bfQu\u00e9 tienen los feminismos que decirle a la econom\u00eda? \u00bfC\u00f3mo es que la perspectiva feminista atraviesa todos los t\u00f3picos que est\u00e1n a diario en la televisi\u00f3n, en esa econom\u00eda llena de n\u00fameros y palabras que nos suenan extra\u00f1os? \u00bfC\u00f3mo se cruzan la agenda feminista y la agenda econ\u00f3mica en el siglo XXI? \u00bfC\u00f3mo se cruza nuestra vida \u00abprivada\u00bb con esas decisiones macroecon\u00f3micas tan lejanas? Y ahora que las consignas del feminismo ya est\u00e1n en la calle\u2026 \u00bfc\u00f3mo se construye una econom\u00eda feminista?, \u00bfes posible armar una econom\u00eda completamente de acuerdo con sus principios?, \u00bfqu\u00e9 efecto tendr\u00eda esa transformaci\u00f3n en el resto de nuestra vida?<\/p>\n<p>El resultado es un texto de f\u00e1cil comprensi\u00f3n que facilitar\u00e1 a cualquier persona interesada adentrarse en un tema crucial de nuestros d\u00edas, con un objetivo claro: devolverle la econom\u00eda a la gente.<\/p>\n<h2 class><b>Sobre la autora<\/b><\/h2>\n<p>Luc\u00eda Cirmi Ob\u00f3n es economista magna cum laude de la Universidad de Buenos Aires y magister en estudios del desarrollo del International Institute of Social Studies (Pa\u00edses Bajos). Estudi\u00f3 tambi\u00e9n la maestr\u00eda en pol\u00edticas p\u00fablicas en FLACSO. Desde muy joven se desempe\u00f1\u00f3 en la pol\u00edtica p\u00fablica. Trabaj\u00f3 en el dise\u00f1o y ejecuci\u00f3n del programa para j\u00f3venes PROGRESAR as\u00ed como en otras pol\u00edticas sociales y econ\u00f3micas, tanto en el Ministerio de Econom\u00eda como en el Congreso Nacional. Hoy, como subsecretaria de Pol\u00edticas de Igualdad del primer Ministerio de las Mujeres, G\u00e9neros y Diversidad de Argentina, lidera la Mesa Interministerial de Pol\u00edticas de Cuidado y el comit\u00e9 del programa REGISTRADAS. Es investigadora del Centro Cultural de la Cooperaci\u00f3n, docente universitaria e integrante del colectivo de economistas feministas Paridad en la Macro. Piensa que todos los t\u00edtulos antes mencionados no valen nada si no est\u00e1n puestos al servicio de una sociedad m\u00e1s igualitaria, en todos los sentidos.<\/p>\n<p>La presentaci\u00f3n del libro est\u00e1 prevista para el martes 23 de mayo a las 18, con entrada libre, en instalaciones de Tiza y Karb\u00f3n Espacio Cultural, sito en Bv. Lehmann 683 de Rafaela. En la oportunidad, el libro de Editorial Akal estar\u00e1 a la venta, mediante un stand de la librer\u00eda Faber, que los tendr\u00e1 a disposici\u00f3n del p\u00fablico.<\/p>\n<\/section>\n","protected":false},"excerpt":{"rendered":"<p>Hace meses atr\u00e1s, el Instituto Patria (Buenos Aires) organiz\u00f3 un Seminario titulado \u201cLos derechos de la comunidad organizada, justa y feminista\u201d. En ese marco, el espacio cultural Tiza y Karb\u00f3n habilit\u00f3 sus instalaciones para que, quienes quisieran, accedieran a la capacitaci\u00f3n de manera comunitaria. Una de las disertantes, entonces, fue Luc\u00eda Cirmi Ob\u00f3n, quien ofreci\u00f3 [&hellip;]<\/p>\n","protected":false},"author":1,"featured_media":9177,"comment_status":"closed","ping_status":"closed","sticky":false,"template":"","format":"standard","meta":[],"categories":[15],"tags":[],"_links":{"self":[{"href":"https:\/\/latecordoba.com\/index.php\/wp-json\/wp\/v2\/posts\/9176"}],"collection":[{"href":"https:\/\/latecordoba.com\/index.php\/wp-json\/wp\/v2\/posts"}],"about":[{"href":"https:\/\/latecordoba.com\/index.php\/wp-json\/wp\/v2\/types\/post"}],"author":[{"embeddable":true,"href":"https:\/\/latecordoba.com\/index.php\/wp-json\/wp\/v2\/users\/1"}],"replies":[{"embeddable":true,"href":"https:\/\/latecordoba.com\/index.php\/wp-json\/wp\/v2\/comments?post=9176"}],"version-history":[{"count":0,"href":"https:\/\/latecordoba.com\/index.php\/wp-json\/wp\/v2\/posts\/9176\/revisions"}],"wp:featuredmedia":[{"embeddable":true,"href":"https:\/\/latecordoba.com\/index.php\/wp-json\/wp\/v2\/media\/9177"}],"wp:attachment":[{"href":"https:\/\/latecordoba.com\/index.php\/wp-json\/wp\/v2\/media?parent=9176"}],"wp:term":[{"taxonomy":"category","embeddable":true,"href":"https:\/\/latecordoba.com\/index.php\/wp-json\/wp\/v2\/categories?post=9176"},{"taxonomy":"post_tag","embeddable":true,"href":"https:\/\/latecordoba.com\/index.php\/wp-json\/wp\/v2\/tags?post=9176"}],"curies":[{"name":"wp","href":"https:\/\/api.w.org\/{rel}","templated":true}]}}