{"id":9174,"date":"2023-05-19T14:38:47","date_gmt":"2023-05-19T14:38:47","guid":{"rendered":"https:\/\/www.eldiariodeturismo.com.ar\/?p=230229"},"modified":"2023-05-19T14:38:47","modified_gmt":"2023-05-19T14:38:47","slug":"bases-del-concurso-de-fotografia-malaga-en-la-mirada","status":"publish","type":"post","link":"https:\/\/latecordoba.com\/index.php\/2023\/05\/19\/bases-del-concurso-de-fotografia-malaga-en-la-mirada\/","title":{"rendered":"Bases del Concurso de Fotograf\u00eda \u00abM\u00e1laga en la Mirada\u00bb"},"content":{"rendered":"<br \/>\n<h2><strong>Leica Camera Iberia<\/strong><\/h2>\n<p><img decoding=\"async\" loading=\"lazy\" class=\"aligncenter wp-image-230235 size-full\" src=\"http:\/\/latecordoba.com\/wp-content\/uploads\/2023\/05\/bases-del-concurso-de-fotografia-malaga-en-la-mirada.jpg\" alt width=\"500\" height=\"354\" srcset=\"http:\/\/latecordoba.com\/wp-content\/uploads\/2023\/05\/bases-del-concurso-de-fotografia-malaga-en-la-mirada.jpg 500w, https:\/\/www.eldiariodeturismo.com.ar\/wp-content\/uploads\/2023\/05\/ConcursoMalagaMirada-CartelA4-ES-v03-03-300x212.jpg 300w\" sizes=\"(max-width: 500px) 100vw, 500px\"><\/p>\n<h3>&nbsp;<\/h3>\n<p><!-- [if !supportLists]--><span lang=\"ES-TRAD\">1.<span>&nbsp; &nbsp;<\/span><\/span><span lang=\"ES-TRAD\">Objeto<\/span><\/p>\n<p class=\"MsoNormal\"><span lang=\"ES-TRAD\">Con motivo del 50 aniversario de la muerte de Pablo Picasso, se convoca el Premio de Fotograf\u00eda \u2018M\u00e1laga en la mirada\u2019, con el fin de seleccionar los mejores trabajos fotogr\u00e1ficos que pongan en valor la ciudad de M\u00e1laga, donde naci\u00f3 el pintor, desde cualquier perspectiva art\u00edstica que utilice la fotograf\u00eda como medio expresivo.<\/span><\/p>\n<p class=\"MsoNormal\"><span lang=\"ES-TRAD\">&nbsp;<\/span><\/p>\n<p class=\"MsoListParagraph\"><!-- [if !supportLists]--><span lang=\"ES-TRAD\">2.<span>&nbsp;&nbsp;&nbsp;&nbsp;&nbsp; <\/span><\/span><!--[endif]--><span lang=\"ES-TRAD\">Requisitos de participaci\u00f3n<\/span><\/p>\n<p class=\"MsoNormal\"><span lang=\"ES-TRAD\">&nbsp;<\/span><span lang=\"ES-TRAD\">Pueden participar en el Premio de Fotograf\u00eda <\/span><span lang=\"ES-TRAD\">\u2018M\u00e1laga en la mirada\u2019 todas aquellas personas mayores de 18 a\u00f1os que lo deseen, sin limitaci\u00f3n de nacionalidad o lugar de residencia.<\/span><\/p>\n<p class=\"MsoNormal\"><span lang=\"ES-TRAD\">&nbsp;<\/span><\/p>\n<p class=\"MsoListParagraph\"><!-- [if !supportLists]--><span lang=\"ES-TRAD\">3.<span>&nbsp;&nbsp;&nbsp;&nbsp;&nbsp; <\/span><\/span><!--[endif]--><span lang=\"ES-TRAD\">Presentaci\u00f3n de propuestas<\/span><\/p>\n<p class=\"MsoNormal\"><span lang=\"ES-TRAD\">La tem\u00e1tica deber\u00e1 incluir la ciudad de M\u00e1laga como motivo, acept\u00e1ndose cualquier disciplina dentro de la fotograf\u00eda: paisaje, retrato, bodeg\u00f3n, calle, etc. Se plantea como un homenaje a la ciudad natal de Picasso. El participante deber\u00e1 ser el \u00fanico propietario de los derechos de autor de la obra.<\/span><\/p>\n<p class=\"MsoNormal\"><span lang=\"ES-TRAD\">Podr\u00e1n presentarse fotograf\u00edas individuales o series fotogr\u00e1ficas (con un m\u00ednimo de 3 y un m\u00e1ximo de <\/span><span lang=\"ES-TRAD\">6 im\u00e1genes). No se podr\u00e1n presentar como fotograf\u00edas individuales aquellas que formen parte de una serie presentada al concurso. Cada participante podr\u00e1 presentar como m\u00e1ximo tres fotograf\u00edas individuales y\/o una serie fotogr\u00e1fica.<\/span><\/p>\n<p class=\"MsoNormal\"><span lang=\"ES-TRAD\">Se aceptan fotograf\u00edas en color o blanco y negro, as\u00ed como fotomontajes, collages y cualquier otra t\u00e9cnica y disciplina que utilice la fotograf\u00eda como herramienta.<\/span><\/p>\n<p class=\"MsoNormal\"><span lang=\"ES-TRAD\">Las fotograf\u00edas presentadas, tanto individuales como series, no podr\u00e1n haber sido premiadas en ning\u00fan otro certamen, nacional o internacional.<\/span><\/p>\n<p class=\"MsoNormal\"><span lang=\"ES-TRAD\">&nbsp;<\/span><\/p>\n<p class=\"MsoListParagraph\"><!-- [if !supportLists]--><span lang=\"ES-TRAD\">4.<span>&nbsp;&nbsp;&nbsp;&nbsp;&nbsp; <\/span><\/span><!--[endif]--><span lang=\"ES-TRAD\">Requisitos t\u00e9cnicos y presentaci\u00f3n de solicitudes<\/span><\/p>\n<p class=\"MsoNormal\"><span lang=\"ES-TRAD\">&nbsp;<\/span><span lang=\"ES-TRAD\">Para participar en el <\/span><span lang=\"ES-TRAD\">Premio de Fotograf\u00eda \u2018M\u00e1laga en la mirada\u2019, el participante deber\u00e1 remitirla documentaci\u00f3n que se indica a continuaci\u00f3n, junto con la propuesta que presente a concurso.<\/span><\/p>\n<p class=\"MsoNormal\"><span lang=\"ES-TRAD\">&nbsp;<\/span><\/p>\n<p class=\"MsoNormal\"><span lang=\"ES-TRAD\">La forma de enviar el dossier junto al trabajo presentado ser\u00e1 a trav\u00e9s de la plataforma <\/span><span lang=\"ES-TRAD\">PICTER<\/span><\/p>\n<p class=\"MsoNormal\"><span lang=\"ES-TRAD\">Documentaci\u00f3n a presentar:<\/span><\/p>\n<p class=\"MsoListParagraphCxSpFirst\"><!-- [if !supportLists]--><span lang=\"ES-TRAD\">\u00b7<span>&nbsp;&nbsp;&nbsp;&nbsp;&nbsp;&nbsp;&nbsp;&nbsp; <\/span><\/span><!--[endif]--><span lang=\"ES-TRAD\">Nombre, apellidos, n\u00famero de tel\u00e9fono y correo electr\u00f3nico del participante.<\/span><\/p>\n<p class=\"MsoListParagraphCxSpMiddle\"><!-- [if !supportLists]--><span lang=\"ES-TRAD\">\u00b7<span>&nbsp;&nbsp;&nbsp;&nbsp;&nbsp;&nbsp;&nbsp;&nbsp; <\/span><\/span><!--[endif]--><span lang=\"ES-TRAD\">T\u00edtulo y breve descripci\u00f3n del trabajo (m\u00e1ximo 100 palabras)<\/span><\/p>\n<p class=\"MsoListParagraphCxSpLast\"><!-- [if !supportLists]--><span lang=\"ES-TRAD\">\u00b7<span>&nbsp;&nbsp;&nbsp;&nbsp;&nbsp;&nbsp;&nbsp;&nbsp; <\/span><\/span><!--[endif]--><span lang=\"ES-TRAD\">Las fotograf\u00edas presentadas ser\u00e1n archivos jpeg, cuyo lado m\u00e1s largo deber\u00e1 tener un m\u00ednimo de 1.500 p\u00edxeles a 72 dpi comprimidas en calidad 8.<\/span><\/p>\n<p class=\"MsoNormal\"><span lang=\"ES-TRAD\">No se aceptar\u00e1n propuestas que no cumplan los requisitossolicitados.<\/span><\/p>\n<p class=\"MsoListParagraph\"><!-- [if !supportLists]--><span lang=\"ES-TRAD\">5.<span>&nbsp;&nbsp;&nbsp;&nbsp;&nbsp; <\/span><\/span><!--[endif]--><span lang=\"ES-TRAD\">Plazo<\/span><span lang=\"ES-TRAD\">&nbsp;<\/span><\/p>\n<p class=\"MsoNormal\"><span lang=\"ES-TRAD\">El plazo de entrega de trabajos ser\u00e1 desde el 8 de abril al 8 de junio de 2023<\/span><span lang=\"ES-TRAD\">. No <\/span><span lang=\"ES-TRAD\">se tendr\u00e1n en cuenta aquellas participaciones que se realicen con posterioridad a esta fecha.<\/span><\/p>\n<p class=\"MsoNormal\"><span lang=\"ES-TRAD\">&nbsp;<\/span><\/p>\n<p class=\"MsoListParagraph\"><!-- [if !supportLists]--><span lang=\"ES-TRAD\">6.<span>&nbsp;&nbsp;&nbsp;&nbsp;&nbsp; <\/span><\/span><!--[endif]--><span lang=\"ES-TRAD\">Jurado y fallo<\/span><\/p>\n<p class=\"MsoNormal\"><span lang=\"ES-TRAD\">Una vez finalizado el plazo para participar en el <\/span><span lang=\"ES-TRAD\">Premio de Fotograf\u00eda \u2018M\u00e1laga en la mirada\u2019, el jurado realizar\u00e1 una selecci\u00f3n de los trabajos que considere de mayor calidad y adecuados al objeto de estas bases, eligiendo de entre ellos a los premiados y a aquellos que formar\u00e1n parte de la exposici\u00f3n itinerante.<\/span><\/p>\n<p class=\"MsoNormal\"><span lang=\"ES-TRAD\">Un jurado formado por personalidades de reconocido prestigio emitir\u00e1 el fallo del concurso con el nombre de los premiados el <\/span><span lang=\"ES-TRAD\">26 de junio de 2023. La decisi\u00f3n del jurado ser\u00e1 inapelable.<\/span><\/p>\n<p class=\"MsoNormal\"><span lang=\"ES-TRAD\">&nbsp;<\/span><\/p>\n<p class=\"MsoListParagraph\"><!-- [if !supportLists]--><span lang=\"ES-TRAD\">7.<span>&nbsp;&nbsp;&nbsp;&nbsp;&nbsp; <\/span><\/span><!--[endif]--><span lang=\"ES-TRAD\">Premios<\/span><\/p>\n<p class=\"MsoNormal\"><span lang=\"ES-TRAD\">Se establecen los siguientes premios:<\/span><\/p>\n<p class=\"MsoNormal\"><span lang=\"ES-TRAD\">&nbsp;<\/span><\/p>\n<p class=\"MsoNormal\"><span lang=\"ES-TRAD\">Premio a la Mejor Fotograf\u00eda Individual \u2013 <\/span><span lang=\"ES-TRAD\">Equipo Leicasistema Q<\/span><\/p>\n<p class=\"MsoNormal\"><span lang=\"ES-TRAD\">Premio a la Mejor Serie Fotogr\u00e1fica \u2013 <\/span><span lang=\"ES-TRAD\">Equipo Leica sistema Q<\/span><\/p>\n<p class=\"MsoNormal\"><span lang=\"ES-TRAD\">&nbsp;<\/span><\/p>\n<p class=\"MsoNormal\"><span lang=\"ES-TRAD\">As\u00ed mismo, el jurado seleccionar\u00e1 tantas fotograf\u00edas individuales y series como considere, para que formen parte de una exposici\u00f3n que tendr\u00e1 lugar en la ciudad de M\u00e1laga y podr\u00e1 <\/span><span>itinerar<\/span><span lang=\"ES-TRAD\"> a otras sedes posteriormente.<\/span><\/p>\n<p class=\"MsoNormal\"><span lang=\"ES-TRAD\">Los premios se entregar\u00e1n en un evento celebrado en la ciudad de M\u00e1laga cuya fecha se comunicar\u00e1 con posterioridad a la decisi\u00f3n del jurado<\/span><\/p>\n<p class=\"MsoNormal\"><span lang=\"ES-TRAD\">&nbsp;<\/span><\/p>\n<p class=\"MsoListParagraph\"><!-- [if !supportLists]--><span lang=\"ES-TRAD\">8.<span>&nbsp;&nbsp;&nbsp;&nbsp;&nbsp; <\/span><\/span><!--[endif]--><span lang=\"ES-TRAD\">Condiciones de participaci\u00f3n y t\u00e9rminos legales<\/span><\/p>\n<p class=\"MsoNormal\"><span lang=\"ES-TRAD\">El participante garantiza que es autor material de los trabajos presentados a los Premios, que son originales y que ninguna tercera persona puede reclamar su autor\u00eda.<\/span><\/p>\n<p class=\"MsoNormal\"><span lang=\"ES-TRAD\">El mero hecho de participar en la convocatoria supone la aceptaci\u00f3n de las bases reguladoras del concurso. La resoluci\u00f3n de adaptarse a cualquier incidencia no prevista en ellas corresponde a los organizadores, quienes resolver\u00e1n con el mejor criterio, sin que proceda recurso alguno.<\/span><\/p>\n<p class=\"MsoNormal\"><span lang=\"ES-TRAD\">Los participantes seleccionados autorizan a Leica Camera Iberia a que sus fotograf\u00edas se publiquen en sus correspondientes webs, redes sociales,y otros medios, cuyo objeto es facilitar la comunicaci\u00f3n y dar visibilidad a los proyectos presentados<\/span><\/p>\n<p class=\"MsoNormal\"><span lang=\"ES-TRAD\">Los ganadores de los premios ceden a Leica Camera Iberia los siguientes derechos de explotaci\u00f3n: reproducci\u00f3n no exclusiva y comunicaci\u00f3n p\u00fablica no comercial y no exclusiva para las p\u00e1ginas webs de las entidades convocantes y colaboradoras y as\u00ed como difusi\u00f3n en internet, redes sociales y prensa y TV. Los ganadores de los premios y los autores del resto de las fotograf\u00edas seleccionadas para la exposici\u00f3n itineranteceder\u00e1n los derechos de reproducci\u00f3n, comunicaci\u00f3n y publicaci\u00f3n de sus im\u00e1genes, exclusivamente a efectos de la exposici\u00f3n y la comunicaci\u00f3n del concurso haciendo figurar, en todo momento por parte de la organizaci\u00f3n del mismo, el nombre del autor junto a su obra. Dicha cesi\u00f3n de derechos de reproducci\u00f3n y difusi\u00f3n estar\u00e1 vigente mientras dure la exposici\u00f3ny las eventuales itinerancias expositivas que posteriormente puedan generarse en otros espacios.Asimismo todas las fotograf\u00edas presentadas al concurso ser\u00e1n susceptibles de aparecer en el cat\u00e1logo de la exposici\u00f3n y diferentes publicaciones relacionadas con el concurso, a estos efectos, los participantes ceden estos derechos de publicaci\u00f3n.<\/span><\/p>\n<p class=\"MsoNormal\"><span lang=\"ES-TRAD\">Los participantes seleccionados declaran, asimismo, que las fotograf\u00edas presentadas no infringen los derechos de autor de cualquier otra obra, ni est\u00e1n sujetos a carga ni a gravamen alguno y que, por tanto, posee respecto a ellos la titularidad que le legitima para su total libre disponibilidad<\/span><\/p>\n<p class=\"MsoNormal\"><span lang=\"ES-TRAD\">Los autores de las fotograf\u00edas premiadas y seleccionadas para la exposici\u00f3n dan su consentimiento a los efectos de acceder a sus datos personales y tratarlos con la finalidad de publicitar el resultado del concurso, utilizando para ello su nombre e imagen, sin que dicha utilizaci\u00f3n le confiera derecho de remuneraci\u00f3n o beneficio alguno.<\/span><\/p>\n<p class=\"MsoNormal\"><span lang=\"ES-TRAD\">La organizaci\u00f3n del concurso no se har\u00e1 responsable de las im\u00e1genes recibidas en forma defectuosa o que no sean legibles.<\/span><\/p>\n<p class=\"MsoNormal\"><span lang=\"ES-TRAD\">La organizaci\u00f3n del concurso tiene la potestad de no aceptar y rechazar las im\u00e1genes fotogr\u00e1ficas que no se ajusten a la capacidad t\u00e9cnica de las im\u00e1genes presentadas o a las im\u00e1genes que considere fuera de la ley, es decir, que atenten contra la dignidad o que resulten vejatorias u obscenas. Las instituciones convocantes se reservan el derecho de excluir de la convocatoria propuestas con contenidos ilegales o inoportunos<\/span><\/p>\n<p class=\"MsoNormal\"><span lang=\"ES-TRAD\">Cada participante ser\u00e1 el \u00fanico responsable de las reclamaciones que se produjeran por la vulneraci\u00f3n de cualquier derecho de terceros, incluyendo sin car\u00e1cter limitativo derechos de propiedad intelectual o industrial y derechos de imagen, y se compromete a eximir de responsabilidad a Leica Camera Iberia por el incumplimiento de los requisitos establecidos en las bases de este concurso.<\/span><\/p>\n<p class=\"MsoNormal\"><span lang=\"ES-TRAD\">&nbsp;<\/span><\/p>\n<p class=\"MsoListParagraph\"><!-- [if !supportLists]--><span lang=\"ES-TRAD\">9.<span>&nbsp;&nbsp;&nbsp;&nbsp;&nbsp; <\/span><\/span><!--[endif]--><span lang=\"ES-TRAD\">Fiscalidad<\/span><\/p>\n<p class=\"MsoNormal\"><span lang=\"ES-TRAD\">Cualquier obligaci\u00f3n tributaria que se derive del premio para el ganador ser\u00e1 por cuenta de \u00e9ste y de su exclusiva responsabilidad, cualquiera que sea la jurisdicci\u00f3n en que resulte aplicable. Los premiados quedan obligados a cumplir las obligaciones fiscales que resulten aplicables en su jurisdicci\u00f3n de residencia. En consecuencia, los premiados, al aceptar las presentes bases legales, quedan informados de las consecuencias tributarias de todo tipo que pudieran derivarse de la obtenci\u00f3n del premio, sin que los organizadores del concurso asuman responsabilidad alguna por dicha causa.<\/span><\/p>\n<p class=\"MsoNormal\"><span lang=\"ES-TRAD\">Para mayor informaci\u00f3n: <a href=\"https:\/\/visita.malaga.eu\/es\/que-ver-y-hacer\/blog\/concurso-malaga-en-la-mirada-haz-tu-foto-de-la-malaga-de-picasso-p1944\" target=\"_blank\" rel=\"noopener\" data-saferedirecturl=\"https:\/\/www.google.com\/url?q=https:\/\/visita.malaga.eu\/es\/que-ver-y-hacer\/blog\/concurso-malaga-en-la-mirada-haz-tu-foto-de-la-malaga-de-picasso-p1944&amp;source=gmail&amp;ust=1684589989635000&amp;usg=AOvVaw2alzFCauLoKQTrbp4T50i3\">https:\/\/visita.malaga.eu\/es\/<wbr>que-ver-y-hacer\/blog\/concurso-<wbr>malaga-en-la-mirada-haz-tu-<wbr>foto-de-la-malaga-de-picasso-<wbr>p1944<\/a>&nbsp;.&nbsp;<\/span><\/p>\n<p>.<\/p>\n<p>FUENTE:&nbsp;Consejer\u00eda de Turismo en Buenos Aires <i>\u2013&nbsp;<\/i>Embajada de Espa\u00f1a en Argentina<\/p>\n","protected":false},"excerpt":{"rendered":"<p> Leica Camera Iberia \u00a0 \u00a0 1.\u00a0 \u00a0Objeto Con motivo del 50 aniversario de la muerte de Pablo Picasso, se convoca  <\/p>\n","protected":false},"author":1,"featured_media":9175,"comment_status":"open","ping_status":"closed","sticky":false,"template":"","format":"standard","meta":[],"categories":[19],"tags":[],"_links":{"self":[{"href":"https:\/\/latecordoba.com\/index.php\/wp-json\/wp\/v2\/posts\/9174"}],"collection":[{"href":"https:\/\/latecordoba.com\/index.php\/wp-json\/wp\/v2\/posts"}],"about":[{"href":"https:\/\/latecordoba.com\/index.php\/wp-json\/wp\/v2\/types\/post"}],"author":[{"embeddable":true,"href":"https:\/\/latecordoba.com\/index.php\/wp-json\/wp\/v2\/users\/1"}],"replies":[{"embeddable":true,"href":"https:\/\/latecordoba.com\/index.php\/wp-json\/wp\/v2\/comments?post=9174"}],"version-history":[{"count":0,"href":"https:\/\/latecordoba.com\/index.php\/wp-json\/wp\/v2\/posts\/9174\/revisions"}],"wp:featuredmedia":[{"embeddable":true,"href":"https:\/\/latecordoba.com\/index.php\/wp-json\/wp\/v2\/media\/9175"}],"wp:attachment":[{"href":"https:\/\/latecordoba.com\/index.php\/wp-json\/wp\/v2\/media?parent=9174"}],"wp:term":[{"taxonomy":"category","embeddable":true,"href":"https:\/\/latecordoba.com\/index.php\/wp-json\/wp\/v2\/categories?post=9174"},{"taxonomy":"post_tag","embeddable":true,"href":"https:\/\/latecordoba.com\/index.php\/wp-json\/wp\/v2\/tags?post=9174"}],"curies":[{"name":"wp","href":"https:\/\/api.w.org\/{rel}","templated":true}]}}