{"id":9151,"date":"2023-05-21T22:58:39","date_gmt":"2023-05-21T22:58:39","guid":{"rendered":"https:\/\/viapais.com.ar\/santa-fe\/colon-empato-con-barracas-central-en-una-noche-de-golazos-y-ataque-sin-cuartel\/"},"modified":"2023-05-21T22:58:39","modified_gmt":"2023-05-21T22:58:39","slug":"colon-empato-con-barracas-central-en-una-noche-de-golazos-y-ataque-sin-cuartel","status":"publish","type":"post","link":"https:\/\/latecordoba.com\/index.php\/2023\/05\/21\/colon-empato-con-barracas-central-en-una-noche-de-golazos-y-ataque-sin-cuartel\/","title":{"rendered":"Col\u00f3n empat\u00f3 con Barracas Central en una noche de golazos y ataque sin cuartel"},"content":{"rendered":"\n<p>Aunque no son protagonistas de la pelea por el t\u00edtulo de la Liga Profesional 2023, <a href=\"https:\/\/viapais.com.ar\/santa-fe\/defensa-y-justicia-tumbo-a-colon-y-trepo-al-podio-de-la-liga-profesional\/\" target=\"_blank\" rel=\"noopener\"><b>Col\u00f3n<\/b><\/a> y <a href=\"https:\/\/viapais.com.ar\/cordoba\/todo-lo-que-tenes-que-saber-de-barracas-central-instituto-por-la-fecha-15-de-liga-profesional\/\" target=\"_blank\" rel=\"noopener\"><b>Barracas Central<\/b><\/a> disputaron uno de los partidos m\u00e1s atractivos de este domingo en Santa Fe. El local y el Camionero empataron 1 a 1 en <b>una noche de golazos<\/b> con final abierto.<\/p>\n<article class=\"article card \">\n<div class=\"article-inner \">\n<div class=\"article-image \"><a href=\"https:\/\/viapais.com.ar\/santa-fe\/defensa-y-justicia-tumbo-a-colon-y-trepo-al-podio-de-la-liga-profesional\/\" title=\"Defensa y Justicia venci\u00f3 a Col\u00f3n\"><\/p>\n<figure><picture><img decoding=\"async\" alt=\"Defensa y Justicia venci\u00f3 a Col\u00f3n\" class=\"lazyload block \" loading=\"lazy\" src=\"http:\/\/latecordoba.com\/wp-content\/uploads\/2023\/05\/colon-empato-con-barracas-central-en-una-noche-de-golazos-y-ataque-sin-cuartel.png\" sizes=\"auto\" data-src=\"https:\/\/viapais.com.ar\/resizer\/UPi6Ne0s3vtjhPxSa8E2xECCTA8=\/307x173\/smart\/filters:quality(75):format(webp)\/cloudfront-us-east-1.images.arcpublishing.com\/grupoclarin\/UAFECVTRKZHOFKZBQZBJJTRN7M.jpg\" width=\"307px\" fetchpriority=\"low\" height=\"173px\"><\/picture><\/figure>\n<p><\/a><\/div>\n<\/div>\n<\/article>\n<p>En el cierre de la etapa inicial, <b>Juan Pablo \u00c1lvarez<\/b> sac\u00f3 a relucir la <b>primera joya de la noche<\/b> con la apertura del marcador. Pasado el cuarto de hora del complemento, <b>Iv\u00e1n Tapia<\/b> se luci\u00f3 con un remate de m\u00e1ximo nivel a la hora de igualar el resultado.<\/p>\n<p>Frente al equipo de su exdirector <a href=\"https:\/\/viapais.com.ar\/santa-fe\/sergio-rondina-se-va-y-colon-busca-su-tercer-tecnico-en-un-ano\/\" target=\"_blank\" rel=\"noopener\"><b>Sergio Rondina<\/b><\/a>, Col\u00f3n no la tuvo f\u00e1cil a pesar de su buena racha en el Cementerio de los Elefantes. Los visitantes no tuvieron tanto la pelota, pero <b>fueron m\u00e1s profundos<\/b> en el comienzo del partido.<\/p>\n<article class=\"article card \">\n<div class=\"article-inner \">\n<div class=\"article-image \"><a href=\"https:\/\/viapais.com.ar\/santa-fe\/conto-que-su-hermana-queria-hacerse-socia-de-colon-pero-cuando-le-cobraron-se-dio-cuenta-que-era-otro-club-y-se-volvio-viral\/\" title=\"Hinchada de Col\u00f3n\"><\/p>\n<figure><picture><img decoding=\"async\" alt=\"Hinchada de Col\u00f3n\" class=\"lazyload block \" loading=\"lazy\" src=\"http:\/\/latecordoba.com\/wp-content\/uploads\/2023\/05\/colon-empato-con-barracas-central-en-una-noche-de-golazos-y-ataque-sin-cuartel.png\" sizes=\"auto\" data-src=\"https:\/\/viapais.com.ar\/resizer\/rRyqlX36CHBsmYl8zNzOmGhGsFU=\/307x173\/smart\/filters:quality(75):format(webp)\/cloudfront-us-east-1.images.arcpublishing.com\/grupoclarin\/MCKZJL6XRRBEHKBNPRTWXVP2MY.png\" width=\"307px\" fetchpriority=\"low\" height=\"173px\"><\/picture><\/figure>\n<p><\/a><\/div>\n<\/div>\n<\/article>\n<p>En dos oportunidades, <b>Brian Calderara<\/b> estuvo a punto convertir, pero <b>Ignacio Chicco<\/b> respondi\u00f3 bien dentro del \u00e1rea. La actuaci\u00f3n del arquero tuvo premio antes del entretiempo, cuando \u00c1lvarez sali\u00f3 de un tiro de esquina desde la izquierda y <b>meti\u00f3 la pelota en el \u00e1ngulo del segundo palo<\/b>.<\/p>\n<p>Para no ser menos, <b>Tapia hizo un golazo de la misma talla<\/b> en la segunda etapa. El capit\u00e1n de Barracas Central aprovech\u00f3 la ca\u00edda de <b>Baldomero Perlaza<\/b> detr\u00e1s de la medialuna y sac\u00f3 un derechazo tan potente como preciso.<\/p>\n<p>Con el marcador 1 a 1, el partido fue de ida y vuelta en el Estadio Brigadier General Estanislao L\u00f3pez. <b>El Guapo desperdici\u00f3 m\u00e1s de un contragolpe<\/b>, mientras que el local llen\u00f3 el \u00e1rea rival de gente con una apuesta a los centros y desbordes.<\/p>\n<p>Sellado este resultado, Col\u00f3n suma 18 puntos en el torneo y se mantiene por debajo de la mitad de la tabla de posiciones. A su vez, ya acumula <b>siete partidos sin derrotas en Santa Fe<\/b>. Por su parte, Barracas suma 19 unidades, pero lleva la misma cantidad de encuentros sin ganar fuera de su cancha.<\/p>\n<h2 class><b>Resumen del partido de Col\u00f3n y Barracas Central<\/b><\/h2>\n<p>Colon: Ignacio Chicco; Eric Meza, Facundo Garc\u00e9s, Paolo Goltz y Andrew Teuten; Baldomero Perlaza, Juli\u00e1n Chicco, Rafael Delgado y Juan Pablo \u00c1lvarez; Santiago Pierotti y Ram\u00f3n \u00c1bila. DT: N\u00e9stor Gorosito.<\/p>\n<p>Barracas Central: Guido Villar; Mauro Peinipil, Nicol\u00e1s Capraro, Francisco \u00c1lvarez, Fernando Prado y Rodrigo Ins\u00faa; Facundo Mater, Rodrigo Herrera, Iv\u00e1n Tapia y Brian Calderara; Bruno Sep\u00falveda. DT: Sergio Rondina.<\/p>\n<p>Goles: PT 40 m. \u00c1lvarez (C). ST 16 m. Tapia (B).<\/p>\n<p>Cambios: ST 15 m. Carlos Arrua por Andrew Teuten (C); 24 m. Leonel Picco por \u00c1lvarez y Jos\u00e9 Neris por J. Chicco (C); 37 m. Lucas Colitto por Calderara y Marcos Ben\u00edtez por Mater (B); 43 m. Maximiliano Rodr\u00edguez por Peinipil (B); 48 m. Carlos Arce por Tapia (B) y 49 m. Manuel Brondo por Sep\u00falveda (B).<\/p>\n<p>Amonestados: Goltz, Picco (C); Calderara (B).<\/p>\n<p>Cancha: Col\u00f3n.<\/p>\n<p>\u00c1rbitro: Andr\u00e9s Merlos.<\/p>\n<p>VAR: Jorge Bali\u00f1o.<\/p>\n","protected":false},"excerpt":{"rendered":"<p>Aunque no son protagonistas de la pelea por el t\u00edtulo de la Liga Profesional 2023, Col\u00f3n y Barracas Central disputaron uno de los partidos m\u00e1s atractivos de este domingo en Santa Fe. El local y el Camionero empataron 1 a 1 en una noche de golazos con final abierto. En el cierre de la etapa [&hellip;]<\/p>\n","protected":false},"author":1,"featured_media":9152,"comment_status":"closed","ping_status":"closed","sticky":false,"template":"","format":"standard","meta":[],"categories":[15],"tags":[],"_links":{"self":[{"href":"https:\/\/latecordoba.com\/index.php\/wp-json\/wp\/v2\/posts\/9151"}],"collection":[{"href":"https:\/\/latecordoba.com\/index.php\/wp-json\/wp\/v2\/posts"}],"about":[{"href":"https:\/\/latecordoba.com\/index.php\/wp-json\/wp\/v2\/types\/post"}],"author":[{"embeddable":true,"href":"https:\/\/latecordoba.com\/index.php\/wp-json\/wp\/v2\/users\/1"}],"replies":[{"embeddable":true,"href":"https:\/\/latecordoba.com\/index.php\/wp-json\/wp\/v2\/comments?post=9151"}],"version-history":[{"count":0,"href":"https:\/\/latecordoba.com\/index.php\/wp-json\/wp\/v2\/posts\/9151\/revisions"}],"wp:featuredmedia":[{"embeddable":true,"href":"https:\/\/latecordoba.com\/index.php\/wp-json\/wp\/v2\/media\/9152"}],"wp:attachment":[{"href":"https:\/\/latecordoba.com\/index.php\/wp-json\/wp\/v2\/media?parent=9151"}],"wp:term":[{"taxonomy":"category","embeddable":true,"href":"https:\/\/latecordoba.com\/index.php\/wp-json\/wp\/v2\/categories?post=9151"},{"taxonomy":"post_tag","embeddable":true,"href":"https:\/\/latecordoba.com\/index.php\/wp-json\/wp\/v2\/tags?post=9151"}],"curies":[{"name":"wp","href":"https:\/\/api.w.org\/{rel}","templated":true}]}}