{"id":9137,"date":"2023-05-21T19:11:18","date_gmt":"2023-05-21T19:11:18","guid":{"rendered":"https:\/\/elnoticierodigital.com.ar\/?p=1392525"},"modified":"2023-05-21T19:11:18","modified_gmt":"2023-05-21T19:11:18","slug":"wanda-nara-se-canso-de-las-criticas-por-el-polemico-mensaje-dedicado-a-mauro-icardi","status":"publish","type":"post","link":"https:\/\/latecordoba.com\/index.php\/2023\/05\/21\/wanda-nara-se-canso-de-las-criticas-por-el-polemico-mensaje-dedicado-a-mauro-icardi\/","title":{"rendered":"Wanda Nara se cans\u00f3 de las cr\u00edticas por el pol\u00e9mico mensaje dedicado a Mauro Icardi"},"content":{"rendered":"<p> <!-- image --><\/p>\n<div class=\"td-post-featured-image\"><a href=\"https:\/\/i0.wp.com\/elnoticierodigital.com.ar\/wp-content\/uploads\/2023\/05\/1392525.png?fit=1600%2C1010&amp;ssl=1\" data-caption><img decoding=\"async\" loading=\"lazy\" width=\"696\" height=\"439\" class=\"entry-thumb td-modal-image\" src=\"http:\/\/latecordoba.com\/wp-content\/uploads\/2023\/05\/wanda-nara-se-canso-de-las-criticas-por-el-polemico-mensaje-dedicado-a-mauro-icardi.png\" srcset=\"http:\/\/latecordoba.com\/wp-content\/uploads\/2023\/05\/wanda-nara-se-canso-de-las-criticas-por-el-polemico-mensaje-dedicado-a-mauro-icardi-1.png 1600w, http:\/\/latecordoba.com\/wp-content\/uploads\/2023\/05\/wanda-nara-se-canso-de-las-criticas-por-el-polemico-mensaje-dedicado-a-mauro-icardi-2.png 300w, http:\/\/latecordoba.com\/wp-content\/uploads\/2023\/05\/wanda-nara-se-canso-de-las-criticas-por-el-polemico-mensaje-dedicado-a-mauro-icardi-3.png 1024w, http:\/\/latecordoba.com\/wp-content\/uploads\/2023\/05\/wanda-nara-se-canso-de-las-criticas-por-el-polemico-mensaje-dedicado-a-mauro-icardi-4.png 768w, http:\/\/latecordoba.com\/wp-content\/uploads\/2023\/05\/wanda-nara-se-canso-de-las-criticas-por-el-polemico-mensaje-dedicado-a-mauro-icardi-5.png 1536w, http:\/\/latecordoba.com\/wp-content\/uploads\/2023\/05\/wanda-nara-se-canso-de-las-criticas-por-el-polemico-mensaje-dedicado-a-mauro-icardi-6.png 150w, http:\/\/latecordoba.com\/wp-content\/uploads\/2023\/05\/wanda-nara-se-canso-de-las-criticas-por-el-polemico-mensaje-dedicado-a-mauro-icardi.png 696w, http:\/\/latecordoba.com\/wp-content\/uploads\/2023\/05\/wanda-nara-se-canso-de-las-criticas-por-el-polemico-mensaje-dedicado-a-mauro-icardi-7.png 1068w, https:\/\/i0.wp.com\/elnoticierodigital.com.ar\/wp-content\/uploads\/2023\/05\/1392525.png?w=1392&amp;ssl=1 1392w\" sizes=\"(max-width: 696px) 100vw, 696px\" alt title=\"1392525\"><\/a><\/div>\n<p> <!-- content --><\/p>\n<article readability=\"41\">Cap\u00edtulo un mill\u00f3n de esta novela interminable. Ning\u00fan guionista podr\u00eda escribir una trama tan enredada, con semejantes giros. Wanda Nara y Mauro Icardi otra vez protagonizan la historia inagotable de su separaci\u00f3n, la que se configura con cientos de episodios, de marchas y contramarchas, de acusaciones y de desmentidas.<\/p>\n<p>Hace unos d\u00edas, la medi\u00e1tica pate\u00f3 el tablero y grit\u00f3 en un vivo de Instagram que ya no ten\u00eda una relaci\u00f3n amorosa con el futbolista y acto seguido se mostr\u00f3 en diversas noches de diversi\u00f3n, as\u00ed como acompa\u00f1\u00f3 a L-Gante, muy cari\u00f1osamente, a una entrega de premios.<\/p>\n<p>En todo ese contexto extra\u00f1o, enrevesado, Wanda realiz\u00f3 una maniobra peculiar, al dedicarle un posteo amoroso a su ex esposo, lo que muchos interpretaron como un mensaje confuso, que se contradice con su reciente anuncio de la ruptura del matrimonio.<\/p>\n<p>\u00bfQu\u00e9 hizo? La conductora de MasterChef agarr\u00f3 una publicaci\u00f3n del delantero, en la que se lo percibe en el campo de juego junto a sus dos hijas y le escribi\u00f3 un concepto singular. \u201cMi debilidad\u201d, redact\u00f3 la famosa, lo que implica tambi\u00e9n a que siente algo por Mauro.<\/p>\n<p>WANDA RESPONDI\u00d3 A LAS CR\u00cdTICAS<\/p>\n<p>Ante esto, la cuenta oficial de LAM replicaron ese movimiento de la medi\u00e1tica y pusieron un an\u00e1lisis particular, en forma de iron\u00eda: \u201cWanda siendo Wanda de nuevo\u201d. Lejos de obviar de esta concepci\u00f3n, la famosa respondi\u00f3 y con munici\u00f3n pesada.<\/p>\n<p>Nara eligi\u00f3 un modo particular de explicar el motivo de su posteo y no dud\u00f3 en exclamar: \u201cObvio, mi amor. Si me copio, me copio de m\u00ed\u201d. Picante y una manera de dejar sentada su posici\u00f3n, que no se fundamente en lo que piensa el resto, sino en sus propias motivaciones.<\/p>\n<\/article>\n<p>Fuente: <a href=\"https:\/\/www.paparazzi.com.ar\/romances\/wanda-nara-se-canso-de-las-criticas-por-el-polemico-mensaje-dedicado-a-mauro-icardi\/\">https:\/\/www.paparazzi.com.ar\/<\/a><\/p>\n","protected":false},"excerpt":{"rendered":"<p> Cap\u00edtulo un mill\u00f3n de esta novela interminable. Ning\u00fan guionista podr\u00eda escribir una trama tan enredada, con semejantes giros. Wanda Nara y Mauro Icardi otra vez protagonizan la historia inagotable de su separaci\u00f3n, la que se configura con cientos de episodios, de marchas y contramarchas, de acusaciones y de desmentidas. Hace unos d\u00edas, la medi\u00e1tica pate\u00f3 [&#8230;]  <\/p>\n","protected":false},"author":1,"featured_media":9138,"comment_status":"closed","ping_status":"closed","sticky":false,"template":"","format":"standard","meta":[],"categories":[14],"tags":[],"_links":{"self":[{"href":"https:\/\/latecordoba.com\/index.php\/wp-json\/wp\/v2\/posts\/9137"}],"collection":[{"href":"https:\/\/latecordoba.com\/index.php\/wp-json\/wp\/v2\/posts"}],"about":[{"href":"https:\/\/latecordoba.com\/index.php\/wp-json\/wp\/v2\/types\/post"}],"author":[{"embeddable":true,"href":"https:\/\/latecordoba.com\/index.php\/wp-json\/wp\/v2\/users\/1"}],"replies":[{"embeddable":true,"href":"https:\/\/latecordoba.com\/index.php\/wp-json\/wp\/v2\/comments?post=9137"}],"version-history":[{"count":0,"href":"https:\/\/latecordoba.com\/index.php\/wp-json\/wp\/v2\/posts\/9137\/revisions"}],"wp:featuredmedia":[{"embeddable":true,"href":"https:\/\/latecordoba.com\/index.php\/wp-json\/wp\/v2\/media\/9138"}],"wp:attachment":[{"href":"https:\/\/latecordoba.com\/index.php\/wp-json\/wp\/v2\/media?parent=9137"}],"wp:term":[{"taxonomy":"category","embeddable":true,"href":"https:\/\/latecordoba.com\/index.php\/wp-json\/wp\/v2\/categories?post=9137"},{"taxonomy":"post_tag","embeddable":true,"href":"https:\/\/latecordoba.com\/index.php\/wp-json\/wp\/v2\/tags?post=9137"}],"curies":[{"name":"wp","href":"https:\/\/api.w.org\/{rel}","templated":true}]}}