{"id":9131,"date":"2023-05-19T12:06:00","date_gmt":"2023-05-19T12:06:00","guid":{"rendered":"https:\/\/www.puntal.com.ar\/jorge-omar-ramallo\/fragil-una-celebracion-del-espiritu-creador-jorge-ramallo-n191237"},"modified":"2023-05-19T12:06:00","modified_gmt":"2023-05-19T12:06:00","slug":"fragil-una-celebracion-del-espiritu-creador-de-jorge-ramallo","status":"publish","type":"post","link":"https:\/\/latecordoba.com\/index.php\/2023\/05\/19\/fragil-una-celebracion-del-espiritu-creador-de-jorge-ramallo\/","title":{"rendered":"&#8220;Fr\u00e1gil&#8221;: una celebraci\u00f3n del esp\u00edritu creador de Jorge Ramallo"},"content":{"rendered":"\n<div><img decoding=\"async\" src=\"http:\/\/latecordoba.com\/wp-content\/uploads\/2023\/05\/fragil-una-celebracion-del-espiritu-creador-de-jorge-ramallo.jpg\" class=\"ff-og-image-inserted\"><\/div>\n<p> Hoy a las 20hs. en la Tintorer\u00eda Japonesa se inaugura la muestra <strong>Fr\u00e1gil<\/strong>, \u00faltimas obras del artista pl\u00e1stico riocuartense <strong>Jorge Ramallo.<\/strong><\/p>\n<p>Dice el texto de presentaci\u00f3n de la exposici\u00f3n: \u201cDe esta serie de 9 alto relieves policromados, s\u00f3lo 2 podr\u00edan considerarse concluidos. <\/p>\n<p>El nombre de la muestra alude a lo fr\u00e1gil de la vida de una persona, a la tem\u00e1tica desarrollada y al estado material de las obras que, por inconclusas, a\u00fan conservan ataduras y soportes. <\/p>\n<p>Es una profunda reflexi\u00f3n sobre el alma humana, nuestras vanas preocupaciones, la fragilidad de nuestro mundo (de la que somos responsables), el deseo de poder, la lucha por la supervivencia y la necesidad de explicar nuestros temores a trav\u00e9s de los mitos. <\/p>\n<p>La composici\u00f3n y producci\u00f3n de la m\u00fasica ambiental, a cargo de Leandro Ramallo, fue iniciada mientras la serie de relieves estaba en desarrollo. <\/p>\n<p>Jorge hab\u00eda escrito una lista de t\u00edtulos, que es m\u00e1s extensa que la cantidad de obras que dej\u00f3. \u00danicamente \u00e9l sab\u00eda qu\u00e9 nombre correspond\u00eda a cada una. <\/p>\n<p>Ahora ser\u00e1 un ejercicio de quien observe el asignarlos\u201d.<\/p>\n<p>Para conocer m\u00e1s de la muestra, hablamos con <strong>Leandro Ramallo<\/strong>, hijo del recordado artista pl\u00e1stico:<\/p>\n<p><span class=\"embed_cont type_highlight inlinehighlight\" rel=\"highlight\" id=\"embedxmiz1sg623_wrap\"> <span class=\"embed_options highlight inlinehighlight\" rel=\"opt\" id=\"embedxmiz1sg623_opts\">La obra de mi viejo me parece en principio muy honesta y llena de contenido, compuesta de sus verdades y convicciones. Me encanta que haya navegado muchas formas de expresi\u00f3n art\u00edstica, pasando por varios formatos, materiales, tem\u00e1ticas\u2026 Siento que todo lo que hizo, lo sinti\u00f3 y tuvo toda la convicci\u00f3n en ese momento de darles corporeidad <span onclick=\"parent.parent.TinyMCETdcuerpo.removeHighlight('embedxmiz1sg623')\" class=\"embed_colapse inlinehighlight less\" id=\"embedxmiz1sg623_colapse\"><\/span> <\/span> <span class=\"embed_content inlinehighlight\" id=\"embedxmiz1sg623_content\">La obra de mi viejo me parece en principio muy honesta y llena de contenido, compuesta de sus verdades y convicciones. Me encanta que haya navegado muchas formas de expresi\u00f3n art\u00edstica, pasando por varios formatos, materiales, tem\u00e1ticas\u2026 Siento que todo lo que hizo, lo sinti\u00f3 y tuvo toda la convicci\u00f3n en ese momento de darles corporeidad<\/span><\/span><\/p>\n<p><strong> -\u00bfCu\u00e1ndo sintieron como familia la necesidad de mostrar las obras de Jorge?<\/strong><\/p>\n<p>-La necesidad creo que estuvo siempre. Sentimos que la obra, para ser tal, necesita ser mostrada. De alguna manera, la circunstancia de que no est\u00e1 terminada, en este caso, es parte de la identidad de la misma.<\/p>\n<p><strong>-Justamente, \u00bfpor qu\u00e9 decidieron concretar una muestra con obras inconclusas?<\/strong><\/p>\n<p>-Se dice que las obras no se terminan, se abandonan. La desaparici\u00f3n f\u00edsica del autor es lo que decidi\u00f3 el fin de ese proceso, un poco misterioso e inexplicable.<\/p>\n<p><strong>-Para que todos entendamos, \u00bfc\u00f3mo se trabaja la t\u00e9cnica del alto relieve policromado?<\/strong><\/p>\n<p>-No siendo yo el artista pl\u00e1stico responsable, no sabr\u00eda explicarlo correctamente. Lo que pude ver del trabajo de mi padre es que con diferentes materiales constru\u00eda los vol\u00famenes tridimensionales de los escenarios, y los personajes que los habitan se hicieron moldeando una resina epoxi. Antes de esta ejecuci\u00f3n, Jorge hizo bocetos en dibujo de cada una. A posteriori de esta construcci\u00f3n, aplic\u00f3 el color. Este \u00faltimo paso solo se hizo en dos de las obras.<\/p>\n<p><strong>-La muestra se titula \u201cFr\u00e1gil\u201d, como la vida misma, como el arte mismo\u2026<\/strong><\/p>\n<p>-S\u00ed, as\u00ed es. Mucho de la tem\u00e1tica de la obra ronda alrededor de este tema: la fragilidad de la existencia, la eterna concatenaci\u00f3n de casualidades y circunstancias que definen la realidad; y los mitos que construimos para intentar explicarlo, o entenderlo.<\/p>\n<p><strong>-\u00bfEs esta exposici\u00f3n un homenaje al Jorge artista pl\u00e1stico?<\/strong><\/p>\n<p>-La palabra homenaje, a m\u00ed personalmente, me resulta un poco extra\u00f1a. Prefiero pensarlo y sentirlo como una celebraci\u00f3n del esp\u00edritu creador de mi padre, que llev\u00f3 con \u00e9l hasta el \u00faltimo momento.<\/p>\n<p><strong>-En general, \u00bfc\u00f3mo definir\u00edas la obra art\u00edstica de tu pap\u00e1?<\/strong><\/p>\n<p>-La obra de mi viejo me parece en principio muy honesta y llena de contenido, compuesta de sus verdades y convicciones. Me encanta que haya navegado muchas formas de expresi\u00f3n art\u00edstica, pasando por varios formatos, materiales, tem\u00e1ticas\u2026 Siento que todo lo que hizo, lo sinti\u00f3 y tuvo toda la convicci\u00f3n en ese momento de darles corporeidad.<\/p>\n<p><strong>-La exposici\u00f3n tiene m\u00fasica tuya, iniciada mientras la serie de relieves estaba en desarrollo. \u00bfC\u00f3mo surgi\u00f3 musicalizar esos momentos, c\u00f3mo result\u00f3 esa comuni\u00f3n en el transcurso y cu\u00e1l fue el resultado final?<\/strong><\/p>\n<p>-La idea de musicalizar la muestra surgi\u00f3 de manera espont\u00e1nea\u2026 la verdad no lo recuerdo. Fue un proceso muy interesante e intenso para m\u00ed. Mi relaci\u00f3n con mi padre era muy particular. Por supuesto colmada de cari\u00f1o e incondicionalidad. Pero exist\u00eda cierta distancia personal entre \u00e9l y yo. Entonces ese proceso creativo en conjunto fue otra manera de acercarnos, dialogar, conocernos. Yo compon\u00eda la m\u00fasica en mi estudio (recordemos, era \u00e9poca de cuarentena estricta) y le pasaba adelantos en mp3. La idea era una propuesta \u201centre pares\u201d: ninguno de los dos se met\u00eda con la expresi\u00f3n del otro. Algunas cosas le gustaron m\u00e1s que otras, pero siempre me dej\u00f3 el espacio para que yo desarrolle mi sensibilidad y percepci\u00f3n de lo que \u00e9l estaba haciendo. Por ejemplo, nunca me explicit\u00f3, o cont\u00f3 el significado de cada obra; yo hice una humilde lectura personal.<\/p>\n<p><strong>-Los que trabajamos con Jorge en sus a\u00f1os de subsecretario de Cultura, sabemos de su obsesi\u00f3n para que todo salga lo mejor posible. \u00bfEra as\u00ed tambi\u00e9n con sus obras?<\/strong><\/p>\n<p>-Creo que mi papa era un convencido que las cosas tienen que \u201chacerse bien\u201d, entendido esto como llevar las consecuencias o implicancias hasta lo \u00faltimo. Nunca me pareci\u00f3 que fuese una persona quisquillosa o que fuese a despotricar al vicio, siempre siento que ten\u00eda muy buenas razones, que exced\u00edan su posible capricho personal.<\/p>\n<p><strong>-Por \u00faltimo, \u00bfcu\u00e1l cre\u00e9s que el legado que deja Jorge para las artes pl\u00e1sticas de la ciudad?<\/strong><\/p>\n<p>-Es dif\u00edcil calcularlo\u2026 me cuesta dimensionarlo. Mi pap\u00e1 en ese sentido fue una persona de perfil bajo\u2026 nunca lo escuch\u00e9 vanagloriarse por ninguna obra suya\u2026 de \u00e9l aprend\u00ed que lo \u00fanico que importa es hacer\u2026 los hechos\u2026 los actos. Creo que puede ser eso\u2026 \u201cdejemos de hablar y hagamos\u201d.<\/p>\n","protected":false},"excerpt":{"rendered":"<p>\nLeandro, hijo del recordado artista pl\u00e1stico, cuenta de la muestra que se inaugura hoy en la Tintorer\u00eda Japonesa  <\/p>\n","protected":false},"author":1,"featured_media":9132,"comment_status":"closed","ping_status":"closed","sticky":false,"template":"","format":"standard","meta":[],"categories":[14],"tags":[],"_links":{"self":[{"href":"https:\/\/latecordoba.com\/index.php\/wp-json\/wp\/v2\/posts\/9131"}],"collection":[{"href":"https:\/\/latecordoba.com\/index.php\/wp-json\/wp\/v2\/posts"}],"about":[{"href":"https:\/\/latecordoba.com\/index.php\/wp-json\/wp\/v2\/types\/post"}],"author":[{"embeddable":true,"href":"https:\/\/latecordoba.com\/index.php\/wp-json\/wp\/v2\/users\/1"}],"replies":[{"embeddable":true,"href":"https:\/\/latecordoba.com\/index.php\/wp-json\/wp\/v2\/comments?post=9131"}],"version-history":[{"count":0,"href":"https:\/\/latecordoba.com\/index.php\/wp-json\/wp\/v2\/posts\/9131\/revisions"}],"wp:featuredmedia":[{"embeddable":true,"href":"https:\/\/latecordoba.com\/index.php\/wp-json\/wp\/v2\/media\/9132"}],"wp:attachment":[{"href":"https:\/\/latecordoba.com\/index.php\/wp-json\/wp\/v2\/media?parent=9131"}],"wp:term":[{"taxonomy":"category","embeddable":true,"href":"https:\/\/latecordoba.com\/index.php\/wp-json\/wp\/v2\/categories?post=9131"},{"taxonomy":"post_tag","embeddable":true,"href":"https:\/\/latecordoba.com\/index.php\/wp-json\/wp\/v2\/tags?post=9131"}],"curies":[{"name":"wp","href":"https:\/\/api.w.org\/{rel}","templated":true}]}}