{"id":9123,"date":"2023-05-21T14:00:00","date_gmt":"2023-05-21T14:00:00","guid":{"rendered":"https:\/\/www.puntal.com.ar\/musica\/tata-zalazar-cumple-5-anos-su-carrera-musical-y-presenta-ay-chacarera-n191332"},"modified":"2023-05-21T14:00:00","modified_gmt":"2023-05-21T14:00:00","slug":"tata-zalazar-cumple-5-anos-en-su-carrera-musical-y-presenta-ay-chacarera","status":"publish","type":"post","link":"https:\/\/latecordoba.com\/index.php\/2023\/05\/21\/tata-zalazar-cumple-5-anos-en-su-carrera-musical-y-presenta-ay-chacarera\/","title":{"rendered":"Tata Zalazar cumple 5 a\u00f1os en su carrera musical y presenta &#8220;Ay Chacarera&#8221;"},"content":{"rendered":"\n<div><img decoding=\"async\" src=\"http:\/\/latecordoba.com\/wp-content\/uploads\/2023\/05\/tata-zalazar-cumple-5-anos-en-su-carrera-musical-y-presenta-ay-chacarera.jpg\" class=\"ff-og-image-inserted\"><\/div>\n<div class=\"cuerpo\" data-twitter-link readability=\"43\">\n<div contenteditable=\"false\" class=\"embed_cont type_freetext\" rel=\"freetext\" id=\"embed6939_wrap\" data-provider=\"YouTube\" readability=\"32\">\n<p> Tata Zalazar &#8211; AY CHACARERA<span onclick=\"parent.parent.TinyMCETdcuerpo.preview_embed('embed6939')\" class=\"embed_colapse less\" id=\"embed6939_colapse\"><\/span><span onclick=\"parent.parent.TinyMCETdcuerpo.delete_embed('embed6939')\" class=\"embed_delete less\" id=\"embed6939_delete\"><\/span><\/p>\n<div id=\"embed6939_content\" class=\"embed_content\">\n<p> <iframe loading=\"lazy\" width=\"200\" height=\"113\" src=\"https:\/\/www.youtube.com\/embed\/Qt56d4aJToA?feature=oembed\" frameborder=\"0\" allow=\"accelerometer; autoplay; clipboard-write; encrypted-media; gyroscope; picture-in-picture; web-share\" allowfullscreen title=\"Tata Zalazar - AY CHACARERA\">[embedded content]<\/iframe><\/p>\n<\/p><\/div>\n<\/p><\/div>\n<p>\u201cHablar de este proyecto es hablar de una parte maravillosa de mi vida, de tiempos de aprendizajes y de crecimiento\u201d, expresa Tata y recuerda: \u201cTodo comenz\u00f3 all\u00e1 por el 2017, cuando decid\u00ed hacer de mi m\u00fasica un camino que me llevara a cumplir ese sue\u00f1o que siempre estuvo pendiente. En 2018 me encontr\u00e9 con m\u00fasicos que decidieron sumarse a esta hermosa aventura de construir un proyecto, se fueron tocando puertas, abriendo caminos y apostando a este proyecto. Llegaron pe\u00f1as, escenarios en diferentes ciudades y grandes festivales que permitieron abrirme a un nuevo p\u00fablico y llevar mis canciones a muchos rincones del pa\u00eds y de poder compartir con artistas de renombre como el Indio Lucio Rojas, Ahyre, Destino San Javier, Fabricio Rodr\u00edguez, entre otros\u201d.<\/p>\n<p>\u201cLlegaron nuevos m\u00fasicos, nuevos integrantes a la banda, que aportaron su granito de arena, tan valioso para m\u00ed, y que a\u00f1o tras a\u00f1o permiti\u00f3 mi crecimiento -agrega-. El trabajo de producci\u00f3n nunca se detuvo, ni si quiera en pandemia, donde ese tiempo me permiti\u00f3 grabar mi disco Sue\u00f1o con Alas, en el que con un enorme esfuerzo y trabajo se dejaron plasmadas canciones de mi autor\u00eda y llegaron a todas las plataformas digitales\u201d.<\/p>\n<p>Y resume: \u201cTransit\u00e9 5 a\u00f1os con much\u00edsima alegr\u00eda, satisfacci\u00f3n, cari\u00f1o, aprendizaje y amor. Fui cosechando aplausos y abrazos en cada lugar donde me present\u00e9, donde me escucharon y bailaron al ritmo de mi m\u00fasica, llenando mi coraz\u00f3n de felicidad. Seguiremos recorriendo este camino tan hermoso de la m\u00fasica con el sue\u00f1o de llegar a los m\u00e1s alto o donde Dios lo permita\u201d.<\/p>\n<\/div>\n","protected":false},"excerpt":{"rendered":"<p>\nEl cantautor de Las Higueras se presentar\u00e1 el 25 de mayo en la Fiesta Nacional de Sabores y Saberes  <\/p>\n","protected":false},"author":1,"featured_media":9124,"comment_status":"closed","ping_status":"closed","sticky":false,"template":"","format":"standard","meta":[],"categories":[14],"tags":[],"_links":{"self":[{"href":"https:\/\/latecordoba.com\/index.php\/wp-json\/wp\/v2\/posts\/9123"}],"collection":[{"href":"https:\/\/latecordoba.com\/index.php\/wp-json\/wp\/v2\/posts"}],"about":[{"href":"https:\/\/latecordoba.com\/index.php\/wp-json\/wp\/v2\/types\/post"}],"author":[{"embeddable":true,"href":"https:\/\/latecordoba.com\/index.php\/wp-json\/wp\/v2\/users\/1"}],"replies":[{"embeddable":true,"href":"https:\/\/latecordoba.com\/index.php\/wp-json\/wp\/v2\/comments?post=9123"}],"version-history":[{"count":0,"href":"https:\/\/latecordoba.com\/index.php\/wp-json\/wp\/v2\/posts\/9123\/revisions"}],"wp:featuredmedia":[{"embeddable":true,"href":"https:\/\/latecordoba.com\/index.php\/wp-json\/wp\/v2\/media\/9124"}],"wp:attachment":[{"href":"https:\/\/latecordoba.com\/index.php\/wp-json\/wp\/v2\/media?parent=9123"}],"wp:term":[{"taxonomy":"category","embeddable":true,"href":"https:\/\/latecordoba.com\/index.php\/wp-json\/wp\/v2\/categories?post=9123"},{"taxonomy":"post_tag","embeddable":true,"href":"https:\/\/latecordoba.com\/index.php\/wp-json\/wp\/v2\/tags?post=9123"}],"curies":[{"name":"wp","href":"https:\/\/api.w.org\/{rel}","templated":true}]}}