{"id":9121,"date":"2023-05-21T19:16:42","date_gmt":"2023-05-21T19:16:42","guid":{"rendered":"https:\/\/www.lapoliticaonline.com\/provincia\/los-concejales-de-furlan-rechazaron-la-rendicion-de-cuentas-en-zarate-y-complican-a-caffaro\/"},"modified":"2023-05-21T19:16:42","modified_gmt":"2023-05-21T19:16:42","slug":"los-concejales-de-furlan-rechazaron-la-rendicion-de-cuentas-en-zarate-y-complican-a-caffaro","status":"publish","type":"post","link":"https:\/\/latecordoba.com\/index.php\/2023\/05\/21\/los-concejales-de-furlan-rechazaron-la-rendicion-de-cuentas-en-zarate-y-complican-a-caffaro\/","title":{"rendered":"Los concejales de Furl\u00e1n rechazaron la rendici\u00f3n de cuentas en Z\u00e1rate y complican a C\u00e1ffaro"},"content":{"rendered":"\n<div><img decoding=\"async\" src=\"http:\/\/latecordoba.com\/wp-content\/uploads\/2023\/05\/los-concejales-de-furlan-rechazaron-la-rendicion-de-cuentas-en-zarate-y-complican-a-caffaro.jpg\" class=\"ff-og-image-inserted\"><\/div>\n<div id=\"vsmcontent\" readability=\"122.51961639058\">\n<p>La interna del Frente de Todos recrudece en Z\u00e1rate. Los concejales que responden al l\u00edder de la UOM, Abel Furl\u00e1n, siguieron la premisa del PRO y rechazaron la rendici\u00f3n de cuentas del gobierno local de Osvaldo C\u00e1ffaro. La maniobra podr\u00eda tener impacto sobre el cierre de listas<\/p>\n<p>En la sesi\u00f3n del Concejo, 14 concejales (de un total de 20) votaron por rechazar el balance que present\u00f3 C\u00e1ffaro. La oposici\u00f3n, liderada por el concejal Marcelo Matzkin aport\u00f3 nueve votos. A ellos se sumaron los cinco concejales de Furl\u00e1n liderados en el recinto por el presidente del cuerpo, Leandro Matilla.<\/p>\n<p>El rechazo en los gastos del a\u00f1o pasado supone un duro golpe a C\u00e1ffaro, quien enfrenta varias internas en su distrito. Incluso el concejal que encabez\u00f3 la lista en la elecci\u00f3n de 2021 vot\u00f3 en rechazo a la rendici\u00f3n de cuentas.<\/p>\n<p>Ubicado al norte de la provincia, Z\u00e1rate supone un distrito con fuerte influencia del sindicalismo industrial. En esa regi\u00f3n se fue consolidando en los \u00faltimos a\u00f1os un moderno parque industrial con grandes automotrices como Toyota y Honda.<\/p>\n<p><a href=\"https:\/\/www.lapoliticaonline.com\/tools\/redirect.php?t=3&amp;i=258547&amp;s=2eb898c923a76bc1df3b9e7cdb009c29\" class=\"link-type-content content-type-noticia-ar\">Furl\u00e1n apuntala su precandidato para desafiar en las PASO al intendente de Z\u00e1rate&nbsp;<\/a><\/p>\n<p>Por eso, la irrupci\u00f3n de Furl\u00e1n al frente de la UOM le dio vuelo pol\u00edtico al nuevo l\u00edder de los metal\u00fargicos, referenciado con M\u00e1ximo Kirchner y Axel Kicillof. El poder de Furl\u00e1n comenz\u00f3 a permear en el plano local en detrimento de C\u00e1ffaro, quien -al igual que Antonio Cal\u00f3- estuvo referenciado en los \u00faltimos a\u00f1os al albertismo.<\/p>\n<p>Por lo pronto, Kicillof evita a C\u00e1ffaro. Existe un dato interesante: el gobernador nunca estuvo en Z\u00e1rate en una visita oficial. D\u00edas atr\u00e1s, fue Matilla quien anunci\u00f3 la construcci\u00f3n de la Casa de la Provincia en ese distrito, pero lo hizo desde Baradero, una ciudad del norte bonaerense ubicada a un pocos kil\u00f3metros de Z\u00e1rate.<\/p>\n<p>En tanto, otro actor con poder en el Frente de Todos que le disputa poder a C\u00e1ffaro es Sergio Berni. Se sabe que los movimientos pol\u00edticos del ministro de Seguridad bonaerense son err\u00e1ticos. En Z\u00e1rate busca construir poder pero carece de referentes territoriales. Ni siquiera tiene un concejal que le reporte.<\/p>\n<p><a href=\"https:\/\/www.lapoliticaonline.com\/tools\/redirect.php?t=3&amp;i=230243&amp;s=cbe26f92f469e3bddbb3e45a45faaa4e\" class=\"link-type-content content-type-noticia-ar\">Golpe pol\u00edtico del nuevo l\u00edder de la UOM y La Campora al intendente de Z\u00e1rate<\/a><\/p>\n<p>Hasta hace poco, su esposa la diputada nacional Agustina Propato asomaba como la candidata para disputarle el municipio a C\u00e1ffaro. Eso ahora est\u00e1 en duda. Es que en abril del a\u00f1o pasado, Furlan rompi\u00f3 el bloque oficialista y sus concejales ubicaron a Matilla en la presidencia del Concejo. Ahora, Matilla <a href=\"https:\/\/www.lapoliticaonline.com\/conurbano\/furlan-apuntala-su-precandidato-para-desafiar-en-las-paso-al-intendente-de-zarate\/\">asoma como el candidato de la UOM<\/a> para pelar por el sill\u00f3n municipal.<\/p>\n<p>La posibilidad de una interna con los tres sectores del peronismo est\u00e1 sobre la mesa. Es una jugada peligrosa toda vez que una pulseada entre C\u00e1ffaro, Matilla y Propato podr\u00eda tener consecuencias impredecibles.<\/p>\n<p>En esas aguas turbulentas podr\u00eda sumar votos la oposici\u00f3n que llevar\u00eda a Matzkin como candidato a intendente. Matzkin responde a Cristian Ritondo y viene haciendo buenas elecciones en el distrito.<\/p>\n<p>&#8220;No s\u00f3lo gastaron mal, sino que no gastaron el presupuesto. Hubo 2500 millones que no pudieron ser ejecutados y seguramente con la inflaci\u00f3n han perdido el valor. Insistieron en aumentar las tasas un 120% para que despu\u00e9s no gasten ese dinero. Ahogan al comerciante, ahogan al que produce y encima son ineficientes para invertir en lo que Z\u00e1rate necesita&#8221;, dijo el concejal del PRO.<\/p>\n<\/div>\n<p><strong>Copyright La Politica Online SA 2023.<\/strong><br \/>Por favor no corte ni pegue en la web nuestras notas, tiene la posibilidad de redistribuirlas usando nuestras herramientas.<\/p>\n","protected":false},"excerpt":{"rendered":"<p> Con 16 a\u00f1os de mandato, el intendente busca sostener el poder frente a la presi\u00f3n del l\u00edder de la UOM y de Sergio Berni.  <\/p>\n","protected":false},"author":1,"featured_media":9122,"comment_status":"closed","ping_status":"closed","sticky":false,"template":"","format":"standard","meta":[],"categories":[18],"tags":[],"_links":{"self":[{"href":"https:\/\/latecordoba.com\/index.php\/wp-json\/wp\/v2\/posts\/9121"}],"collection":[{"href":"https:\/\/latecordoba.com\/index.php\/wp-json\/wp\/v2\/posts"}],"about":[{"href":"https:\/\/latecordoba.com\/index.php\/wp-json\/wp\/v2\/types\/post"}],"author":[{"embeddable":true,"href":"https:\/\/latecordoba.com\/index.php\/wp-json\/wp\/v2\/users\/1"}],"replies":[{"embeddable":true,"href":"https:\/\/latecordoba.com\/index.php\/wp-json\/wp\/v2\/comments?post=9121"}],"version-history":[{"count":0,"href":"https:\/\/latecordoba.com\/index.php\/wp-json\/wp\/v2\/posts\/9121\/revisions"}],"wp:featuredmedia":[{"embeddable":true,"href":"https:\/\/latecordoba.com\/index.php\/wp-json\/wp\/v2\/media\/9122"}],"wp:attachment":[{"href":"https:\/\/latecordoba.com\/index.php\/wp-json\/wp\/v2\/media?parent=9121"}],"wp:term":[{"taxonomy":"category","embeddable":true,"href":"https:\/\/latecordoba.com\/index.php\/wp-json\/wp\/v2\/categories?post=9121"},{"taxonomy":"post_tag","embeddable":true,"href":"https:\/\/latecordoba.com\/index.php\/wp-json\/wp\/v2\/tags?post=9121"}],"curies":[{"name":"wp","href":"https:\/\/api.w.org\/{rel}","templated":true}]}}