{"id":9119,"date":"2023-05-21T10:00:22","date_gmt":"2023-05-21T10:00:22","guid":{"rendered":"https:\/\/www.vitonica.com\/wellness\/dientes-negros-fueron-bellos-siguen-siendo-asi-cambia-concepto-belleza-tiempos-culturas"},"modified":"2023-05-21T10:00:22","modified_gmt":"2023-05-21T10:00:22","slug":"los-dientes-negros-fueron-bellos-y-lo-siguen-siendo-asi-cambia-el-concepto-de-belleza-entre-tiempos-y-culturas","status":"publish","type":"post","link":"https:\/\/latecordoba.com\/index.php\/2023\/05\/21\/los-dientes-negros-fueron-bellos-y-lo-siguen-siendo-asi-cambia-el-concepto-de-belleza-entre-tiempos-y-culturas\/","title":{"rendered":"Los dientes negros fueron bellos (y lo siguen siendo): as\u00ed cambia el concepto de belleza entre tiempos y culturas"},"content":{"rendered":"\n<p>Si te paran por la calle de un concurso de televisi\u00f3n y te dicen que te dan 50 euros si defines qu\u00e9 es belleza, \u00bflos ganar\u00edas? <strong>En nuestra mente, todos tenemos unos c\u00e1nones de belleza, pero hay ocho billones de cabezas en el planeta tierra<\/strong>, lo que hace complicado ponernos de acuerdo. Adem\u00e1s, lo que era bello hace mil a\u00f1os, ahora puede ser totalmente contrario. En este art\u00edculo hablamos de algunas an\u00e9cdotas que muestran como cada cultura y l\u00ednea temporal cambia por completo lo que creemos como bello.<\/p>\n<p><!-- BREAK 1 --><\/p>\n<h2>\u00bfExiste realmente la belleza?<\/h2>\n<div class=\"article-asset-image article-asset-normal article-asset-center\">\n<div class=\"asset-content\">\n<div class=\"base-wrapper-image\"> <img decoding=\"async\" class=\"sf-lazy centro_sinmarco\" src=\"http:\/\/latecordoba.com\/wp-content\/uploads\/2023\/05\/los-dientes-negros-fueron-bellos-y-lo-siguen-siendo-asi-cambia-el-concepto-de-belleza-entre-tiempos-y-culturas.gif\" data-sf-srcset=\"http:\/\/latecordoba.com\/wp-content\/uploads\/2023\/05\/los-dientes-negros-fueron-bellos-y-lo-siguen-siendo-asi-cambia-el-concepto-de-belleza-entre-tiempos-y-culturas.webp 450w, http:\/\/latecordoba.com\/wp-content\/uploads\/2023\/05\/los-dientes-negros-fueron-bellos-y-lo-siguen-siendo-asi-cambia-el-concepto-de-belleza-entre-tiempos-y-culturas-4.webp 681w,http:\/\/latecordoba.com\/wp-content\/uploads\/2023\/05\/los-dientes-negros-fueron-bellos-y-lo-siguen-siendo-asi-cambia-el-concepto-de-belleza-entre-tiempos-y-culturas-5.webp 1024w, http:\/\/latecordoba.com\/wp-content\/uploads\/2023\/05\/los-dientes-negros-fueron-bellos-y-lo-siguen-siendo-asi-cambia-el-concepto-de-belleza-entre-tiempos-y-culturas-6.webp 1366w,\" data-sf-src=\"http:\/\/latecordoba.com\/wp-content\/uploads\/2023\/05\/los-dientes-negros-fueron-bellos-y-lo-siguen-siendo-asi-cambia-el-concepto-de-belleza-entre-tiempos-y-culturas.webp\" alt=\"Raphael Lovaski Pe9ixuuc6qu Unsplash 1\" onerror=\"this.data-sf-src='https:\/\/i.blogs.es\/fbdbbf\/raphael-lovaski-pe9ixuuc6qu-unsplash-1-\/450_1000.jpeg';this.data-sf-srcset='https:\/\/i.blogs.es\/fbdbbf\/raphael-lovaski-pe9ixuuc6qu-unsplash-1-\/450_1000.jpeg 450w, https:\/\/i.blogs.es\/fbdbbf\/raphael-lovaski-pe9ixuuc6qu-unsplash-1-\/650_1200.jpeg 681w,https:\/\/i.blogs.es\/fbdbbf\/raphael-lovaski-pe9ixuuc6qu-unsplash-1-\/1024_2000.jpeg 1024w, https:\/\/i.blogs.es\/fbdbbf\/raphael-lovaski-pe9ixuuc6qu-unsplash-1-\/1366_2000.jpeg 1366w';return false;\"> <noscript><img decoding=\"async\" alt=\"Raphael Lovaski Pe9ixuuc6qu Unsplash 1\" class=\"centro_sinmarco\" src=\"http:\/\/latecordoba.com\/wp-content\/uploads\/2023\/05\/los-dientes-negros-fueron-bellos-y-lo-siguen-siendo-asi-cambia-el-concepto-de-belleza-entre-tiempos-y-culturas.webp\"><\/noscript> <\/div>\n<\/p><\/div>\n<\/div>\n<p>La <a href=\"https:\/\/dle.rae.es\/bello\">RAE define<\/a> belleza como aquello que es bello, es decir, que, por la <strong>perfecci\u00f3n de sus formas, complace a la vista<\/strong>. Eso implica que alguna persona se emocione por la sensaciones que le produce un cuadro, mientras otra solamente ve una imagen, sin m\u00e1s.<\/p>\n<p><!-- BREAK 2 --> <\/p>\n<p>La belleza depende de la cultura y de la \u00e9poca. Muchos son los casos de <strong>belleza que se nos escapan al no estar inmersos en esa cultura y tiempo<\/strong>. Algunos ejemplos de ello son el <a href=\"https:\/\/www.lavanguardia.com\/estilos-de-vida\/20120824\/54340841579\/siglos-de-coqueteria.html\">tono de piel lo m\u00e1s p\u00e1lido posible de la aristocracia japonesa<\/a> hace algunos siglos, que a\u00fan permanece en algunos rincones del pa\u00eds.<\/p>\n<p><!-- BREAK 3 --><\/p>\n<div class=\"article-asset article-asset-normal article-asset-center\">\n<div class=\"desvio-container\">\n<div class=\"desvio\">\n<div class=\"desvio-figure js-desvio-figure\"> <a href=\"https:\/\/www.vitonica.com\/wellness\/cuerpos-ideales-90-hoy-como-ha-cambiado-imagen-cuerpo-a-conseguir-seis-expertas-nos-cuentan\"> <img decoding=\"async\" alt=\"Cuerpos &quot;ideales&quot; desde los 90' hasta hoy: c\u00f3mo ha cambiado la imagen del cuerpo a conseguir (seis expertas nos lo cuentan)\" src=\"http:\/\/latecordoba.com\/wp-content\/uploads\/2023\/05\/los-dientes-negros-fueron-bellos-y-lo-siguen-siendo-asi-cambia-el-concepto-de-belleza-entre-tiempos-y-culturas-1.webp\" onerror=\"this.src=&quot;https:\/\/i.blogs.es\/a6c777\/pexels-ron-lach-7761833\/375_142.jpeg&quot;\"> <\/a> <\/div>\n<\/p><\/div>\n<\/p><\/div>\n<\/div>\n<p>M\u00e1s que un signo de belleza, que tambi\u00e9n, la piel blanca era s\u00edntoma de poder, ya que el <strong>tono p\u00e1lido de la piel diferenciaba a los ricos y arist\u00f3cratas<\/strong> de los trabajadores del campo, que por la radiaci\u00f3n solar ten\u00edan la piel mucho m\u00e1s morena, o de los esclavos de piel oscura.<\/p>\n<p><!-- BREAK 4 --><\/p>\n<p>En pa\u00edses mediterr\u00e1neos como Espa\u00f1a, <strong>el moreno se considera bello<\/strong>, y las personas tumbadas en la playa para tener una piel m\u00e1s oscura lo demuestran. De hecho, las cabinas de rayos son muy demandadas con ese mismo fin. \u00bfD\u00f3nde hay m\u00e1s belleza, en una piel blanca o una piel morena?<\/p>\n<p><!-- BREAK 5 --><\/p>\n<p>Depende, todo depende, de seg\u00fan como se mire. Ya lo dec\u00eda Pau Don\u00e9s en su canci\u00f3n. Si hubi\u00e9semos nacido en Jap\u00f3n en su \u00e9poca medieval, posiblemente <strong>tomar\u00edamos el blanco como el tono de piel m\u00e1s bello<\/strong>. Si est\u00e1s leyendo esto desde Miami, o un pa\u00eds latino, el moreno de piel puede ser lo m\u00e1s bello para ti.<\/p>\n<p><!-- BREAK 6 --><\/p>\n<h2>Dientes negros como muestra de belleza y poder<\/h2>\n<div class=\"article-asset-video article-asset-normal\">\n<div class=\"asset-content\">\n<p> <iframe loading=\"lazy\" width=\"650\" height=\"366\" src=\"\/\/www.youtube.com\/embed\/4FAB9ij-VcA\" allowfullscreen>[embedded content]<\/iframe> <\/p>\n<\/p><\/div>\n<\/div>\n<p>Tambi\u00e9n en la cultura japonesa se buscaba oscurecer los dientes, en lugar de buscar la sonrisa blanca que se demanda actualmente. <a href=\"https:\/\/livejapan.com\/en\/article-a0001026\/#:~:text=Girls%20and%20boys%2C%20mostly%20around,gender%20on%20a%20daily%20basis.\">Ohaguro <\/a>es el nombre que hace alusi\u00f3n a este <strong>comportamiento antiguo de ennegrecerse los dientes<\/strong>. La raz\u00f3n es que el negro se consideraba inmensamente bonito.<\/p>\n<p><!-- BREAK 7 --><\/p>\n<p>Utilizaban una soluci\u00f3n llamada <em>kanemizu<\/em>, hecha de acetato f\u00e9rrico de limaduras de hierro mezcladas con vinagre y tanino de vegetales o t\u00e9. Esta <strong>mezcla se utilizaba a diario con el objetivo de oscurecer sus dientes<\/strong>, ya que en ese momento (entre el siglo XVII y XIX) las mujeres adineradas lo demandaban para mejorar su belleza.<\/p>\n<p><!-- BREAK 8 --><\/p>\n<h3>\u00bfQu\u00e9 tiene que ver todo esto con la salud?<\/h3>\n<p>Las dos an\u00e9cdotas anteriores nos llevan a una que suced\u00eda en la Inglaterra Tudor, en la que tambi\u00e9n los <strong>dientes negros se convirtieron en muestra de poder y riqueza<\/strong>, pero por un motivo distinto al del Jap\u00f3n medieval. La <a href=\"https:\/\/historia.nationalgeographic.com.es\/personajes\/tudor\">dinast\u00eda Tudor<\/a> abarc\u00f3 del a\u00f1o 1485 al 1603.<\/p>\n<p><!-- BREAK 9 --><\/p>\n<p>En esos a\u00f1os, reyes como Enrique VIII e Isabel I, eran <strong>adictos al az\u00facar, comi\u00e9ndola en cantidades abundantes en cada comida<\/strong>. Si nos situamos en ese periodo de la historia, el az\u00facar no era tan f\u00e1cil de conseguir como ir al supermercado y echar un paquete al carro de la compra.<\/p>\n<p><!-- BREAK 10 --><\/p>\n<p>El <strong>az\u00facar ten\u00eda que importarse por largas traves\u00edas y era especialmente caro<\/strong>. Eso hac\u00eda que fuese dif\u00edcil de conseguir, y quedaba reservado para los niveles m\u00e1s altos de la sociedad. Si ibas a una fiesta y hab\u00eda mucha az\u00facar, era s\u00edntoma de poder y riqueza.<\/p>\n<p><!-- BREAK 11 --><\/p>\n<p>Si a eso le a\u00f1adimos que el az\u00facar se <strong>utilizaba tambi\u00e9n para remediar enfermedades<\/strong>, como <a href=\"http:\/\/www.scielo.org.co\/scielo.php?pid=S0121-246X2021000200064&amp;script=sci_arttext&amp;tlng=es\">disminuir la fiebre o como pastilla para la tos<\/a>, la barra libre de az\u00facar est\u00e1 servida, pero solamente para unos pocos.<\/p>\n<p><!-- BREAK 12 --><\/p>\n<h3>\u00bfQu\u00e9 pasa si consumimos tanta az\u00facar?<\/h3>\n<p>El <strong>az\u00facar es el enemigo de la salud bucal<\/strong>, por lo que se pod\u00eda apreciar como algunos reyes ten\u00edan los dientes negros y con falta de piezas dentales. Seguramente piensas que los dientes podridos y negros no son bellos, pero <a href=\"https:\/\/www.eternalgoddess.co.uk\/posts\/the-black-tooth-trend-of-tudor-england\">en ese momento fueron una tendencia de belleza<\/a>.<\/p>\n<p><!-- BREAK 13 --><\/p>\n<p>La <strong>reina Isabel I <\/strong>es la figura asociada a esta belleza peculiar. <strong>Era la <\/strong><em><strong>influencer <\/strong><\/em><strong>del siglo XVI<\/strong>, y al igual que se agotan las prendas de ropa que llevan algunas personas famosas, o buscamos el corte de pelo de un deportista conocido, hab\u00eda personas que buscaban parecerse a Isabel I.<\/p>\n<p><!-- BREAK 14 --><\/p>\n<div class=\"article-asset article-asset-normal article-asset-center\">\n<div class=\"desvio-container\">\n<div class=\"desvio\">\n<div class=\"desvio-figure js-desvio-figure\"> <a href=\"https:\/\/www.vitonica.com\/alimentos\/mejores-recursos-para-endulzar-sanamente-nuestros-platos-acudir-al-azucar-excedernos-edulcorantes\"> <img decoding=\"async\" alt=\"Los mejores recursos para endulzar sanamente nuestros platos sin acudir al az\u00facar ni usar muchos edulcorantes\" src=\"http:\/\/latecordoba.com\/wp-content\/uploads\/2023\/05\/los-dientes-negros-fueron-bellos-y-lo-siguen-siendo-asi-cambia-el-concepto-de-belleza-entre-tiempos-y-culturas-2.webp\" onerror=\"this.src=&quot;https:\/\/i.blogs.es\/72e952\/panellets\/375_142.jpeg&quot;\"> <\/a> <\/div>\n<\/p><\/div>\n<\/p><\/div>\n<\/div>\n<p>Eso implicaba los dientes negros, que si le a\u00f1adimos que era <strong>dif\u00edcil de conseguir por el acceso limitado al az\u00facar<\/strong>, se convert\u00eda en la mezcla perfecta para desearlo. Las personas que s\u00ed pod\u00edan conseguirlo lo tomaban en todas las comidas, tambi\u00e9n en <a href=\"https:\/\/www.thevintagenews.com\/2016\/01\/18\/tudor-england-the-teeth-of-the-rich-often-went-black-from-sugar-it-was-fashion-among-the-lower-classes-to-blacken-their-teeth-to-show-they-were-rich\/?chrome=1\">ensaladas a modo de ali\u00f1o, o en pastas de dientes<\/a>. S\u00ed, pastas de dientes con az\u00facar.<\/p>\n<p><!-- BREAK 15 --><\/p>\n<p>En Vit\u00f3nica estamos muy lejos de ser expertos en historia, y en estos asuntos <strong>hay tantas historias ver\u00eddicas como leyendas<\/strong>, por lo que habr\u00eda que profundizar mucho m\u00e1s para saber hasta que punto los dientes negros y podridos de la reina Isabel I son <a href=\"https:\/\/tudorsdynasty.com\/queen-elizabeths-rotten-teeth\/\">reales, y cu\u00e1nto de la historia se ido modificando con el paso del tiempo<\/a>.<\/p>\n<p><!-- BREAK 16 --><\/p>\n<h3>Mensaje para llevar a casa<\/h3>\n<div class=\"article-asset-image article-asset-normal article-asset-center\">\n<div class=\"asset-content\">\n<div class=\"base-wrapper-image\"> <img decoding=\"async\" class=\"sf-lazy centro_sinmarco\" src=\"http:\/\/latecordoba.com\/wp-content\/uploads\/2023\/05\/los-dientes-negros-fueron-bellos-y-lo-siguen-siendo-asi-cambia-el-concepto-de-belleza-entre-tiempos-y-culturas.gif\" data-sf-srcset=\"http:\/\/latecordoba.com\/wp-content\/uploads\/2023\/05\/los-dientes-negros-fueron-bellos-y-lo-siguen-siendo-asi-cambia-el-concepto-de-belleza-entre-tiempos-y-culturas-3.webp 450w, http:\/\/latecordoba.com\/wp-content\/uploads\/2023\/05\/los-dientes-negros-fueron-bellos-y-lo-siguen-siendo-asi-cambia-el-concepto-de-belleza-entre-tiempos-y-culturas-7.webp 681w,http:\/\/latecordoba.com\/wp-content\/uploads\/2023\/05\/los-dientes-negros-fueron-bellos-y-lo-siguen-siendo-asi-cambia-el-concepto-de-belleza-entre-tiempos-y-culturas-8.webp 1024w, http:\/\/latecordoba.com\/wp-content\/uploads\/2023\/05\/los-dientes-negros-fueron-bellos-y-lo-siguen-siendo-asi-cambia-el-concepto-de-belleza-entre-tiempos-y-culturas-9.webp 1366w,\" data-sf-src=\"http:\/\/latecordoba.com\/wp-content\/uploads\/2023\/05\/los-dientes-negros-fueron-bellos-y-lo-siguen-siendo-asi-cambia-el-concepto-de-belleza-entre-tiempos-y-culturas-3.webp\" alt=\"John Mcarthur Ue5kumvmihu Unsplash\" onerror=\"this.data-sf-src='https:\/\/i.blogs.es\/31dd8d\/john-mcarthur-ue5kumvmihu-unsplash\/450_1000.jpeg';this.data-sf-srcset='https:\/\/i.blogs.es\/31dd8d\/john-mcarthur-ue5kumvmihu-unsplash\/450_1000.jpeg 450w, https:\/\/i.blogs.es\/31dd8d\/john-mcarthur-ue5kumvmihu-unsplash\/650_1200.jpeg 681w,https:\/\/i.blogs.es\/31dd8d\/john-mcarthur-ue5kumvmihu-unsplash\/1024_2000.jpeg 1024w, https:\/\/i.blogs.es\/31dd8d\/john-mcarthur-ue5kumvmihu-unsplash\/1366_2000.jpeg 1366w';return false;\"> <noscript><img decoding=\"async\" alt=\"John Mcarthur Ue5kumvmihu Unsplash\" class=\"centro_sinmarco\" src=\"http:\/\/latecordoba.com\/wp-content\/uploads\/2023\/05\/los-dientes-negros-fueron-bellos-y-lo-siguen-siendo-asi-cambia-el-concepto-de-belleza-entre-tiempos-y-culturas-3.webp\"><\/noscript> <\/div>\n<\/p><\/div>\n<\/div>\n<p>Uno de los mensajes principales de este art\u00edculo es que el <strong>az\u00facar no es saludable para nuestros dientes<\/strong>. Eso ya lo sab\u00edamos, pero m\u00e1s a\u00fan viendo lo que su abuso causa en la dentadura. No hay mayor problema en consumir az\u00facar de forma espor\u00e1dica y seguir una buena higiene bucal.<\/p>\n<p><!-- BREAK 17 --><\/p>\n<p>El segundo mensaje, e incluso m\u00e1s importante es que la <strong>belleza depende siempre de los ojos con los que se mire<\/strong>. Hace dos d\u00e9cadas no sent\u00edamos atracci\u00f3n por llenar nuestra piel de tinta, y hoy lo extra\u00f1o es no tener tatuajes. Los modelos de pasarela demandados ahora son m\u00e1s corpulentos, y no tan delgados como hace no muchos a\u00f1os.<\/p>\n<p><!-- BREAK 18 --><\/p>\n<p>Nos empe\u00f1amos en encajar en &#8220;lo bello&#8221;, pero no caemos en la cuenta que la <strong>belleza es arte, y que cada cual cuenta con su propia pincel<\/strong>. No sabremos cu\u00e1les ser\u00e1n los c\u00e1nones de belleza dentro de 200 a\u00f1os, pero s\u00ed que ser\u00e1n distintos.<\/p>\n<p><!-- BREAK 19 --><\/p>\n<p>Haz <strong>ejercicio f\u00edsico porque aprecias tu cuerpo, no porque lo odias<\/strong>. Mantente activo por tu salud, no por tu composici\u00f3n corporal. Alim\u00e9ntate con <a href=\"https:\/\/www.vitonica.com\/dietas\/vuelta-a-dieta-mediterranea-todas-claves-para-practicarla-forma-saludable-alejarnos-su-occidentalizacion\">comida saludable<\/a> para que tu cuerpo funcione a la perfecci\u00f3n, no porque tenga menos calor\u00edas. La obsesi\u00f3n por entrar en los m\u00e1rgenes de lo que la sociedad impone como bello, es contraproducente para la salud mental.<\/p>\n<p><!-- BREAK 20 --><\/p>\n<p>Si nos preguntamos qu\u00e9 es la salud, tendremos una definici\u00f3n m\u00e1s o menos r\u00e1pida: la ausencia de la enfermedad. Sin embargo, si nos preguntamos <strong>qu\u00e9 es la belleza, hay ocho billones de respuestas<\/strong>, que es el n\u00famero de habitantes del planeta, y dentro de 20 a\u00f1os habr\u00e1 otras respuestas distintas. Qu\u00e9 complicado lo de ser &#8220;bello&#8221;, \u00bfno?<\/p>\n<p><!-- BREAK 21 --><\/p>\n<p>En Vit\u00f3nica | <a href=\"https:\/\/www.vitonica.com\/wellness\/ideales-de-belleza-femenina-a-lo-largo-de-la-historia-el-video-viral\">Ideales de belleza femenina a lo largo de la historia (el v\u00eddeo viral)<\/a><\/p>\n<p><!-- BREAK 22 --><\/p>\n<p>Im\u00e1genes | <a href=\"https:\/\/unsplash.com\/es\/fotos\/xyZSluLaCMc\">Manolj Kulkarni<\/a> (Unsplash), <a href=\"https:\/\/unsplash.com\/es\/fotos\/Ue5kuMVmIhU\">John McArthur<\/a> (Unsplash), <a href=\"https:\/\/unsplash.com\/es\/fotos\/Pe9IXUuC6QU\">Raphael Lovaski<\/a> (Unsplash)<\/p>\n<p><!-- BREAK 23 -->  <\/p>\n","protected":false},"excerpt":{"rendered":"\n<p> <img decoding=\"async\" src=\"http:\/\/latecordoba.com\/wp-content\/uploads\/2023\/05\/los-dientes-negros-fueron-bellos-y-lo-siguen-siendo-asi-cambia-el-concepto-de-belleza-entre-tiempos-y-culturas.jpg\" alt=\"Los dientes negros fueron bellos (y lo siguen siendo): as\u00ed cambia el concepto de belleza entre tiempos y culturas \"> <\/p>\n<p>Si te paran por la calle de un concurso de televisi\u00f3n y te dicen que te dan 50 euros si defines qu\u00e9 es belleza, \u00bflos ganar\u00edas? <strong>En nuestra mente, todos tenemos unos c\u00e1nones de belleza, pero hay ocho billones de cabezas en el planeta tierra<\/strong>, lo que hace complicado ponernos de acuerdo. Adem\u00e1s, lo que era bello hace mil a\u00f1os, ahora puede ser totalmente contrario. En este art\u00edculo hablamos de algunas an\u00e9cdotas que muestran como cada cultura y l\u00ednea temporal cambia por completo lo que creemos como bello.<\/p>\n<p><!-- BREAK 1 --><\/p>\n<h2>\u00bfExiste realmente la belleza<\/h2>\n<div class=\"article-asset-image article-asset-normal article-asset-center\">\n<div class=\"asset-content\">\n<div class=\"base-wrapper-image\" style=\"padding-top:66.666666666667%;\"> <img decoding=\"async\" alt=\"Raphael Lovaski Pe9ixuuc6qu Unsplash 1\" class=\"centro_sinmarco\" src=\"http:\/\/latecordoba.com\/wp-content\/uploads\/2023\/05\/los-dientes-negros-fueron-bellos-y-lo-siguen-siendo-asi-cambia-el-concepto-de-belleza-entre-tiempos-y-culturas.webp\"> <\/div>\n<\/p><\/div>\n<\/div>\n<p>La <a href=\"https:\/\/dle.rae.es\/bello\">RAE define<\/a> belleza como aquello que es bello, es decir, que, por la <strong>perfecci\u00f3n de sus formas, complace a la vista<\/strong>. Eso implica que alguna persona se emocione por la sensaciones que le produce un cuadro, mientras otra solamente ve una imagen, sin m\u00e1s.<\/p>\n<p><!-- BREAK 2 --><\/p>\n<p>La belleza depende de la cultura y de la \u00e9poca. Muchos son los casos de <strong>belleza que se nos escapan al no estar inmersos en esa cultura y tiempo<\/strong>. Algunos ejemplos de ello son el <a href=\"https:\/\/www.lavanguardia.com\/estilos-de-vida\/20120824\/54340841579\/siglos-de-coqueteria.html\">tono de piel lo m\u00e1s p\u00e1lido posible de la aristocracia japonesa<\/a> hace algunos siglos, que a\u00fan permanece en algunos rincones del pa\u00eds.<\/p>\n<p><!-- BREAK 3 --><\/p>\n<div class=\"article-asset article-asset-normal article-asset-center\">\n<div class=\"desvio-container\">\n<div class=\"desvio\">\n<div class=\"desvio-figure js-desvio-figure\"> <a href=\"https:\/\/www.vitonica.com\/wellness\/cuerpos-ideales-90-hoy-como-ha-cambiado-imagen-cuerpo-a-conseguir-seis-expertas-nos-cuentan\" > <img decoding=\"async\" alt=\"Cuerpos&#x20;&quot;ideales&quot;&#x20;desde&#x20;los&#x20;90&#x27;&#x20;hasta&#x20;hoy&#x3A;&#x20;c&#x00F3;mo&#x20;ha&#x20;cambiado&#x20;la&#x20;imagen&#x20;del&#x20;cuerpo&#x20;a&#x20;conseguir&#x20;&#x28;seis&#x20;expertas&#x20;nos&#x20;lo&#x20;cuentan&#x29;\" src=\"http:\/\/latecordoba.com\/wp-content\/uploads\/2023\/05\/los-dientes-negros-fueron-bellos-y-lo-siguen-siendo-asi-cambia-el-concepto-de-belleza-entre-tiempos-y-culturas-1.webp\" onerror='this.src=\"https:\/\/i.blogs.es\/a6c777\/pexels-ron-lach-7761833\/375_142.jpeg\"'> <\/a> <\/div>\n<div class=\"desvio-summary\">\n<div class=\"desvio-taxonomy js-desvio-taxonomy\"> <a href=\"https:\/\/www.vitonica.com\/wellness\/cuerpos-ideales-90-hoy-como-ha-cambiado-imagen-cuerpo-a-conseguir-seis-expertas-nos-cuentan\" class=\"desvio-taxonomy-anchor\">En Vit\u00f3nica<\/a> <\/div>\n<p> <a href=\"https:\/\/www.vitonica.com\/wellness\/cuerpos-ideales-90-hoy-como-ha-cambiado-imagen-cuerpo-a-conseguir-seis-expertas-nos-cuentan\" class=\"desvio-title js-desvio-title\">Cuerpos &quot;ideales&quot; desde los 90&#039; hasta hoy: c\u00f3mo ha cambiado la imagen del cuerpo a conseguir (seis expertas nos lo cuentan)<\/a> <\/div>\n<\/p><\/div>\n<\/p><\/div>\n<\/div>\n<p>M\u00e1s que un signo de belleza, que tambi\u00e9n, la piel blanca era s\u00edntoma de poder, ya que el <strong>tono p\u00e1lido de la piel diferenciaba a los ricos y arist\u00f3cratas<\/strong> de los trabajadores del campo, que por la radiaci\u00f3n solar ten\u00edan la piel mucho m\u00e1s morena, o de los esclavos de piel oscura.<\/p>\n<p><!-- BREAK 4 --><\/p>\n<p>En pa\u00edses mediterr\u00e1neos como Espa\u00f1a, <strong>el moreno se considera bello<\/strong>, y las personas tumbadas en la playa para tener una piel m\u00e1s oscura lo demuestran. De hecho, las cabinas de rayos son muy demandadas con ese mismo fin. \u00bfD\u00f3nde hay m\u00e1s belleza, en una piel blanca o una piel morena<\/p>\n<p><!-- BREAK 5 --><\/p>\n<p>Depende, todo depende, de seg\u00fan como se mire. Ya lo dec\u00eda Pau Don\u00e9s en su canci\u00f3n. Si hubi\u00e9semos nacido en Jap\u00f3n en su \u00e9poca medieval, posiblemente <strong>tomar\u00edamos el blanco como el tono de piel m\u00e1s bello<\/strong>. Si est\u00e1s leyendo esto desde Miami, o un pa\u00eds latino, el moreno de piel puede ser lo m\u00e1s bello para ti.<\/p>\n<p><!-- BREAK 6 --><\/p>\n<h2>Dientes negros como muestra de belleza y poder<\/h2>\n<div class=\"article-asset-video article-asset-normal\">\n<div class=\"asset-content\">\n<div class=\"base-asset-video\"> <iframe loading=\"lazy\" width=\"650\" height=\"366\" src=\"\/\/www.youtube.com\/embed\/4FAB9ij-VcA\" allowfullscreen><\/iframe> <\/div>\n<\/p><\/div>\n<\/div>\n<p>Tambi\u00e9n en la cultura japonesa se buscaba oscurecer los dientes, en lugar de buscar la sonrisa blanca que se demanda actualmente. <a href=\"https:\/\/livejapan.com\/en\/article-a0001026\/#:~:text=Girls%20and%20boys%2C%20mostly%20around,gender%20on%20a%20daily%20basis.\">Ohaguro <\/a>es el nombre que hace alusi\u00f3n a este <strong>comportamiento antiguo de ennegrecerse los dientes<\/strong>. La raz\u00f3n es que el negro se consideraba inmensamente bonito.<\/p>\n<p><!-- BREAK 7 --><\/p>\n<p>Utilizaban una soluci\u00f3n llamada <em>kanemizu<\/em>, hecha de acetato f\u00e9rrico de limaduras de hierro mezcladas con vinagre y tanino de vegetales o t\u00e9. Esta <strong>mezcla se utilizaba a diario con el objetivo de oscurecer sus dientes<\/strong>, ya que en ese momento (entre el siglo XVII y XIX) las mujeres adineradas lo demandaban para mejorar su belleza.<\/p>\n<p><!-- BREAK 8 --><\/p>\n<h3>\u00bfQu\u00e9 tiene que ver todo esto con la salud?<\/h3>\n<p>Las dos an\u00e9cdotas anteriores nos llevan a una que suced\u00eda en la Inglaterra Tudor, en la que tambi\u00e9n los <strong>dientes negros se convirtieron en muestra de poder y riqueza<\/strong>, pero por un motivo distinto al del Jap\u00f3n medieval. La <a href=\"https:\/\/historia.nationalgeographic.com.es\/personajes\/tudor\">dinast\u00eda Tudor<\/a> abarc\u00f3 del a\u00f1o 1485 al 1603.<\/p>\n<p><!-- BREAK 9 --><\/p>\n<p>En esos a\u00f1os, reyes como Enrique VIII e Isabel I, eran <strong>adictos al az\u00facar, comi\u00e9ndola en cantidades abundantes en cada comida<\/strong>. Si nos situamos en ese periodo de la historia, el az\u00facar no era tan f\u00e1cil de conseguir como ir al supermercado y echar un paquete al carro de la compra.<\/p>\n<p><!-- BREAK 10 --><\/p>\n<p>El <strong>az\u00facar ten\u00eda que importarse por largas traves\u00edas y era especialmente caro<\/strong>. Eso hac\u00eda que fuese dif\u00edcil de conseguir, y quedaba reservado para los niveles m\u00e1s altos de la sociedad. Si ibas a una fiesta y hab\u00eda mucha az\u00facar, era s\u00edntoma de poder y riqueza.<\/p>\n<p><!-- BREAK 11 --><\/p>\n<p>Si a eso le a\u00f1adimos que el az\u00facar se <strong>utilizaba tambi\u00e9n para remediar enfermedades<\/strong>, como <a href=\"http:\/\/www.scielo.org.co\/scielo.php?pid=S0121-246X2021000200064&#038;script=sci_arttext&#038;tlng=es\">disminuir la fiebre o como pastilla para la tos<\/a>, la barra libre de az\u00facar est\u00e1 servida, pero solamente para unos pocos.<\/p>\n<p><!-- BREAK 12 --><\/p>\n<h3>\u00bfQu\u00e9 pasa si consumimos tanta az\u00facar?<\/h3>\n<p>El <strong>az\u00facar es el enemigo de la salud bucal<\/strong>, por lo que se pod\u00eda apreciar como algunos reyes ten\u00edan los dientes negros y con falta de piezas dentales. Seguramente piensas que los dientes podridos y negros no son bellos, pero <a href=\"https:\/\/www.eternalgoddess.co.uk\/posts\/the-black-tooth-trend-of-tudor-england\">en ese momento fueron una tendencia de belleza<\/a>.<\/p>\n<p><!-- BREAK 13 --><\/p>\n<p>La <strong>reina Isabel I <\/strong>es la figura asociada a esta belleza peculiar. <strong>Era la <\/strong><em><strong>influencer <\/strong><\/em><strong>del siglo XVI<\/strong>, y al igual que se agotan las prendas de ropa que llevan algunas personas famosas, o buscamos el corte de pelo de un deportista conocido, hab\u00eda personas que buscaban parecerse a Isabel I.<\/p>\n<p><!-- BREAK 14 --><\/p>\n<div class=\"article-asset article-asset-normal article-asset-center\">\n<div class=\"desvio-container\">\n<div class=\"desvio\">\n<div class=\"desvio-figure js-desvio-figure\"> <a href=\"https:\/\/www.vitonica.com\/alimentos\/mejores-recursos-para-endulzar-sanamente-nuestros-platos-acudir-al-azucar-excedernos-edulcorantes\" > <img decoding=\"async\" alt=\"Los&#x20;mejores&#x20;recursos&#x20;para&#x20;endulzar&#x20;sanamente&#x20;nuestros&#x20;platos&#x20;sin&#x20;acudir&#x20;al&#x20;az&#x00FA;car&#x20;ni&#x20;usar&#x20;muchos&#x20;edulcorantes\" src=\"http:\/\/latecordoba.com\/wp-content\/uploads\/2023\/05\/los-dientes-negros-fueron-bellos-y-lo-siguen-siendo-asi-cambia-el-concepto-de-belleza-entre-tiempos-y-culturas-2.webp\" onerror='this.src=\"https:\/\/i.blogs.es\/72e952\/panellets\/375_142.jpeg\"'> <\/a> <\/div>\n<div class=\"desvio-summary\">\n<div class=\"desvio-taxonomy js-desvio-taxonomy\"> <a href=\"https:\/\/www.vitonica.com\/alimentos\/mejores-recursos-para-endulzar-sanamente-nuestros-platos-acudir-al-azucar-excedernos-edulcorantes\" class=\"desvio-taxonomy-anchor\">En Vit\u00f3nica<\/a> <\/div>\n<p> <a href=\"https:\/\/www.vitonica.com\/alimentos\/mejores-recursos-para-endulzar-sanamente-nuestros-platos-acudir-al-azucar-excedernos-edulcorantes\" class=\"desvio-title js-desvio-title\">Los mejores recursos para endulzar sanamente nuestros platos sin acudir al az\u00facar ni usar muchos edulcorantes<\/a> <\/div>\n<\/p><\/div>\n<\/p><\/div>\n<\/div>\n<p>Eso implicaba los dientes negros, que si le a\u00f1adimos que era <strong>dif\u00edcil de conseguir por el acceso limitado al az\u00facar<\/strong>, se convert\u00eda en la mezcla perfecta para desearlo. Las personas que s\u00ed pod\u00edan conseguirlo lo tomaban en todas las comidas, tambi\u00e9n en <a href=\"https:\/\/www.thevintagenews.com\/2016\/01\/18\/tudor-england-the-teeth-of-the-rich-often-went-black-from-sugar-it-was-fashion-among-the-lower-classes-to-blacken-their-teeth-to-show-they-were-rich\/?chrome=1\">ensaladas a modo de ali\u00f1o, o en pastas de dientes<\/a>. S\u00ed, pastas de dientes con az\u00facar.<\/p>\n<p><!-- BREAK 15 --><\/p>\n<p>En Vit\u00f3nica estamos muy lejos de ser expertos en historia, y en estos asuntos <strong>hay tantas historias ver\u00eddicas como leyendas<\/strong>, por lo que habr\u00eda que profundizar mucho m\u00e1s para saber hasta que punto los dientes negros y podridos de la reina Isabel I son <a href=\"https:\/\/tudorsdynasty.com\/queen-elizabeths-rotten-teeth\/\">reales, y cu\u00e1nto de la historia se ido modificando con el paso del tiempo<\/a>.<\/p>\n<p><!-- BREAK 16 --><\/p>\n<h3>Mensaje para llevar a casa<\/h3>\n<div class=\"article-asset-image article-asset-normal article-asset-center\">\n<div class=\"asset-content\">\n<div class=\"base-wrapper-image\" style=\"padding-top:66.666666666667%;\"> <img decoding=\"async\" alt=\"John Mcarthur Ue5kumvmihu Unsplash\" class=\"centro_sinmarco\" src=\"http:\/\/latecordoba.com\/wp-content\/uploads\/2023\/05\/los-dientes-negros-fueron-bellos-y-lo-siguen-siendo-asi-cambia-el-concepto-de-belleza-entre-tiempos-y-culturas-3.webp\"> <\/div>\n<\/p><\/div>\n<\/div>\n<p>Uno de los mensajes principales de este art\u00edculo es que el <strong>az\u00facar no es saludable para nuestros dientes<\/strong>. Eso ya lo sab\u00edamos, pero m\u00e1s a\u00fan viendo lo que su abuso causa en la dentadura. No hay mayor problema en consumir az\u00facar de forma espor\u00e1dica y seguir una buena higiene bucal.<\/p>\n<p><!-- BREAK 17 --><\/p>\n<p>El segundo mensaje, e incluso m\u00e1s importante es que la <strong>belleza depende siempre de los ojos con los que se mire<\/strong>. Hace dos d\u00e9cadas no sent\u00edamos atracci\u00f3n por llenar nuestra piel de tinta, y hoy lo extra\u00f1o es no tener tatuajes. Los modelos de pasarela demandados ahora son m\u00e1s corpulentos, y no tan delgados como hace no muchos a\u00f1os.<\/p>\n<p><!-- BREAK 18 --><\/p>\n<p>Nos empe\u00f1amos en encajar en &#8220;lo bello&#8221;, pero no caemos en la cuenta que la <strong>belleza es arte, y que cada cual cuenta con su propia pincel<\/strong>. No sabremos cu\u00e1les ser\u00e1n los c\u00e1nones de belleza dentro de 200 a\u00f1os, pero s\u00ed que ser\u00e1n distintos.<\/p>\n<p><!-- BREAK 19 --><\/p>\n<p>Haz <strong>ejercicio f\u00edsico porque aprecias tu cuerpo, no porque lo odias<\/strong>. Mantente activo por tu salud, no por tu composici\u00f3n corporal. Alim\u00e9ntate con <a href=\"https:\/\/www.vitonica.com\/dietas\/vuelta-a-dieta-mediterranea-todas-claves-para-practicarla-forma-saludable-alejarnos-su-occidentalizacion\">comida saludable<\/a> para que tu cuerpo funcione a la perfecci\u00f3n, no porque tenga menos calor\u00edas. La obsesi\u00f3n por entrar en los m\u00e1rgenes de lo que la sociedad impone como bello, es contraproducente para la salud mental.<\/p>\n<p><!-- BREAK 20 --><\/p>\n<p>Si nos preguntamos qu\u00e9 es la salud, tendremos una definici\u00f3n m\u00e1s o menos r\u00e1pida: la ausencia de la enfermedad. Sin embargo, si nos preguntamos <strong>qu\u00e9 es la belleza, hay ocho billones de respuestas<\/strong>, que es el n\u00famero de habitantes del planeta, y dentro de 20 a\u00f1os habr\u00e1 otras respuestas distintas. Qu\u00e9 complicado lo de ser &#8220;bello&#8221;, \u00bfno?<\/p>\n<p><!-- BREAK 21 --><\/p>\n<p>En Vit\u00f3nica | <a href=\"https:\/\/www.vitonica.com\/wellness\/ideales-de-belleza-femenina-a-lo-largo-de-la-historia-el-video-viral\">Ideales de belleza femenina a lo largo de la historia (el v\u00eddeo viral)<\/a><\/p>\n<p><!-- BREAK 22 --><\/p>\n<p>Im\u00e1genes | <a href=\"https:\/\/unsplash.com\/es\/fotos\/xyZSluLaCMc\">Manolj Kulkarni<\/a> (Unsplash), <a href=\"https:\/\/unsplash.com\/es\/fotos\/Ue5kuMVmIhU\">John McArthur<\/a> (Unsplash), <a href=\"https:\/\/unsplash.com\/es\/fotos\/Pe9IXUuC6QU\">Raphael Lovaski<\/a> (Unsplash)<\/p>\n<p><!-- BREAK 23 --><script> (function() { window._JS_MODULES = window._JS_MODULES || {}; var headElement = document.getElementsByTagName('head')[0]; if (_JS_MODULES.instagram) { var instagramScript = document.createElement('script'); instagramScript.src = 'https:\/\/platform.instagram.com\/en_US\/embeds.js'; instagramScript.async = true; instagramScript.defer = true; headElement.appendChild(instagramScript); } })();\n<\/script> <\/p>\n<p> &#8211; <br \/> La noticia <a href=\"https:\/\/www.vitonica.com\/wellness\/dientes-negros-fueron-bellos-siguen-siendo-asi-cambia-concepto-belleza-tiempos-culturas?utm_source=feedburner&#038;utm_medium=feed&#038;utm_campaign=21_May_2023\"> <em> Los dientes negros fueron bellos (y lo siguen siendo): as\u00ed cambia el concepto de belleza entre tiempos y culturas <\/em> <\/a> fue publicada originalmente en <a href=\"https:\/\/www.vitonica.com?utm_source=feedburner&#038;utm_medium=feed&#038;utm_campaign=21_May_2023\"> <strong> Vit\u00f3nica <\/strong> <\/a> por <a href=\"https:\/\/www.vitonica.com\/autor\/joaquin-vico?utm_source=feedburner&#038;utm_medium=feed&#038;utm_campaign=21_May_2023\"> Joaqu\u00edn Vico <\/a> . <\/p>\n","protected":false},"author":1,"featured_media":9120,"comment_status":"closed","ping_status":"closed","sticky":false,"template":"","format":"standard","meta":[],"categories":[16],"tags":[],"_links":{"self":[{"href":"https:\/\/latecordoba.com\/index.php\/wp-json\/wp\/v2\/posts\/9119"}],"collection":[{"href":"https:\/\/latecordoba.com\/index.php\/wp-json\/wp\/v2\/posts"}],"about":[{"href":"https:\/\/latecordoba.com\/index.php\/wp-json\/wp\/v2\/types\/post"}],"author":[{"embeddable":true,"href":"https:\/\/latecordoba.com\/index.php\/wp-json\/wp\/v2\/users\/1"}],"replies":[{"embeddable":true,"href":"https:\/\/latecordoba.com\/index.php\/wp-json\/wp\/v2\/comments?post=9119"}],"version-history":[{"count":0,"href":"https:\/\/latecordoba.com\/index.php\/wp-json\/wp\/v2\/posts\/9119\/revisions"}],"wp:featuredmedia":[{"embeddable":true,"href":"https:\/\/latecordoba.com\/index.php\/wp-json\/wp\/v2\/media\/9120"}],"wp:attachment":[{"href":"https:\/\/latecordoba.com\/index.php\/wp-json\/wp\/v2\/media?parent=9119"}],"wp:term":[{"taxonomy":"category","embeddable":true,"href":"https:\/\/latecordoba.com\/index.php\/wp-json\/wp\/v2\/categories?post=9119"},{"taxonomy":"post_tag","embeddable":true,"href":"https:\/\/latecordoba.com\/index.php\/wp-json\/wp\/v2\/tags?post=9119"}],"curies":[{"name":"wp","href":"https:\/\/api.w.org\/{rel}","templated":true}]}}