{"id":9115,"date":"2023-05-21T12:55:05","date_gmt":"2023-05-21T12:55:05","guid":{"rendered":"https:\/\/viapais.com.ar\/tres-arroyos\/elecciones-2023-en-tres-arroyos-sanchez-se-bajo-y-comienza-un-nuevo-juego\/"},"modified":"2023-05-21T12:55:05","modified_gmt":"2023-05-21T12:55:05","slug":"elecciones-2023-en-tres-arroyos-sanchez-se-bajo-y-comienza-un-nuevo-juego","status":"publish","type":"post","link":"https:\/\/latecordoba.com\/index.php\/2023\/05\/21\/elecciones-2023-en-tres-arroyos-sanchez-se-bajo-y-comienza-un-nuevo-juego\/","title":{"rendered":"Elecciones 2023 en Tres Arroyos: S\u00e1nchez se baj\u00f3 y comienza un nuevo juego"},"content":{"rendered":"\n<div><img decoding=\"async\" src=\"http:\/\/latecordoba.com\/wp-content\/uploads\/2023\/05\/elecciones-2023-en-tres-arroyos-sanchez-se-bajo-y-comienza-un-nuevo-juego.jpg\" class=\"ff-og-image-inserted\"><\/div>\n<p>La decisi\u00f3n de <b>Carlos S\u00e1nchez<\/b> de no presentarse como candidato a intendente ha modificado el mapa pol\u00edtico, para propios y extra\u00f1os, de cara a las pr\u00f3ximas elecciones ejecutivas.<\/p>\n<p>Por primera vez, <b>el Movimiento Vecinal<\/b> <b>no contar\u00e1 con un l\u00edder natural<\/b> y eso ha causado un verdadero cimbronazo puertas adentro y nuevos aires hacia afuera.<\/p>\n<p>No cabe duda que el Movimiento Vecinal es un partido de <b>liderazgo verticalista<\/b>, ya no podemos dilucidar si desde su propia concepci\u00f3n como fuerza pol\u00edtica o por la impronta que le inculc\u00f3 Carlos S\u00e1nchez tras 20 a\u00f1os en el poder.<\/p>\n<p>Lo cierto es que la carrera por la sucesi\u00f3n ha comenzado.<\/p>\n<p><a href=\"https:\/\/viapais.com.ar\/tres-arroyos\/elecciones-2023-un-cambio-de-era-en-el-movimiento-vecinal\/\" target=\"_blank\" rel=\"noopener\"><b>Ya desde mediados de 2022 se especulaba con la posibilidad de recurrir a una interna dentro del Movimiento Vecinal<\/b><\/a>, ante la posibilidad de que S\u00e1nchez no vuelva a presentarse: <b>Claudia Cittadino, Werner Nickel y Mat\u00edas Fhurer asomaban como los posibles candidatos a sucederlo en la intendencia.<\/b><\/p>\n<p>Inclusive por aquellos d\u00edas se filtr\u00f3 una imagen, que V\u00eda Tres Arroyos rescat\u00f3, de una <b>bandera de Mat\u00edas Fhurer con los colores del Movimiento Vecinal <\/b>con la leyenda \u201cMat\u00edas 2023\u2033. Consultado al respecto, en aquella oportunidad Fhurer no tuvo reparo en afirmar que aspiraba a la intendencia.<\/p>\n<p><b>\u00bfEse acto de \u201crebeld\u00eda\u201d fue la causa de su alejamiento del Vecinalismo?<\/b> \u00bfEl verticalismo del partido no le perdon\u00f3 su osad\u00eda? Algunos atribuyen su alejamiento a su pelea con el diputado Carlos \u201cCuto\u201d Moreno. Tiempo despu\u00e9s el propio <a href=\"https:\/\/viapais.com.ar\/tres-arroyos\/matias-fhurer-precandidato-a-intendente-se-que-le-puedo-dar-a-la-politica-de-tres-arroyos-una-vision-diferente\/\" target=\"_blank\" rel=\"noopener\"><b>Fhurer<\/b><\/a> indic\u00f3 a<i> V\u00eda Tres Arroyos<\/i> \u201cfue un poco de las dos cosas\u201d.<\/p>\n<p>Lo cierto que en los \u00faltimos d\u00edas, la <b>encuesta solicitada por el Movimiento Vecinal arroj\u00f3 que Werner Nickel encabeza las preferencias de la sociedad, seguido por Claudia Cittadino y Mariano Hern\u00e1ndez.<\/b> Tambi\u00e9n es cierto, que los que est\u00e1n acostumbrados a mandar y a que todo el mundo obedezca sus \u00f3rdenes, tienen un candidato favorito. En busca de un candidato \u00fanico, algunos apuestan a unos, otros apuestan a otros. Nadie quiso ceder; hubo explosiones, esquirlas y heridos.<\/p>\n<p>Dadas estas diferencias,<b> todo indicar\u00eda que habr\u00e1 internas entre Claudia Cittadino y Werner Nickel en las PASO.<\/b><\/p>\n<p><b>Por su parte, Mariano Hern\u00e1ndez en esta oportunidad habr\u00eda decidido no participar. <\/b><\/p>\n<p>El joven copetonense ha demostrado sobradas cualidades y capacidad de gesti\u00f3n para ocupar el mayor cargo ejecutivo del municipio, pero,<b> por motu propio, habr\u00eda declinado su candidatura en pos de referentes con mayor experiencia, <\/b>mientras contin\u00faa acumulando la suya que, sin duda alguna, lo instalan a futuro como un referente del Vecinalismo y n\u00famero puesto camino a la intendencia.<\/p>\n<h2 class>El peronismo de Tres Arroyos y sus dos frentes abiertos<\/h2>\n<p>El peronismo de Tres Arroyos lucha con dos frentes abiertos.<\/p>\n<p>Por un lado <b>intentar\u00e1 no ser arrastrado por la mala administraci\u00f3n nacional<\/b> y por la incertidumbre que genera en la sociedad en general y el peronismo en particular, el no conocer a\u00fan un firme candidato a la presidencia tras el fallido (hasta hoy) operativo clamor a favor de la candidatura de Cristina Fern\u00e1ndez.<\/p>\n<p>El segundo frente de lucha abierto es <b>mantener la tropa unida.<\/b><\/p>\n<p><b>Versiones indican que un referente del peronismo estar\u00eda negociando su incorporaci\u00f3n al Movimiento Vecinal.<\/b><\/p>\n<p>De concretarse, la cancha se embarrar\u00eda a\u00fan m\u00e1s, aunque como siempre, ser\u00e1 la sociedad la encargada de hacerle saber a ese referente peronista y al vecinalismo, si en la perinola de la pol\u00edtica, en el cambiazo, ganan todos o pierden todos.<\/p>\n<p><b>Por su parte el referente en Tres Arroyos del espacio Camino a la Victoria, Mart\u00edn Garate,<\/b> con buen sentido de la sensatez, apuesta a la uni\u00f3n y a la b\u00fasqueda de un candidato \u00fanico.<\/p>\n<p>\u201cYo vengo planteando desde hace tiempo esto de la generosidad pol\u00edtica y la idea de tener un buen gran candidato de consenso\u201d.<\/p>\n<p>\u201cCon S\u00e1nchez o sin S\u00e1nchez como candidato del Movimiento Vecinal las posibilidades de volver a tener un intendente del Frente de Todos est\u00e1n intactas, pero <b>hay que pensar en alguien que tenga capacidad porque los cuatro a\u00f1os que vienen en Tres Arroyos, La Naci\u00f3n y la Provincia ser\u00e1n muy dif\u00edciles\u201d<\/b><\/p>\n<p>\u201cEncerrarnos en <b>una disputa de egos personales no es el camino<\/b>, eso yo no lo comparto. Hay que generar un consenso y ojal\u00e1 el resto de los sectores lo entiendan, y si no, iremos a las PASO\u201d \u2013 <b>indic\u00f3 Mart\u00edn Garate a <\/b><i><b>V\u00eda Tres Arroyos.<\/b><\/i><\/p>\n<h2 class>Juntos por el Cambio: Candidato en la gatera a la espera de rival<\/h2>\n<p>Si algo parece definido dentro de <b>Juntos por el Cambio<\/b> es que <b>habr\u00e1 PASO.<\/b><\/p>\n<p><b>Mat\u00edas Fhurer<\/b> hace tiempo que lanz\u00f3 su candidatura y un poco menos que confirm\u00f3 su participaci\u00f3n dentro del espacio Juntos por el Cambio.<\/p>\n<p>Fhurer fue el pol\u00edtico que mejor ley\u00f3 la cancha y entendi\u00f3 temprano que la incertidumbre causa angustia, que el no saber lo que existe hacia adelante a nivel pol\u00edtico, social y econ\u00f3mico preocupa a la sociedad y que algunas certezas apaciguan las aguas, por eso, <b>su temprana decisi\u00f3n de postularse como intendente, Fhurer la considera un acierto de su parte:<\/b><\/p>\n<p><b>En una entrevista realizada por <\/b><i><b>V\u00eda Tres Arroyos<\/b><\/i><b> el pasado 29 de abril Fhurer indicaba al respecto que:<\/b> \u201cEn la jerga pol\u00edtica se dice que el que dice que quiere un cargo con tanta anticipaci\u00f3n, no llega o llega debilitado porque todos le apuntan a ese. A m\u00ed me pas\u00f3 al contrario: ninguno se anim\u00f3 a apuntarme, hasta ahora\u201d.<\/p>\n<p>\u201cPor eso me siento fortalecido. No tengo nada que ocultar, no soy funcionario p\u00fablico y vivo de mi econom\u00eda, entonces, cuando uno est\u00e1 tranquilo con su accionar y con los principios que tiene, puede decir que quiere ser intendente en cualquier momento y en cualquier lugar, obviamente que teniendo un equipo atr\u00e1s. Yo estoy convencido que el equipo que me acompa\u00f1a est\u00e1 capacitado para que yo pueda decirlo\u201d.<\/p>\n<p>\u201cLa gente tiene que saber que quiere cada uno y lo capacitado que est\u00e1 para cada puesto. Yo fui militante, fui concejal, fui funcionario p\u00fablico de este gobierno con el que comparto principios fundacionales pero no sus \u00faltimas formas que han sido muy diferentes a sus principios\u201d.<\/p>\n<p><b>\u00bfContra qui\u00e9n competir\u00e1 Fhurer en las internas? A\u00fan es un misterio. <\/b>Nadie se ha lanzado a\u00fan. A la <b>espera de mayores definiciones a nivel Nacional y Provincial,<\/b> que ordene las internas, los candidatos tresarroyenses todav\u00eda especulan buscando la mejor alternativa y el mejor emparejamiento posible dentro de las opciones que definir\u00e1 el espacio antes de las PASO.<\/p>\n<p><i>V\u00eda Tres Arroyos<\/i> <b>consult\u00f3 a Daiana de Grazia<\/b>, referente radical de Junto por el Cambio pero no habl\u00f3 de futuras candidaturas:<\/p>\n<p>\u201cEstamos trabajando muy fuertemente puertas adentro con los tres partidos que componen Juntos por el Cambio y de manera individual tambi\u00e9n, analizando las cosas que hay que mejorar para Tres Arroyos. Hay cosas que son de muy larga data y que no se han podido resolver desde el gobierno vecinalista\u201d.<\/p>\n<p>\u201cTenemos la visi\u00f3n de sostener, mantener y mejorar las cosas que est\u00e1n bien hechas, y eso est\u00e1 bueno reconocerlo y resaltarlo.\u201d<\/p>\n<p><b>\u201cHoy hablar de candidaturas me parece un poco precipitado.<\/b> Lo m\u00e1s importante es pensar lo que necesita Tres Arroyos y las localidades que han estado apartadas de toda posibilidad de crecimiento, para el cierre de las listas falta m\u00e1s de un mes\u201d \u2013 <b>indic\u00f3 la concejal De Grazia.<\/b><\/p>\n<p><b>Enrique Groenenberg a mediados de 2022 expres\u00f3 su deseo de ser precandidato a intendente<\/b> dentro del espacio, y probablemente su candidatura sea una de las tantas negociaciones que hoy se discuten.<\/p>\n<p>Por su parte el gran ganador de las elecciones legislativas 2021, <b>Carlos \u00c1vila<\/b>, con la experiencia acumulada como delegado de Claromec\u00f3, sumada a su incursi\u00f3n por los tejes y manejes pol\u00edticos del Concejo Deliberante, \u00bfSe animar\u00e1 a participar, para saludar el 10 de diciembre desde el balc\u00f3n de Rivadavia 1?<\/p>\n<p><b>\u00bfY Antinori? \u00bfY Giordano? \u00bfY Candela? \u00bfY la moto?<\/b><\/p>\n<p>Lo cierto es que a poco m\u00e1s de un mes para las PASO, ning\u00fan partido pol\u00edtico se decide a\u00fan a mostrar sus cartas, porque consideran que a\u00fan no es el momento, o por conflictos internos, indecisiones propias del poder o egos personales.<\/p>\n","protected":false},"excerpt":{"rendered":"<p>La decisi\u00f3n de Carlos S\u00e1nchez de no presentarse como candidato a intendente ha modificado el mapa pol\u00edtico, para propios y extra\u00f1os, de cara a las pr\u00f3ximas elecciones ejecutivas. Por primera vez, el Movimiento Vecinal no contar\u00e1 con un l\u00edder natural y eso ha causado un verdadero cimbronazo puertas adentro y nuevos aires hacia afuera. No [&hellip;]<\/p>\n","protected":false},"author":1,"featured_media":9116,"comment_status":"closed","ping_status":"closed","sticky":false,"template":"","format":"standard","meta":[],"categories":[15],"tags":[],"_links":{"self":[{"href":"https:\/\/latecordoba.com\/index.php\/wp-json\/wp\/v2\/posts\/9115"}],"collection":[{"href":"https:\/\/latecordoba.com\/index.php\/wp-json\/wp\/v2\/posts"}],"about":[{"href":"https:\/\/latecordoba.com\/index.php\/wp-json\/wp\/v2\/types\/post"}],"author":[{"embeddable":true,"href":"https:\/\/latecordoba.com\/index.php\/wp-json\/wp\/v2\/users\/1"}],"replies":[{"embeddable":true,"href":"https:\/\/latecordoba.com\/index.php\/wp-json\/wp\/v2\/comments?post=9115"}],"version-history":[{"count":0,"href":"https:\/\/latecordoba.com\/index.php\/wp-json\/wp\/v2\/posts\/9115\/revisions"}],"wp:featuredmedia":[{"embeddable":true,"href":"https:\/\/latecordoba.com\/index.php\/wp-json\/wp\/v2\/media\/9116"}],"wp:attachment":[{"href":"https:\/\/latecordoba.com\/index.php\/wp-json\/wp\/v2\/media?parent=9115"}],"wp:term":[{"taxonomy":"category","embeddable":true,"href":"https:\/\/latecordoba.com\/index.php\/wp-json\/wp\/v2\/categories?post=9115"},{"taxonomy":"post_tag","embeddable":true,"href":"https:\/\/latecordoba.com\/index.php\/wp-json\/wp\/v2\/tags?post=9115"}],"curies":[{"name":"wp","href":"https:\/\/api.w.org\/{rel}","templated":true}]}}