{"id":9113,"date":"2023-05-19T18:44:42","date_gmt":"2023-05-19T18:44:42","guid":{"rendered":"https:\/\/www.eldiariodeturismo.com.ar\/?p=230242"},"modified":"2023-05-19T18:44:42","modified_gmt":"2023-05-19T18:44:42","slug":"florencia-busilachi-presenta-el-finde-del-turismo-en-la-ciudad-de-buenos-aires","status":"publish","type":"post","link":"https:\/\/latecordoba.com\/index.php\/2023\/05\/19\/florencia-busilachi-presenta-el-finde-del-turismo-en-la-ciudad-de-buenos-aires\/","title":{"rendered":"Florencia Busilachi presenta \u201cEl\u00a0finde\u00a0del Turismo en la Ciudad de Buenos Aires\u201d"},"content":{"rendered":"<br \/>\n<h5 class=\"MsoNormal\"><b><span>Florencia Busilachi, Jefa de Gabinete del Ente de Turismo de la Ciudad de Buenos Aires<\/span><\/b><span> presenta \u00ab<b>El f<span class=\"il\">inde<\/span> del Turismo\u00bb:<\/b> una iniciativa para mostrar la oferta de atractivos tur\u00edsticos a viajeros y a vecinos de la Ciudad de Buenos Aires que se va a desarrollar el s\u00e1bado 20 y el domingo 21 de mayo.<\/span><\/h5>\n<h5 class=\"MsoNormal\"><b><span>Busilachi<\/span><\/b><span> destac\u00f3 que se trata de una propuesta vinculada con<b> La <\/b><\/span><b><span>Noche del Turismo<\/span><\/b><span> y que tuvo dos exitosas ediciones durante 2022. En esta oportunidad contar\u00e1 con <\/span><strong><span>circuitos tem\u00e1ticos (hist\u00f3ricos, futboleros, art\u00edsticos, teatralizados), <\/span><span>recorridos especiales, paseos (en buses y n\u00e1uticos con descuentos y promociones), actividades gratuitas en horarios extendidos<\/span><span> y la gastronom\u00eda en patios, terrazas y mercados como atractivo.<\/span><\/strong><\/h5>\n<h5 class=\"MsoNormal\"><span>Adem\u00e1s de shows, experiencias inmersivas y presentaciones destacadas como la <b>Feria del Distrito del Vino<\/b>, habr\u00e1 beneficios especiales en<b> Bares Notables <\/b>y en algunos de ellos activaciones art\u00edsticas, la <b>1\u00aa Regata de Remo en el Riachuelo <\/b>y la exhibici\u00f3n fotogr\u00e1fica y de bocetos <b>\u00abDisney 100 a\u00f1os\u00bb <\/b>en Villa Crespo. <\/span><\/h5>\n<h5 class=\"MsoNormal\"><span>Acompa\u00f1ando esta propuesta, se podr\u00e1 viajar gratis en todas las l\u00edneas de <strong>SUBTE<\/strong> desde las 19:00 hs hasta el horario de cierre del servicio.<\/span><\/h5>\n<h5 class=\"MsoNormal\"><span>Se puede acceder a la informaci\u00f3n completa del evento en <\/span><strong><a href=\"https:\/\/turismo.buenosaires.gob.ar\/es\/FindeDelTurismo\" target=\"_blank\" rel=\"noopener\"><span>https:\/\/turismo.buenosaires.gob.ar\/es\/FindeDelTurismo<\/span><\/a><\/strong><\/h5>\n<h4>&nbsp;<\/h4>\n<figure class=\"wp-block-embed is-type-video is-provider-youtube wp-block-embed-youtube wp-embed-aspect-16-9 wp-has-aspect-ratio\">\n<div class=\"wp-block-embed__wrapper\">\n<div class=\"fitvids-video\"><iframe loading=\"lazy\" title=\"Florencia Busilachi, Ente de Turismo de la Ciudad de Buenos Aires - El Diario de Turismo 18-05-2023\" width=\"800\" height=\"450\" src=\"https:\/\/www.youtube.com\/embed\/q09OFtqEmiA?feature=oembed\" frameborder=\"0\" allow=\"accelerometer; autoplay; clipboard-write; encrypted-media; gyroscope; picture-in-picture; web-share\" allowfullscreen>[embedded content]<\/iframe><\/div>\n<\/div>\n<\/figure>\n<p><img decoding=\"async\" loading=\"lazy\" class=\"aligncenter wp-image-230247 size-full\" src=\"http:\/\/latecordoba.com\/wp-content\/uploads\/2023\/05\/florencia-busilachi-presenta-el-finde-del-turismo-en-la-ciudad-de-buenos-aires.jpg\" alt width=\"500\" height=\"281\" srcset=\"http:\/\/latecordoba.com\/wp-content\/uploads\/2023\/05\/florencia-busilachi-presenta-el-finde-del-turismo-en-la-ciudad-de-buenos-aires.jpg 500w, https:\/\/www.eldiariodeturismo.com.ar\/wp-content\/uploads\/2023\/05\/CABA-1114-300x169.jpg 300w\" sizes=\"(max-width: 500px) 100vw, 500px\"><\/p>\n<h4>&nbsp;<\/h4>\n<h4><a href=\"https:\/\/turismo.buenosaires.gob.ar\/es\/FindeDelTurismo\" target=\"_blank\" rel=\"noopener\"><img decoding=\"async\" loading=\"lazy\" class=\"aligncenter wp-image-230252 size-full\" src=\"http:\/\/latecordoba.com\/wp-content\/uploads\/2023\/05\/florencia-busilachi-presenta-el-finde-del-turismo-en-la-ciudad-de-buenos-aires-1.jpg\" alt width=\"600\" height=\"176\" srcset=\"http:\/\/latecordoba.com\/wp-content\/uploads\/2023\/05\/florencia-busilachi-presenta-el-finde-del-turismo-en-la-ciudad-de-buenos-aires-3.jpg 600w, https:\/\/www.eldiariodeturismo.com.ar\/wp-content\/uploads\/2023\/05\/caba-1-300x88.jpg 300w\" sizes=\"(max-width: 600px) 100vw, 600px\"><\/a><\/h4>\n<h4>&nbsp;<\/h4>\n<p><a href=\"https:\/\/radiotrendtopic.com.ar\/web\/\" target=\"_blank\" rel=\"noopener\"><img decoding=\"async\" loading=\"lazy\" class=\"size-full wp-image-215708 alignright\" src=\"http:\/\/latecordoba.com\/wp-content\/uploads\/2023\/05\/florencia-busilachi-presenta-el-finde-del-turismo-en-la-ciudad-de-buenos-aires-2.jpg\" alt width=\"208\" height=\"199\"><\/a><\/p>\n<h5><strong>El Diar<\/strong><strong>io de&nbsp;Turismo Radio<\/strong>&nbsp;<strong>en Radio Trend Topic, pod\u00e9s escucharnos en vivo en&nbsp;&nbsp;<a href=\"https:\/\/radiotrendtopic.com.ar\/web\/\" target=\"_blank\" rel=\"noopener\">radiotrendtopic.com.ar<\/a><\/strong><\/h5>\n<h5><strong>Programa 475 del 18 de mayo <\/strong><strong>de 2023<\/strong><\/h5>\n","protected":false},"excerpt":{"rendered":"<p> Florencia Busilachi, Jefa de Gabinete del Ente de Turismo de la Ciudad de Buenos Aires presenta \u00abEl finde del Turismo\u00bb:  <\/p>\n","protected":false},"author":1,"featured_media":9114,"comment_status":"open","ping_status":"closed","sticky":false,"template":"","format":"standard","meta":[],"categories":[19],"tags":[],"_links":{"self":[{"href":"https:\/\/latecordoba.com\/index.php\/wp-json\/wp\/v2\/posts\/9113"}],"collection":[{"href":"https:\/\/latecordoba.com\/index.php\/wp-json\/wp\/v2\/posts"}],"about":[{"href":"https:\/\/latecordoba.com\/index.php\/wp-json\/wp\/v2\/types\/post"}],"author":[{"embeddable":true,"href":"https:\/\/latecordoba.com\/index.php\/wp-json\/wp\/v2\/users\/1"}],"replies":[{"embeddable":true,"href":"https:\/\/latecordoba.com\/index.php\/wp-json\/wp\/v2\/comments?post=9113"}],"version-history":[{"count":0,"href":"https:\/\/latecordoba.com\/index.php\/wp-json\/wp\/v2\/posts\/9113\/revisions"}],"wp:featuredmedia":[{"embeddable":true,"href":"https:\/\/latecordoba.com\/index.php\/wp-json\/wp\/v2\/media\/9114"}],"wp:attachment":[{"href":"https:\/\/latecordoba.com\/index.php\/wp-json\/wp\/v2\/media?parent=9113"}],"wp:term":[{"taxonomy":"category","embeddable":true,"href":"https:\/\/latecordoba.com\/index.php\/wp-json\/wp\/v2\/categories?post=9113"},{"taxonomy":"post_tag","embeddable":true,"href":"https:\/\/latecordoba.com\/index.php\/wp-json\/wp\/v2\/tags?post=9113"}],"curies":[{"name":"wp","href":"https:\/\/api.w.org\/{rel}","templated":true}]}}