{"id":9105,"date":"2023-05-20T22:39:00","date_gmt":"2023-05-20T22:39:00","guid":{"rendered":"https:\/\/www.lapoliticaonline.com\/internacionales\/lasso-aprovecha-el-cierre-del-congreso-para-sacar-la-reforma-laboral-por-decreto\/"},"modified":"2023-05-20T22:39:00","modified_gmt":"2023-05-20T22:39:00","slug":"lasso-aprovecha-el-cierre-del-congreso-para-sacar-la-reforma-laboral-por-decreto","status":"publish","type":"post","link":"https:\/\/latecordoba.com\/index.php\/2023\/05\/20\/lasso-aprovecha-el-cierre-del-congreso-para-sacar-la-reforma-laboral-por-decreto\/","title":{"rendered":"Lasso aprovecha el cierre del Congreso para sacar la reforma laboral por decreto"},"content":{"rendered":"\n<div id=\"vsmcontent\" readability=\"115.63864967275\">\n<p>Guillermo Lasso sabe que le quedan seis meses de gobierno y, aunque su salida ser\u00e1 dos a\u00f1os antes de los previsto, tiene decidido aprovechar al m\u00e1ximo el cierre del Congreso para avanzar en reformas frenadas por al oposici\u00f3n.&nbsp;<\/p>\n<p>Lo que busca es retomar la reforma estructural que no pudo aprobar por su condici\u00f3n de minor\u00eda legislativa y sacarla por decreto. Son tres: laboral, econ\u00f3mica y tributaria.&nbsp;El primer decreto &nbsp;enviado a la Corte Constitucional (que reemplaza&nbsp;a la Asamblea Nacional) fue la reforma tributaria. La propuesta es aplicar&nbsp; un impuesto a la renta de personas naturales y una reducci\u00f3n&nbsp;general de impuestos para el sector productivo.&nbsp;<\/p>\n<p><a href=\"https:\/\/www.lapoliticaonline.com\/tools\/redirect.php?t=3&amp;i=258947&amp;s=1c353dff60a5db4b89e53439db9426e5\" class=\"link-type-content content-type-noticia-ar\">M\u00e1xima tensi\u00f3n en Ecuador: Lasso disuelve el Congreso para evitar ser destituido<\/a><\/p>\n<p>Otro de los decretos que saldr\u00e1 en las pr\u00f3ximas&nbsp;horas&nbsp;es el de urgencia&nbsp;econ\u00f3mica que propondr\u00e1, seg\u00fan pudo saber LPO, privatizaciones de empresas p\u00fablicas en el sector energ\u00e9tico, cambios en la seguridad social y beneficios para las inversiones extranjeras. Esto incluye&nbsp;un proyecto sobre zonas francas que&nbsp;ofrece ventajas tributarias y que busca promover el desarrollo del comercio exterior.&nbsp;<\/p>\n<p class=\"authorquote\">Lo que busca es retomar la reforma estructural que no pudo aprobar por su condici\u00f3n de minor\u00eda legislativa y sacarla por decreto. Son tres: laboral, econ\u00f3mica y tributaria. El primer decreto enviado a la Corte Constitucional (que reemplaza a la Asamblea Nacional) fue la reforma tributaria<\/p>\n<p>En el gobierno&nbsp;de Rafael Correa se implement\u00f3 las zonas econ\u00f3micas de desarrollo especial (Zedes). La diferencia que con la iniciativa de Lasso, los empresarios del sector privado podr\u00e1n presentar sus iniciativas para establecer zonas francas en los lugares que m\u00e1s les convenga, las cuales deben tener los respectivos an\u00e1lisis t\u00e9cnico, jur\u00eddico y econ\u00f3mico. En las Zedes, el gobierno propon\u00eda el lugar.<\/p>\n<p>El tercer decreto es de la reforma laboral que ya tiene con la guardia alta a las organizaciones gremiales que anticiparon medidas de fuerza en caso de que se trate de una pol\u00edtica regresiva para los derechos de los trabajadores.&nbsp;<\/p>\n<figure class=\"vsmimage\" contenteditable=\"false\"><img decoding=\"async\" loading=\"lazy\" alt=\"El Congreso de Ecuador cerrado y custodiado por militares.\" data-vsmid=\"190023\" data-owidth=\"3201\" data-oheight=\"2134\" src=\"data:image\/png;base64,iVBORw0KGgoAAAANSUhEUgAAA7YAAAJzAQMAAAABZh1oAAAAA1BMVEUAAACnej3aAAAAAXRSTlMAQObYZgAAAGBJREFUeJztwTEBAAAAwqD1T20ND6AAAAAAAAAAAAAAAAAAAAAAAAAAAAAAAAAAAAAAAAAAAAAAAAAAAAAAAAAAAAAAAAAAAAAAAAAAAAAAAAAAAAAAAAAAAAAAAACAdwMl9wABdH32nQAAAABJRU5ErkJggg==\" vsmidos=\"1\" vsmsrc=\"\/files\/image\/190\/190023\/64695455ef90a_950_627!.jpg?s=d9df5450e162debc3161e87766b4b56c&amp;d=1684624472\" width=\"950\" height=\"627\" contenteditable=\"false\"><\/figure>\n<p><span>Jos\u00e9 Villavicencio, presidente del Frente Unitario de Trabajadores (FUT), se\u00f1al\u00f3 que se prepara una Convenci\u00f3n Nacional para el s\u00e1bado 3 de junio, donde se definir\u00e1n acciones.<\/span><\/p>\n<p>&nbsp;El ministro del Trabajo, Patricio Donoso&nbsp;se\u00f1al\u00f3&nbsp;que &#8220;el presidente est\u00e1 decidido a aprobar, a trav\u00e9s de lo que le confiere la Constituci\u00f3n, leyes que no fueron tratadas por la Asamblea, una de ellas es la reforma laboral&#8221;.<\/p>\n<p>En el corre\u00edsmo tiene una situaci\u00f3n ambivalente. Por un lado, como dijo Rafael Correa, a pesar de considerar ilegal la muerte cruzada, entienden que una forma de que Lasso &#8220;se vuelva a su casa&#8221;. Sin embargo, afirman que en estos seis meses de gobierno por decreto se fortalecer\u00e1 &#8220;el costado autoritario y el neoliberalismo rampante&#8221; del Presidente. &#8220;No dejar\u00e1 nada sin privatizar&#8221;, denuncian.&nbsp;<\/p>\n<\/div>\n<p><strong>Copyright La Politica Online SA 2023.<\/strong><br \/>Por favor no corte ni pegue en la web nuestras notas, tiene la posibilidad de redistribuirlas usando nuestras herramientas.<\/p>\n","protected":false},"excerpt":{"rendered":"<p> El presidente ecuatoriano usar\u00e1 estos 6 meses para imponer por decreto una reforma laboral, tributaria y administrativa que no pudo pasar por el Congreso. En la oposici\u00f3n afirman que se vienen una ola de privatizaciones.  <\/p>\n","protected":false},"author":1,"featured_media":9106,"comment_status":"closed","ping_status":"closed","sticky":false,"template":"","format":"standard","meta":[],"categories":[18],"tags":[],"_links":{"self":[{"href":"https:\/\/latecordoba.com\/index.php\/wp-json\/wp\/v2\/posts\/9105"}],"collection":[{"href":"https:\/\/latecordoba.com\/index.php\/wp-json\/wp\/v2\/posts"}],"about":[{"href":"https:\/\/latecordoba.com\/index.php\/wp-json\/wp\/v2\/types\/post"}],"author":[{"embeddable":true,"href":"https:\/\/latecordoba.com\/index.php\/wp-json\/wp\/v2\/users\/1"}],"replies":[{"embeddable":true,"href":"https:\/\/latecordoba.com\/index.php\/wp-json\/wp\/v2\/comments?post=9105"}],"version-history":[{"count":0,"href":"https:\/\/latecordoba.com\/index.php\/wp-json\/wp\/v2\/posts\/9105\/revisions"}],"wp:featuredmedia":[{"embeddable":true,"href":"https:\/\/latecordoba.com\/index.php\/wp-json\/wp\/v2\/media\/9106"}],"wp:attachment":[{"href":"https:\/\/latecordoba.com\/index.php\/wp-json\/wp\/v2\/media?parent=9105"}],"wp:term":[{"taxonomy":"category","embeddable":true,"href":"https:\/\/latecordoba.com\/index.php\/wp-json\/wp\/v2\/categories?post=9105"},{"taxonomy":"post_tag","embeddable":true,"href":"https:\/\/latecordoba.com\/index.php\/wp-json\/wp\/v2\/tags?post=9105"}],"curies":[{"name":"wp","href":"https:\/\/api.w.org\/{rel}","templated":true}]}}