{"id":9093,"date":"2023-05-20T19:11:33","date_gmt":"2023-05-20T19:11:33","guid":{"rendered":"https:\/\/elnoticierodigital.com.ar\/?p=1391065"},"modified":"2023-05-20T19:11:33","modified_gmt":"2023-05-20T19:11:33","slug":"nacho-de-gran-hermano-revelo-como-descubrio-que-romina-mintio-sobre-su-separacion-de-walter-festa","status":"publish","type":"post","link":"https:\/\/latecordoba.com\/index.php\/2023\/05\/20\/nacho-de-gran-hermano-revelo-como-descubrio-que-romina-mintio-sobre-su-separacion-de-walter-festa\/","title":{"rendered":"Nacho de Gran Hermano revel\u00f3 c\u00f3mo descubri\u00f3 que Romina minti\u00f3 sobre su separaci\u00f3n de Walter Festa"},"content":{"rendered":"\n<div class=\"td-post-sharing-top\">\n<div id=\"td_social_sharing_article_top\" class=\"td-post-sharing td-ps-bg td-ps-notext td-post-sharing-style1 \">\n<div class=\"td-post-sharing-visible\"><a class=\"td-social-sharing-button td-social-sharing-button-js td-social-network td-social-facebook\" href=\"https:\/\/www.facebook.com\/sharer.php?u=https%3A%2F%2Felnoticierodigital.com.ar%2F2023%2F05%2F20%2Fnacho-de-gran-hermano-revelo-como-descubrio-que-romina-mintio-sobre-su-separacion-de-walter-festa%2F\" title=\"Facebook\"> <\/p>\n<p>Facebook<\/p>\n<p> <\/a><a class=\"td-social-sharing-button td-social-sharing-button-js td-social-network td-social-twitter\" href=\"https:\/\/twitter.com\/intent\/tweet?text=Nacho+de+Gran+Hermano+revel%C3%B3+c%C3%B3mo+descubri%C3%B3+que+Romina+minti%C3%B3+sobre+su+separaci%C3%B3n+de+Walter+Festa&amp;url=https%3A%2F%2Felnoticierodigital.com.ar%2F2023%2F05%2F20%2Fnacho-de-gran-hermano-revelo-como-descubrio-que-romina-mintio-sobre-su-separacion-de-walter-festa%2F&amp;via=El+Noticiero+Digital\" title=\"Twitter\"> <\/p>\n<p>Twitter<\/p>\n<p> <\/a><\/div>\n<\/div>\n<\/div>\n<div class=\"td-post-content tagdiv-type\" readability=\"45.229347198151\"> <!-- image --><\/p>\n<div class=\"td-post-featured-image\"><a href=\"https:\/\/i0.wp.com\/elnoticierodigital.com.ar\/wp-content\/uploads\/2023\/05\/1391065.png?fit=1600%2C1010&amp;ssl=1\" data-caption><img decoding=\"async\" loading=\"lazy\" width=\"696\" height=\"439\" class=\"entry-thumb td-modal-image\" src=\"http:\/\/latecordoba.com\/wp-content\/uploads\/2023\/05\/nacho-de-gran-hermano-revelo-como-descubrio-que-romina-mintio-sobre-su-separacion-de-walter-festa.png\" srcset=\"http:\/\/latecordoba.com\/wp-content\/uploads\/2023\/05\/nacho-de-gran-hermano-revelo-como-descubrio-que-romina-mintio-sobre-su-separacion-de-walter-festa-1.png 1600w, http:\/\/latecordoba.com\/wp-content\/uploads\/2023\/05\/nacho-de-gran-hermano-revelo-como-descubrio-que-romina-mintio-sobre-su-separacion-de-walter-festa-2.png 300w, http:\/\/latecordoba.com\/wp-content\/uploads\/2023\/05\/nacho-de-gran-hermano-revelo-como-descubrio-que-romina-mintio-sobre-su-separacion-de-walter-festa-3.png 1024w, http:\/\/latecordoba.com\/wp-content\/uploads\/2023\/05\/nacho-de-gran-hermano-revelo-como-descubrio-que-romina-mintio-sobre-su-separacion-de-walter-festa-4.png 768w, http:\/\/latecordoba.com\/wp-content\/uploads\/2023\/05\/nacho-de-gran-hermano-revelo-como-descubrio-que-romina-mintio-sobre-su-separacion-de-walter-festa-5.png 1536w, http:\/\/latecordoba.com\/wp-content\/uploads\/2023\/05\/nacho-de-gran-hermano-revelo-como-descubrio-que-romina-mintio-sobre-su-separacion-de-walter-festa-6.png 150w, http:\/\/latecordoba.com\/wp-content\/uploads\/2023\/05\/nacho-de-gran-hermano-revelo-como-descubrio-que-romina-mintio-sobre-su-separacion-de-walter-festa.png 696w, http:\/\/latecordoba.com\/wp-content\/uploads\/2023\/05\/nacho-de-gran-hermano-revelo-como-descubrio-que-romina-mintio-sobre-su-separacion-de-walter-festa-7.png 1068w, https:\/\/i0.wp.com\/elnoticierodigital.com.ar\/wp-content\/uploads\/2023\/05\/1391065.png?w=1392&amp;ssl=1 1392w\" sizes=\"(max-width: 696px) 100vw, 696px\" alt title=\"1391065\"><\/a><\/div>\n<p> <!-- content --><\/p>\n<article readability=\"28\">Nacho estuvo como invitado en LAM y habl\u00f3 de todo. Y es que, el joven ex participante del programa m\u00e1s visto de la televisi\u00f3n argentina cont\u00f3 en el ciclo de \u00c1ngel de Brito cu\u00e1l es el problema que tiene que lo atormenta desde hace tiempo.<\/p>\n<p>Todo se dio cuando Andrea Taboada le lanz\u00f3: \u201cMe preocupa que La Tora te vea actuar o decir cosas medio son\u00e1mbulo. \u00bfVos le hiciste una joda?\u201d. Fue entonces que Nacho le respondi\u00f3: \u201cSi, a veces me pasa. No me acuerdo de nada al otro dia. Es m\u00e1s, en la casa me pas\u00f3\u201d.<\/p>\n<p>Eso no fue todo porque Nacho cont\u00f3 qu\u00e9 es lo que le pasa cuando se despierta tras hacer cosas estando son\u00e1mbulo: \u201cEs como viste cuando te est\u00e1s quedando dormido y de repente es como que tengo un chip. Yo cuando me despierto no sent\u00ed que me dorm\u00ed\u201d.<\/p>\n<p>De hecho, fue La Tora quien lo mand\u00f3 al frente: \u201cLo que nos pasa en lo habitual es que es casi son\u00e1mbulo, dir\u00eda yo. El otro d\u00eda estaba durmiendo y yo noto cuando se mueve, cuando est\u00e1 medio fastidioso, movi\u00e9ndose fuerte y empez\u00f3 a chillar. Lo mov\u00ed para que se despierte porque no la estaba pasando bien en el sue\u00f1o\u201d.<\/p>\n<p>LA CONFESI\u00d3N DE NACHO<\/p>\n<p>Pero la pol\u00e9mica lleg\u00f3 cuando Nacho fue consultado sobre sus compa\u00f1eros en la casa m\u00e1s famosa del mundo. Fue entonces que el influencer habl\u00f3 sobre las personas con las que mejor se llevaba dentro y fuera del programa m\u00e1s visto de la televisi\u00f3n argentina.<\/p>\n<p>Sincero, Nacho cont\u00f3: \u201cRomi cuando entr\u00f3 nos dijo que estaba separada y que compart\u00eda una casa con \u00e9l. Pero yo le pregunt\u00e9 \u2018y qu\u00e9 pasa si \u00e9l cuando salgas no se quiere ir de la casa y se la queda\u2019. Y ella dec\u00eda que no. Despu\u00e9s cuando sal\u00ed me di cuenta y vi que segu\u00eda con \u00e9l\u201d.<\/p>\n<\/article>\n<p>Fuente: <a href=\"https:\/\/www.paparazzi.com.ar\/teve\/nacho-de-gran-hermano-revelo-como-descubrio-que-romina-mintio-sobre-su-separacion-de-walter-festa\/\">https:\/\/www.paparazzi.com.ar\/<\/a><\/p>\n<\/p><\/div>\n<footer> <!-- post pagination --> <!-- review --> <\/p>\n<div class=\"td-post-sharing-bottom\">\n<div id=\"td_social_sharing_article_bottom\" class=\"td-post-sharing td-ps-bg td-ps-notext td-post-sharing-style1 \">\n<div class=\"td-post-sharing-visible\"><a class=\"td-social-sharing-button td-social-sharing-button-js td-social-network td-social-facebook\" href=\"https:\/\/www.facebook.com\/sharer.php?u=https%3A%2F%2Felnoticierodigital.com.ar%2F2023%2F05%2F20%2Fnacho-de-gran-hermano-revelo-como-descubrio-que-romina-mintio-sobre-su-separacion-de-walter-festa%2F\" title=\"Facebook\"> <\/p>\n<p>Facebook<\/p>\n<p> <\/a><a class=\"td-social-sharing-button td-social-sharing-button-js td-social-network td-social-twitter\" href=\"https:\/\/twitter.com\/intent\/tweet?text=Nacho+de+Gran+Hermano+revel%C3%B3+c%C3%B3mo+descubri%C3%B3+que+Romina+minti%C3%B3+sobre+su+separaci%C3%B3n+de+Walter+Festa&amp;url=https%3A%2F%2Felnoticierodigital.com.ar%2F2023%2F05%2F20%2Fnacho-de-gran-hermano-revelo-como-descubrio-que-romina-mintio-sobre-su-separacion-de-walter-festa%2F&amp;via=El+Noticiero+Digital\" title=\"Twitter\"> <\/p>\n<p>Twitter<\/p>\n<p> <\/a><\/div>\n<\/div>\n<\/div>\n<p> <!-- next prev --><\/p>\n<div class=\"td-block-row td-post-next-prev\">\n<div class=\"td-block-span6 td-post-prev-post\">\n<div class=\"td-post-next-prev-content\"><span>Art\u00edculo anterior<\/span><a href=\"https:\/\/elnoticierodigital.com.ar\/2023\/05\/20\/el-apoyo-inesperado-de-la-ex-de-daniel-osvaldo-a-gianinna-maradona-y-la-fuerte-acusacion-contra-jimena-baron\/\">El apoyo inesperado de la ex de Daniel Osvaldo a Gianinna Maradona y la fuerte acusaci\u00f3n contra Jimena Bar\u00f3n<\/a><\/div>\n<\/div>\n<div class=\"td-block-span6 td-post-next-post\">\n<p><span>Art\u00edculo siguiente<\/span><\/p>\n<\/div>\n<\/div>\n<p> <!-- author box --><\/p>\n<div class=\"author-box-wrap\"><a href=\"https:\/\/elnoticierodigital.com.ar\/author\/webcrawler\/\" aria-label=\"author-photo\"><img alt src=\"http:\/\/latecordoba.com\/wp-content\/uploads\/2023\/05\/nacho-de-gran-hermano-revelo-como-descubrio-que-romina-mintio-sobre-su-separacion-de-walter-festa.jpg\" srcset=\"https:\/\/secure.gravatar.com\/avatar\/22a7d4689581c8ace4eaa406cb3a4ef1?s=192&amp;d=blank&amp;r=g 2x\" class=\"avatar avatar-96 photo\" height=\"96\" width=\"96\" loading=\"lazy\" decoding=\"async\"><\/a><\/div>\n<p> <!-- meta --><span class=\"td-page-meta\" itemprop=\"author\" itemscope itemtype=\"https:\/\/schema.org\/Person\"><meta itemprop=\"name\" content=\"Sala de Noticias\"><meta itemprop=\"url\" content=\"https:\/\/elnoticierodigital.com.ar\/author\/webcrawler\/\"><\/span><meta itemprop=\"datePublished\" content=\"2023-05-20T16:11:33-03:00\"><meta itemprop=\"dateModified\" content=\"2023-05-20T16:11:36-03:00\"><meta itemscope itemprop=\"mainEntityOfPage\" itemtype=\"https:\/\/schema.org\/WebPage\" itemid=\"https:\/\/elnoticierodigital.com.ar\/2023\/05\/20\/nacho-de-gran-hermano-revelo-como-descubrio-que-romina-mintio-sobre-su-separacion-de-walter-festa\/\"><span class=\"td-page-meta\" itemprop=\"publisher\" itemscope itemtype=\"https:\/\/schema.org\/Organization\"><span class=\"td-page-meta\" itemprop=\"logo\" itemscope itemtype=\"https:\/\/schema.org\/ImageObject\"><meta itemprop=\"url\" content=\"https:\/\/elnoticierodigital.com.ar\/wp-content\/uploads\/2021\/04\/El_Noticiero_Digital_logo_retina-300x300.png\"><\/span><meta itemprop=\"name\" content=\"El Noticiero Digital\"><\/span><meta itemprop=\"headline \" content=\"Nacho de Gran Hermano revel\u00f3 c\u00f3mo descubri\u00f3 que Romina minti\u00f3 sobre su separaci\u00f3n de Walter Festa\"><span class=\"td-page-meta\" itemprop=\"image\" itemscope itemtype=\"https:\/\/schema.org\/ImageObject\"><meta itemprop=\"url\" content=\"https:\/\/i0.wp.com\/elnoticierodigital.com.ar\/wp-content\/uploads\/2023\/05\/1391065.png?fit=1600%2C1010&amp;ssl=1\"><meta itemprop=\"width\" content=\"1600\"><meta itemprop=\"height\" content=\"1010\"><\/span> <\/footer>\n","protected":false},"excerpt":{"rendered":"<p> Nacho estuvo como invitado en LAM y habl\u00f3 de todo. Y es que, el joven ex participante del programa m\u00e1s visto de la televisi\u00f3n argentina cont\u00f3 en el ciclo de \u00c1ngel de Brito cu\u00e1l es el problema que tiene que lo atormenta desde hace tiempo. Todo se dio cuando Andrea Taboada le lanz\u00f3: &#8220;Me preocupa [&#8230;]  <\/p>\n","protected":false},"author":1,"featured_media":9094,"comment_status":"closed","ping_status":"closed","sticky":false,"template":"","format":"standard","meta":[],"categories":[14],"tags":[],"_links":{"self":[{"href":"https:\/\/latecordoba.com\/index.php\/wp-json\/wp\/v2\/posts\/9093"}],"collection":[{"href":"https:\/\/latecordoba.com\/index.php\/wp-json\/wp\/v2\/posts"}],"about":[{"href":"https:\/\/latecordoba.com\/index.php\/wp-json\/wp\/v2\/types\/post"}],"author":[{"embeddable":true,"href":"https:\/\/latecordoba.com\/index.php\/wp-json\/wp\/v2\/users\/1"}],"replies":[{"embeddable":true,"href":"https:\/\/latecordoba.com\/index.php\/wp-json\/wp\/v2\/comments?post=9093"}],"version-history":[{"count":0,"href":"https:\/\/latecordoba.com\/index.php\/wp-json\/wp\/v2\/posts\/9093\/revisions"}],"wp:featuredmedia":[{"embeddable":true,"href":"https:\/\/latecordoba.com\/index.php\/wp-json\/wp\/v2\/media\/9094"}],"wp:attachment":[{"href":"https:\/\/latecordoba.com\/index.php\/wp-json\/wp\/v2\/media?parent=9093"}],"wp:term":[{"taxonomy":"category","embeddable":true,"href":"https:\/\/latecordoba.com\/index.php\/wp-json\/wp\/v2\/categories?post=9093"},{"taxonomy":"post_tag","embeddable":true,"href":"https:\/\/latecordoba.com\/index.php\/wp-json\/wp\/v2\/tags?post=9093"}],"curies":[{"name":"wp","href":"https:\/\/api.w.org\/{rel}","templated":true}]}}