{"id":9087,"date":"2023-05-19T12:10:00","date_gmt":"2023-05-19T12:10:00","guid":{"rendered":"https:\/\/www.puntal.com.ar\/viernes-de-agenda\/noche-musica-cine-y-danza-n191238"},"modified":"2023-05-19T12:10:00","modified_gmt":"2023-05-19T12:10:00","slug":"noche-de-musica-cine-y-danza","status":"publish","type":"post","link":"https:\/\/latecordoba.com\/index.php\/2023\/05\/19\/noche-de-musica-cine-y-danza\/","title":{"rendered":"Noche de m\u00fasica, cine y danza"},"content":{"rendered":"\n<div><img decoding=\"async\" src=\"http:\/\/latecordoba.com\/wp-content\/uploads\/2023\/05\/noche-de-musica-cine-y-danza.jpg\" class=\"ff-og-image-inserted\"><\/div>\n<p> Esta noche desde las 20.30hs. en el Galp\u00f3n Blanco del Centro Cultural Andino, la academia local presenta el ciclo de M\u00fasica en vivo y danza, con la actuaci\u00f3n de Jonatan Bisotto y bailarines invitados. Entrada gral. $700.<\/p>\n<p><strong>ALEJANDRO BALBIS: AIRES DE GUITARRA <\/strong><\/p>\n<p>Esta noche a las 21hs. en el<strong><\/strong>Teatrino de la Trapalanda, con una entrada gral. de $2000, el destacado cantautor uruguayo Alejandro Balbis presenta el espect\u00e1culo Aires de guitarra. <\/p>\n<div contenteditable=\"false\" class=\"embed_cont type_freetext\" rel=\"freetext\" id=\"embed5969_wrap\" data-provider=\"YouTube\" readability=\"32\">\n<p> Alejandro Balbis &#8211; Canci\u00f3n con vos<span onclick=\"parent.parent.TinyMCETdcuerpo.preview_embed('embed5969')\" class=\"embed_colapse less\" id=\"embed5969_colapse\"><\/span><span onclick=\"parent.parent.TinyMCETdcuerpo.delete_embed('embed5969')\" class=\"embed_delete less\" id=\"embed5969_delete\"><\/span><\/p>\n<div id=\"embed5969_content\" class=\"embed_content\">\n<p> <iframe loading=\"lazy\" width=\"200\" height=\"113\" src=\"https:\/\/www.youtube.com\/embed\/q8YYExRIprc?feature=oembed\" frameborder=\"0\" allow=\"accelerometer; autoplay; clipboard-write; encrypted-media; gyroscope; picture-in-picture; web-share\" allowfullscreen title=\"Alejandro Balbis - Canci\u00f3n con vos\">[embedded content]<\/iframe><\/p>\n<\/p><\/div>\n<\/p><\/div>\n<p>Alejandro Balbis es m\u00fasico y cantautor montevideano. Su carrera art\u00edstica est\u00e1 marcada por las ra\u00edces musicales de su tierra; en especial la murga, que ejerce una notable influencia en su obra debido a su incesante participaci\u00f3n en el g\u00e9nero y en el carnaval uruguayo. Balbis ha producido disco de varios artistas: Falta y Resto, Canario Luna, La Vela Puerca, No Te Va Gustar, \u00c1rbol, La Mancha de Rolando, Adriana Varela y Bersuit Vergarabat. <\/p>\n<p><strong>TR\u00cdO MAL DE AMORES: COVERSACI\u00d3N ENTRE TRES<\/strong><\/p>\n<p>Esta noche<strong><\/strong>a las 21hs. en el<strong><\/strong> Teatro Municipal, con una entrada gral. de $1200, el conjunto m\u00fasico\/teatral independiente de Villa Mar\u00eda, Tr\u00edo Mal de Amores, presenta el espect\u00e1culo COVERSaci\u00f3n entre tres. <\/p>\n<p>El Tr\u00edo Mal de Amores le canta al amor. <\/p>\n<p>Miguel, Alfredo y Salom\u00f3n componen este afamado grupo de la canci\u00f3n rom\u00e1ntica. De repente, el inicio de su espect\u00e1culo se ve afectado por el retraso de uno de sus integrantes, provocando el nerviosismo y el repudio por parte del resto. El concierto ya no ser\u00e1 el mismo: discusiones, llantos, reproches, confesiones amorosas, se desatar\u00e1n entre canci\u00f3n y canci\u00f3n. El Trio Mal de Amores surgido en el a\u00f1o 2019 en la cuidad de Villa Mar\u00eda, C\u00f3rdoba, est\u00e1 conformado por m\u00fasicos\/actores\/docentes con el objetivo de profundizar la experimentaci\u00f3n, creaci\u00f3n y producci\u00f3n de las artes esc\u00e9nicas. <\/p>\n<p>El teatro, la m\u00fasica y el humor en su car\u00e1cter simbi\u00f3tico constituyen el medio de propagaci\u00f3n de creaciones colectivas que impulsan el desarrollo de sus estructuras dram\u00e1ticas que, en conjunto de una est\u00e9tica particular conforman sus puestas en escenas originales. <\/p>\n<p><strong>THE GRAND BUDAPEST HOTEL<\/strong><\/p>\n<p>Esta noche a las 21hs. en el Mascaviento Teatro (Av. Marconi 727) se proyecta la pel\u00edcula<strong><\/strong>The Grand Budapest Hotel (2014), dirigida por Wes Anderson, con las actuaciones de Ralph Fiennes, F. Murray Abraham, Mathieu Amalric, Adrien Brody, Willem Dafoe, Jeff Goldelum, Harvey Keitel, Jude Law, Bill Murray, Edward Norton, Saoirse Ronan, Jason Schwartzman, Lea Seydoux, Tilda Swinton, Tom Wilkinson, Owen Wilson y Tony Revolore. Entrada gral: $300.<\/p>\n<div contenteditable=\"false\" class=\"embed_cont type_freetext\" rel=\"freetext\" id=\"embed3720_wrap\" data-provider=\"YouTube\" readability=\"32\">\n<p> El Gran Hotel Budapest | Trailer Subtitulado en Espa\u00f1ol HD<span onclick=\"parent.parent.TinyMCETdcuerpo.preview_embed('embed3720')\" class=\"embed_colapse less\" id=\"embed3720_colapse\"><\/span><span onclick=\"parent.parent.TinyMCETdcuerpo.delete_embed('embed3720')\" class=\"embed_delete less\" id=\"embed3720_delete\"><\/span><\/p>\n<div id=\"embed3720_content\" class=\"embed_content\">\n<p> <iframe loading=\"lazy\" width=\"200\" height=\"113\" src=\"https:\/\/www.youtube.com\/embed\/QXMGdqo03Yw?feature=oembed\" frameborder=\"0\" allow=\"accelerometer; autoplay; clipboard-write; encrypted-media; gyroscope; picture-in-picture; web-share\" allowfullscreen title=\"El Gran Hotel Budapest | Trailer Subtitulado en Espa\u00f1ol HD\">[embedded content]<\/iframe><\/p>\n<\/p><\/div>\n<\/p><\/div>\n<p>Sinopsis: Seguiremos las aventuras de Gustave H., el legendario conserje de un famoso hotel europeo en medio de guerras, y de Zero Mustafa, un botones que se convierte en su amigo m\u00e1s cercano. Robos y recuperaciones de una valiosa pintura, batallas por una enorme fortuna, formaci\u00f3n de un (dulce) romance y persecuciones en motos, trenes, trineos y esqu\u00edes, son algunas de las cosas que veremos en la, hasta ahora, obra maestra de Anderson.<\/p>\n","protected":false},"excerpt":{"rendered":"<p>\nOtras propuestas art\u00edsticas para hoy en las salas culturales de la ciudad  <\/p>\n","protected":false},"author":1,"featured_media":9088,"comment_status":"closed","ping_status":"closed","sticky":false,"template":"","format":"standard","meta":[],"categories":[14],"tags":[],"_links":{"self":[{"href":"https:\/\/latecordoba.com\/index.php\/wp-json\/wp\/v2\/posts\/9087"}],"collection":[{"href":"https:\/\/latecordoba.com\/index.php\/wp-json\/wp\/v2\/posts"}],"about":[{"href":"https:\/\/latecordoba.com\/index.php\/wp-json\/wp\/v2\/types\/post"}],"author":[{"embeddable":true,"href":"https:\/\/latecordoba.com\/index.php\/wp-json\/wp\/v2\/users\/1"}],"replies":[{"embeddable":true,"href":"https:\/\/latecordoba.com\/index.php\/wp-json\/wp\/v2\/comments?post=9087"}],"version-history":[{"count":0,"href":"https:\/\/latecordoba.com\/index.php\/wp-json\/wp\/v2\/posts\/9087\/revisions"}],"wp:featuredmedia":[{"embeddable":true,"href":"https:\/\/latecordoba.com\/index.php\/wp-json\/wp\/v2\/media\/9088"}],"wp:attachment":[{"href":"https:\/\/latecordoba.com\/index.php\/wp-json\/wp\/v2\/media?parent=9087"}],"wp:term":[{"taxonomy":"category","embeddable":true,"href":"https:\/\/latecordoba.com\/index.php\/wp-json\/wp\/v2\/categories?post=9087"},{"taxonomy":"post_tag","embeddable":true,"href":"https:\/\/latecordoba.com\/index.php\/wp-json\/wp\/v2\/tags?post=9087"}],"curies":[{"name":"wp","href":"https:\/\/api.w.org\/{rel}","templated":true}]}}