{"id":9085,"date":"2023-05-19T12:15:00","date_gmt":"2023-05-19T12:15:00","guid":{"rendered":"https:\/\/www.puntal.com.ar\/musica\/peces-hielo-ahogarse-la-poesia-joaquin-sabina-n191241"},"modified":"2023-05-19T12:15:00","modified_gmt":"2023-05-19T12:15:00","slug":"peces-de-hielo-ahogarse-en-la-poesia-de-joaquin-sabina","status":"publish","type":"post","link":"https:\/\/latecordoba.com\/index.php\/2023\/05\/19\/peces-de-hielo-ahogarse-en-la-poesia-de-joaquin-sabina\/","title":{"rendered":"Peces de Hielo: ahogarse en la poes\u00eda de Joaqu\u00edn Sabina"},"content":{"rendered":"\n<div><img decoding=\"async\" src=\"http:\/\/latecordoba.com\/wp-content\/uploads\/2023\/05\/peces-de-hielo-ahogarse-en-la-poesia-de-joaquin-sabina.jpg\" class=\"ff-og-image-inserted\"><\/div>\n<p> Ma\u00f1ana s\u00e1bado a las 21hs. en el Teatrino de la Trapalanda, con una entrada gral. de $2500, <strong>Peces de Hielo,<\/strong> la banda local integrada por <strong>Luis Arias<\/strong> (voz l\u00edder y guitarra r\u00edtmica), <strong>Eli\u00e1n Anselmi<\/strong> (bater\u00eda y percusi\u00f3n), <strong>Federico Vergnano<\/strong> (bajo y coros) y <strong>Andr\u00e9s Casari<\/strong> (guitarra l\u00edder, coros, arm\u00f3nicas y autor\u00eda de temas propios) presenta el espect\u00e1culo Peces de Hielo 15 a\u00f1os, en el que realizar\u00e1 un recorrido por lo mejor de la obra de Joaqu\u00edn Sabina, adem\u00e1s de canciones propias. <\/p>\n<div contenteditable=\"false\" class=\"embed_cont type_freetext\" rel=\"freetext\" id=\"embed2833_wrap\" data-provider=\"YouTube\" readability=\"32\">\n<p> Con la frente marchita &#8211; Peces de Hielo &#8211;<span onclick=\"parent.parent.TinyMCETdcuerpo.preview_embed('embed2833')\" class=\"embed_colapse less\" id=\"embed2833_colapse\"><\/span><span onclick=\"parent.parent.TinyMCETdcuerpo.delete_embed('embed2833')\" class=\"embed_delete less\" id=\"embed2833_delete\"><\/span><\/p>\n<div id=\"embed2833_content\" class=\"embed_content\">\n<p> <iframe loading=\"lazy\" width=\"200\" height=\"113\" src=\"https:\/\/www.youtube.com\/embed\/9VA3QsKZ95Q?feature=oembed\" frameborder=\"0\" allow=\"accelerometer; autoplay; clipboard-write; encrypted-media; gyroscope; picture-in-picture; web-share\" allowfullscreen title=\"Con la frente marchita - Peces de Hielo -\">[embedded content]<\/iframe><\/p>\n<\/p><\/div>\n<\/p><\/div>\n<p>Peces de Hielo es una banda que nace en julio de 2008 como un tr\u00edo ac\u00fastico con la idea tributar a Joaqu\u00edn Sabina, dada la similitud de la voz de Luis Arias (vocalista y guitarra r\u00edtmica) con la tonalidad del cantautor espa\u00f1ol. Con el paso del tiempo, la banda lleva realizados tres recitales en el Teatro Municipal, dos en el Teatrino, dos en las salas Leonardo Favio y diferentes pubs de la ciudad de R\u00edo Cuarto. A esto se le suman las m\u00faltiples presentaciones en la zona, San Luis y C\u00f3rdoba Capital, como as\u00ed como tambi\u00e9n las participaciones en festivales de verano, como por ejemplo; En Miramar (Hotel Vienna), Fiesta Nacional del Oro Blanco (Canals) y Fiesta Provincial del Turismo (Achiras). En 2016 Luis Arias y Andr\u00e9s Casari participan de &#8220;Noches Sabineras&#8221;, un show que incluye a los m\u00fasicos de Sabina (Pancho Varona, Antonio Garc\u00eda y Mara Barros) y en el mismo a\u00f1o la banda termina su primer material de corta duraci\u00f3n el cual consiste en 5 canciones (3 de propia autor\u00eda) y dos covers de Sabina. En 2018 la banda cumpli\u00f3 10 a\u00f1os y los celebr\u00e9 con una funci\u00f3n a sala llena en el teatro Opus de R\u00edo Cuarto. A finales de 2019, Peces de Hielo fue parte de la F.A.I. (FERIA AGRO INDUSTRIAL) en Rivadavia, Mendoza, con una gran aceptaci\u00f3n de p\u00fablico presente. Para 2020, a pesar de la pandemia, la banda sigui\u00f3 activa haciendo vivos y subiendo videos a las redes sociales y con la vuelta de los shows en vivo, Peces de hielo contin\u00faa tributando a Joaqu\u00edn Sabina y componiendo canciones influenciadas en su obra. <\/p>\n<p>Hablamos con Andr\u00e9s:<\/p>\n<p><strong>-\u00bfHabr\u00e1 algunas sorpresas en el show por los 15 a\u00f1os?<\/strong><\/p>\n<p>-Habr\u00e1 sorpresas, venimos pensando y armando esta fecha hace varios meses, elegimos el Teatrino porque fue la primera sala grande que pisamos y el primer espect\u00e1culo puramente nuestro por as\u00ed decirlo. No podemos revelar las sorpresas, pero s\u00ed podemos decir que la gente que llegue temprano, podr\u00e1 brindar con nosotros.<\/p>\n<p><strong>-\u00bfCu\u00e1l es, en general, el balance de lo vivido en estos 15 a\u00f1os?<\/strong><\/p>\n<p>-El balance es muy positivo, estar en una banda tributo a Sabina te hace pisar escenarios y conocer lugares maravillosos, pero m\u00e1s aun, te encuentra con gente incre\u00edble. En lo personal debo decir que volver\u00eda a elegir una y mil veces ahogarme en la poes\u00eda de Joaqu\u00edn.<\/p>\n<div contenteditable=\"false\" class=\"embed_cont type_freetext\" rel=\"freetext\" id=\"embed4905_wrap\" data-provider=\"YouTube\" readability=\"32\">\n<p> Capit\u00e1n de las Caricias &#8211; Peces de Hielo &#8211;<span onclick=\"parent.parent.TinyMCETdcuerpo.preview_embed('embed4905')\" class=\"embed_colapse less\" id=\"embed4905_colapse\"><\/span><span onclick=\"parent.parent.TinyMCETdcuerpo.delete_embed('embed4905')\" class=\"embed_delete less\" id=\"embed4905_delete\"><\/span><\/p>\n<div id=\"embed4905_content\" class=\"embed_content\">\n<p> <iframe loading=\"lazy\" width=\"200\" height=\"113\" src=\"https:\/\/www.youtube.com\/embed\/hr6W39ZSxBI?feature=oembed\" frameborder=\"0\" allow=\"accelerometer; autoplay; clipboard-write; encrypted-media; gyroscope; picture-in-picture; web-share\" allowfullscreen title=\"Capit\u00e1n de las Caricias - Peces de Hielo -\">[embedded content]<\/iframe><\/p>\n<\/p><\/div>\n<\/p><\/div>\n<p><strong> -\u00bfAlguna an\u00e9cdota para contar?<\/strong><\/p>\n<p>-\u00bfAlguna an\u00e9cdota? creo que la forma en la que empez\u00f3 la banda es una de las mejores. Yo cantaba solo en un bar y de repente entre el p\u00fablico apareci\u00f3 un muchacho al grito de: &#8220;\u00bfme dej\u00e1s cantar una de Sabina?&#8221;. Era Luis. Acto seguido, escuch\u00e9 la similitud de la voz y a los pocos d\u00edas nos juntamos y le coment\u00e9 mi idea de armar un tributo ac\u00fastico a Sabina (a\u00f1o 2008). Ese fin de semana me escribi\u00f3 un mensaje de texto (no exist\u00eda whatsapp ni nada similar) el due\u00f1o de un bar, diciendo que necesitaba m\u00fasica en vivo para el pr\u00f3ximo jueves. Entonces, buscamos un percusionista y conoc\u00edamos a Eli\u00e1n Anselmi, tuvimos 2 ensayos, y salimos al ruedo. Fugaz pero concreto, sali\u00f3 el toque.<\/p>\n<p><strong>-En 2016 participaron de &#8220;Noches Sabineras&#8221;, un show con los m\u00fasicos de Sabina, Pancho Varona, Antonio Garc\u00eda y Mara Barros. \u00bfC\u00f3mo result\u00f3 esa experiencia, imagino muy motivadora?<\/strong><\/p>\n<p>-Lo de &#8220;Noches Sabineras&#8221; creo que fue la mejor experiencia musical que tuvimos tanto Luis como yo. Ellos ten\u00edan un show donde invitaban gente del p\u00fablico para cantar (hab\u00eda que anotarse previamente), as\u00ed que quer\u00edamos estar. Me toc\u00f3 caminar desde el final de la sala hasta el escenario y ser recibido por la magia de Mara, estaba muy nervioso y cuando termin\u00e9 la canci\u00f3n asignada y elegida (Calle Melancol\u00eda), Antonio me dijo en un perfecto espa\u00f1ol: &#8220;Cantas con mucha emoci\u00f3n chaval&#8221;. Luego Luis, ya m\u00e1s suelto que yo, cant\u00f3 19 d\u00edas y 500 noches y ya la fiesta era completa. Una experiencia \u00fanica.<\/p>\n<p><span class=\"embed_cont type_highlight inlinehighlight\" rel=\"highlight\" id=\"embedyt6j9f5053d_wrap\"> <span class=\"embed_options highlight inlinehighlight\" rel=\"opt\" id=\"embedyt6j9f5053d_opts\">El balance es muy positivo, estar en una banda tributo a Sabina te hace pisar escenarios y conocer lugares maravillosos, pero m\u00e1s aun, te encuentra con gente incre\u00edble. En lo personal debo decir que volver\u00eda a elegir una y mil veces ahogarme en la poes\u00eda de Joaqu\u00edn <span onclick=\"parent.parent.TinyMCETdcuerpo.removeHighlight('embedyt6j9f5053d')\" class=\"embed_colapse inlinehighlight less\" id=\"embedyt6j9f5053d_colapse\"><\/span> <\/span> <span class=\"embed_content inlinehighlight\" id=\"embedyt6j9f5053d_content\">El balance es muy positivo, estar en una banda tributo a Sabina te hace pisar escenarios y conocer lugares maravillosos, pero m\u00e1s aun, te encuentra con gente incre\u00edble. En lo personal debo decir que volver\u00eda a elegir una y mil veces ahogarme en la poes\u00eda de Joaqu\u00edn<\/span><\/span><\/p>\n<p><strong> -En todos estos a\u00f1os se han presentado en diferentes escenarios del pa\u00eds. \u00bfC\u00f3mo les fue en general?<\/strong><\/p>\n<p>-La verdad es que no recuerdo sinceramente un escenario en el que no hayamos sido aplaudidos, o que la gente se haya ido mal. Cada lugar tiene su particularidad, cada bar, festival, evento, es algo distinto. Pero la gente sabe que va a escuchar y c\u00f3mo va a ser el rato que va a pasar con nosotros. Nos gusta mucho interactuar con la gente, no podr\u00edamos de ninguna manera ser &#8220;m\u00fasica de fondo&#8221;, nos alimentamos del aplauso y damos siempre el 100%.<\/p>\n","protected":false},"excerpt":{"rendered":"<p>\nLa banda local que interpreta la obra del genial cantautor espa\u00f1ol, celebra ma\u00f1ana sus 15 a\u00f1os, con un show especial en el Teatrino de la Trapalanda  <\/p>\n","protected":false},"author":1,"featured_media":9086,"comment_status":"closed","ping_status":"closed","sticky":false,"template":"","format":"standard","meta":[],"categories":[14],"tags":[],"_links":{"self":[{"href":"https:\/\/latecordoba.com\/index.php\/wp-json\/wp\/v2\/posts\/9085"}],"collection":[{"href":"https:\/\/latecordoba.com\/index.php\/wp-json\/wp\/v2\/posts"}],"about":[{"href":"https:\/\/latecordoba.com\/index.php\/wp-json\/wp\/v2\/types\/post"}],"author":[{"embeddable":true,"href":"https:\/\/latecordoba.com\/index.php\/wp-json\/wp\/v2\/users\/1"}],"replies":[{"embeddable":true,"href":"https:\/\/latecordoba.com\/index.php\/wp-json\/wp\/v2\/comments?post=9085"}],"version-history":[{"count":0,"href":"https:\/\/latecordoba.com\/index.php\/wp-json\/wp\/v2\/posts\/9085\/revisions"}],"wp:featuredmedia":[{"embeddable":true,"href":"https:\/\/latecordoba.com\/index.php\/wp-json\/wp\/v2\/media\/9086"}],"wp:attachment":[{"href":"https:\/\/latecordoba.com\/index.php\/wp-json\/wp\/v2\/media?parent=9085"}],"wp:term":[{"taxonomy":"category","embeddable":true,"href":"https:\/\/latecordoba.com\/index.php\/wp-json\/wp\/v2\/categories?post=9085"},{"taxonomy":"post_tag","embeddable":true,"href":"https:\/\/latecordoba.com\/index.php\/wp-json\/wp\/v2\/tags?post=9085"}],"curies":[{"name":"wp","href":"https:\/\/api.w.org\/{rel}","templated":true}]}}