{"id":9074,"date":"2023-05-20T16:48:11","date_gmt":"2023-05-20T16:48:11","guid":{"rendered":"https:\/\/viapais.com.ar\/mendoza\/boxeo-el-mendocino-el-profe-segura-vencio-por-ko-al-venezolano-salazar-y-es-campeon-superligero-fencosur\/"},"modified":"2023-05-20T16:48:11","modified_gmt":"2023-05-20T16:48:11","slug":"boxeo-el-mendocino-el-profe-segura-vencio-por-ko-al-venezolano-salazar-y-es-campeon-superligero-fencosur","status":"publish","type":"post","link":"https:\/\/latecordoba.com\/index.php\/2023\/05\/20\/boxeo-el-mendocino-el-profe-segura-vencio-por-ko-al-venezolano-salazar-y-es-campeon-superligero-fencosur\/","title":{"rendered":"Boxeo: el mendocino \u201cEl Profe\u201d Segura venci\u00f3 por KO al venezolano Salazar y es campe\u00f3n superligero Fencosur"},"content":{"rendered":"<br \/>\n<section readability=\"15.668026101142\">\n<p>El <a href=\"https:\/\/viapais.com.ar\/mendoza\/orgullo-del-boxeo-mendocino-maxi-segura-va-por-el-titulo-latino-de-la-cmb-y-karen-alaniz-por-el-argentino\/\" target=\"_blank\" rel=\"noopener\"><b>juninense Maximiliano Segura<\/b> <\/a>volvi\u00f3 a exhibir una clase magistral sobre el ring y<b> venci\u00f3 por Knock Out al venezolano Kelvinyer Salazar. <\/b>El mendocino exhibi\u00f3 buenas combinaciones de golpes asumiendo el protagonismo de la pelea, desarrollada en el<b> estadio cubierto La Colonia <\/b>de su departamento, donde<b> \u201cEl Profe\u201d fue ovacionado por el p\u00fablico<\/b>.<\/p>\n<article class=\"article card \">\n<div class=\"article-inner \">\n<div class=\"article-image \"><a href=\"https:\/\/viapais.com.ar\/mendoza\/mundial-sub-20-en-mendoza-figuras-equipos-partidos-como-llegar-al-estadio-y-entradas\/\" title=\"Estadio Malvinas Argentinas\"><\/p>\n<figure><picture><img decoding=\"async\" alt=\"Estadio Malvinas Argentinas\" class=\"lazyload block \" loading=\"lazy\" src=\"http:\/\/latecordoba.com\/wp-content\/uploads\/2023\/05\/boxeo-el-mendocino-el-profe-segura-vencio-por-ko-al-venezolano-salazar-y-es-campeon-superligero-fencosur.png\" sizes=\"auto\" data-src=\"https:\/\/viapais.com.ar\/resizer\/xYRGa1vo6gA2goqGsPdGH2b-RZ8=\/307x173\/smart\/filters:quality(75):format(webp)\/cloudfront-us-east-1.images.arcpublishing.com\/grupoclarin\/PEBGOAMYV5BY7OL3L3N32ZIPCQ.jpg\" width=\"307px\" fetchpriority=\"low\" height=\"173px\"><\/picture><\/figure>\n<p><\/a><\/div>\n<\/div>\n<\/article>\n<p>Segura le hizo frente en combate al oriundo de Caracas, <b>Kelvinyer Salazar<\/b>, quien le propin\u00f3 un golpe al mendocino que lo puso en jaque. Sin embargo, el juninense se recuper\u00f3 y termin\u00f3 quedando con la victoria por KO y se adjudic\u00f3 el <b>t\u00edtulo superligero Fencosur del Consejo Mundial de Boxeo (CMB).<\/b><\/p>\n<article class=\"article card \">\n<div class=\"article-inner \">\n<div class=\"article-image \"><a href=\"https:\/\/viapais.com.ar\/mendoza\/godoy-cruz-festeja-con-don-gato-y-su-pandilla-que-dijo-el-tecnico-luego-de-volver-a-ganar\/\" title=\"Godoy Cruz\"><\/p>\n<figure><picture><img decoding=\"async\" alt=\"Godoy Cruz\" class=\"lazyload block \" loading=\"lazy\" src=\"http:\/\/latecordoba.com\/wp-content\/uploads\/2023\/05\/boxeo-el-mendocino-el-profe-segura-vencio-por-ko-al-venezolano-salazar-y-es-campeon-superligero-fencosur.png\" sizes=\"auto\" data-src=\"https:\/\/viapais.com.ar\/resizer\/MVrL8AuPwt8a5Rr5o7iPAsWeFYU=\/307x173\/smart\/filters:quality(75):format(webp)\/cloudfront-us-east-1.images.arcpublishing.com\/grupoclarin\/TVLDKKR3ZVHHBKWSGT7YITQHVY.jpg\" width=\"307px\" fetchpriority=\"low\" height=\"173px\"><\/picture><\/figure>\n<p><\/a><\/div>\n<\/div>\n<\/article>\n<h2 class><b>C\u00f3mo le fue a Karen Alaniz, por el t\u00edtulo argentino<\/b><\/h2>\n<figure><picture><img alt=\"Karen Alaniz se impuso en fallo mayoritario a la tucumana, Lucrecia Manzur y conquist\u00f3 el t\u00edtulo Argentino superpluma. Fue una pelea muy pareja y disputada.\" class=\"lazyload block \" loading=\"lazy\" sizes=\"auto\" data-src=\"http:\/\/latecordoba.com\/wp-content\/uploads\/2023\/05\/boxeo-el-mendocino-el-profe-segura-vencio-por-ko-al-venezolano-salazar-y-es-campeon-superligero-fencosur.jpg\" width=\"1023px\" fetchpriority=\"low\" height=\"683px\"><\/picture><figcaption class>Karen Alaniz se impuso en fallo mayoritario a la tucumana, Lucrecia Manzur y conquist\u00f3 el t\u00edtulo Argentino superpluma. Fue una pelea muy pareja y disputada.<\/figcaption><\/figure>\n<p>El <b>programa de peleas<\/b> tambi\u00e9n tuvo como protagonista a<b> la mendocina Karen Alaniz quien le gan\u00f3 en fallo dividido la faja superpluma argentina, a la tucumana Lucrecia Manzur.<\/b><\/p>\n<\/section>\n<div class=\"noreadme-audima\">\n<h2>Temas Relacionados<\/h2>\n<\/div>\n","protected":false},"excerpt":{"rendered":"<p>El juninense Maximiliano Segura volvi\u00f3 a exhibir una clase magistral sobre el ring y venci\u00f3 por Knock Out al venezolano Kelvinyer Salazar. El mendocino exhibi\u00f3 buenas combinaciones de golpes asumiendo el protagonismo de la pelea, desarrollada en el estadio cubierto La Colonia de su departamento, donde \u201cEl Profe\u201d fue ovacionado por el p\u00fablico. Segura le [&hellip;]<\/p>\n","protected":false},"author":1,"featured_media":9075,"comment_status":"closed","ping_status":"closed","sticky":false,"template":"","format":"standard","meta":[],"categories":[15],"tags":[],"_links":{"self":[{"href":"https:\/\/latecordoba.com\/index.php\/wp-json\/wp\/v2\/posts\/9074"}],"collection":[{"href":"https:\/\/latecordoba.com\/index.php\/wp-json\/wp\/v2\/posts"}],"about":[{"href":"https:\/\/latecordoba.com\/index.php\/wp-json\/wp\/v2\/types\/post"}],"author":[{"embeddable":true,"href":"https:\/\/latecordoba.com\/index.php\/wp-json\/wp\/v2\/users\/1"}],"replies":[{"embeddable":true,"href":"https:\/\/latecordoba.com\/index.php\/wp-json\/wp\/v2\/comments?post=9074"}],"version-history":[{"count":0,"href":"https:\/\/latecordoba.com\/index.php\/wp-json\/wp\/v2\/posts\/9074\/revisions"}],"wp:featuredmedia":[{"embeddable":true,"href":"https:\/\/latecordoba.com\/index.php\/wp-json\/wp\/v2\/media\/9075"}],"wp:attachment":[{"href":"https:\/\/latecordoba.com\/index.php\/wp-json\/wp\/v2\/media?parent=9074"}],"wp:term":[{"taxonomy":"category","embeddable":true,"href":"https:\/\/latecordoba.com\/index.php\/wp-json\/wp\/v2\/categories?post=9074"},{"taxonomy":"post_tag","embeddable":true,"href":"https:\/\/latecordoba.com\/index.php\/wp-json\/wp\/v2\/tags?post=9074"}],"curies":[{"name":"wp","href":"https:\/\/api.w.org\/{rel}","templated":true}]}}