{"id":9068,"date":"2023-05-19T22:24:12","date_gmt":"2023-05-19T22:24:12","guid":{"rendered":"https:\/\/www.diariocronica.com.ar\/noticias\/2023\/05\/19\/80953-javier-mascherano-palpito-el-debut-argentino-en-el-mundial-sub-20-manana-empieza-la-verdad"},"modified":"2023-05-19T22:24:12","modified_gmt":"2023-05-19T22:24:12","slug":"javier-mascherano-palpito-el-debut-argentino-en-el-mundial-sub-20-manana-empieza-la-verdad","status":"publish","type":"post","link":"https:\/\/latecordoba.com\/index.php\/2023\/05\/19\/javier-mascherano-palpito-el-debut-argentino-en-el-mundial-sub-20-manana-empieza-la-verdad\/","title":{"rendered":"Javier Mascherano palpit\u00f3 el debut argentino en el Mundial Sub 20: \u201cMa\u00f1ana empieza la verdad\u201d"},"content":{"rendered":"\n<div class=\"media_block\"><a href=\"http:\/\/latecordoba.com\/wp-content\/uploads\/2023\/05\/javier-mascherano-palpito-el-debut-argentino-en-el-mundial-sub-20-manana-empieza-la-verdad.jpg\"><img decoding=\"async\" src=\"http:\/\/latecordoba.com\/wp-content\/uploads\/2023\/05\/javier-mascherano-palpito-el-debut-argentino-en-el-mundial-sub-20-manana-empieza-la-verdad.jpg\" class=\"media_thumbnail\"><\/a><\/div>\n<div><img decoding=\"async\" src=\"http:\/\/latecordoba.com\/wp-content\/uploads\/2023\/05\/javier-mascherano-palpito-el-debut-argentino-en-el-mundial-sub-20-manana-empieza-la-verdad.jpg\" class=\"ff-og-image-inserted\"><\/div>\n<p>\nAdem\u00e1s, habl\u00f3 de c\u00f3mo se clasific\u00f3 al certamen, de lo realizado en el Sudamericano y de las ausencias de Alejandro Garnacho y Nicol\u00e1s Paz.\n<\/p>\n<div readability=\"50\">\n<p>El&nbsp;<strong>director t\u00e9cnico de la&nbsp;Selecci\u00f3n argentina Sub 20&nbsp;Javier Mascherano<\/strong>&nbsp;palpit\u00f3 lo que ser\u00e1 el debut en el Mundial de la categor\u00eda y afirm\u00f3 que<strong>&nbsp;\u201cMa\u00f1ana empieza la verdad\u201d<\/strong>. Adem\u00e1s, habl\u00f3 de&nbsp;<strong>c\u00f3mo se clasific\u00f3 al certamen<\/strong>, de lo&nbsp;<strong>realizado en el Sudamericano<\/strong>&nbsp;y de las&nbsp;<strong>ausencias de Alejandro Garnacho y Nicol\u00e1s Paz.<\/strong><\/p>\n<p>El entrenador argentino tom\u00f3 la palabra en la previa de lo que ser\u00e1 el primer partido de la \u201cAlbiceleste\u201d en esta Copa del Mundo juvenil ante Uzbekistan en Santiago del Estero y declar\u00f3:&nbsp;<strong>&#8220;Este es un grupo con muchos nuevos. Ma\u00f1ana empieza la verdad. Es un d\u00eda important\u00edsimo porque es algo que no estaba en nuestras cabezas en febrero&#8221;.<\/strong><\/p>\n<p><strong>&#8220;Alegr\u00eda de poder estar ac\u00e1, no hubiese pensado ser el entrenador de una selecci\u00f3n juvenil y que el Mundial sea en Argentina, nuestro pa\u00eds. Ilusi\u00f3n, pero con tranquilidad. Buena energ\u00eda. Ante nuestra gente, poder venir al Interior, donde la gente no est\u00e1 tan acostumbrada a ver a la Selecci\u00f3n. Es un plus, positivo. Muy linda la bienvenida. Sabemos c\u00f3mo se vive el f\u00fatbol en el Interior. Tenemos que aprovechar ser locales en Santiago del Estero&#8221;<\/strong>&nbsp;agreg\u00f3 el ex jugador del Barcelona.<\/p>\n<p>Luego, el oriundo de San Lorenzo, Santa Fe, se refiri\u00f3 a la clasificaci\u00f3n al certamen y al papel realizado en el Sudamericano de enero en Colombia:&nbsp;<strong>\u201cNos dieron una nueva oportunidad, que para nosotros estaba perdida. Con ganas de hacer las cosas bien esta vez. Obviamente el an\u00e1lisis de lo que paso lo hemos hechos nosotros como cuerpo t\u00e9cnico y tambi\u00e9n con algunos de los chicos que estuvieron en el Sudamericano&#8221;.<\/strong><\/p>\n<p>Alejandro Garnacho del Manchester United y Nicol\u00e1s Paz del Real Madrid son las grandes ausencias de este plantel del cual Mascherano se mostr\u00f3 satisfecho con su conformaci\u00f3n:&nbsp;<strong>&#8220;Est\u00e1n los que quer\u00edamos que est\u00e9n, no hace falta a hablar de qui\u00e9nes no pudieron venir. Estamos contentos con el plantel que pudimos armar. El equipo est\u00e1 casi est\u00e1 definido. Por respeto a los jugadores no lo hemos confirmado, as\u00ed que me reservo&#8221;.<\/strong><\/p>\n<p><strong>&#8220;Es un juego, tienen que salir a la cancha a jugar despoj\u00e1ndose de cualquier presi\u00f3n o cosa externa. Competir bien. Y las cosas se van a dar como esperamos. Tratamos de transmitir que no tiene nada que ver la selecci\u00f3n Juvenil con la Mayor. Hubo un tiempo donde la Mayor no consegu\u00eda logros y las Juveniles s\u00ed. Este en su&nbsp;Mundial&nbsp;y uno nunca sabe si va a poder estar en otro Mundial. Que disfruten este presente&#8221;<\/strong>&nbsp;concluy\u00f3 el formado en River Plate. (NA)<\/p>\n<\/div>\n","protected":false},"excerpt":{"rendered":"\n<div class=\"media_block\"><a href=\"http:\/\/latecordoba.com\/wp-content\/uploads\/2023\/05\/javier-mascherano-palpito-el-debut-argentino-en-el-mundial-sub-20-manana-empieza-la-verdad.jpg\"><img decoding=\"async\" src=\"http:\/\/latecordoba.com\/wp-content\/uploads\/2023\/05\/javier-mascherano-palpito-el-debut-argentino-en-el-mundial-sub-20-manana-empieza-la-verdad.jpg\" class=\"media_thumbnail\"><\/a><\/div>\n<p>Adem\u00e1s, habl\u00f3 de c\u00f3mo se clasific\u00f3 al certamen, de lo realizado en el Sudamericano y de las ausencias de Alejandro Garnacho y Nicol\u00e1s Paz. <\/p>\n","protected":false},"author":1,"featured_media":9069,"comment_status":"closed","ping_status":"closed","sticky":false,"template":"","format":"standard","meta":[],"categories":[17],"tags":[],"_links":{"self":[{"href":"https:\/\/latecordoba.com\/index.php\/wp-json\/wp\/v2\/posts\/9068"}],"collection":[{"href":"https:\/\/latecordoba.com\/index.php\/wp-json\/wp\/v2\/posts"}],"about":[{"href":"https:\/\/latecordoba.com\/index.php\/wp-json\/wp\/v2\/types\/post"}],"author":[{"embeddable":true,"href":"https:\/\/latecordoba.com\/index.php\/wp-json\/wp\/v2\/users\/1"}],"replies":[{"embeddable":true,"href":"https:\/\/latecordoba.com\/index.php\/wp-json\/wp\/v2\/comments?post=9068"}],"version-history":[{"count":0,"href":"https:\/\/latecordoba.com\/index.php\/wp-json\/wp\/v2\/posts\/9068\/revisions"}],"wp:featuredmedia":[{"embeddable":true,"href":"https:\/\/latecordoba.com\/index.php\/wp-json\/wp\/v2\/media\/9069"}],"wp:attachment":[{"href":"https:\/\/latecordoba.com\/index.php\/wp-json\/wp\/v2\/media?parent=9068"}],"wp:term":[{"taxonomy":"category","embeddable":true,"href":"https:\/\/latecordoba.com\/index.php\/wp-json\/wp\/v2\/categories?post=9068"},{"taxonomy":"post_tag","embeddable":true,"href":"https:\/\/latecordoba.com\/index.php\/wp-json\/wp\/v2\/tags?post=9068"}],"curies":[{"name":"wp","href":"https:\/\/api.w.org\/{rel}","templated":true}]}}