{"id":9062,"date":"2023-05-20T04:32:31","date_gmt":"2023-05-20T04:32:31","guid":{"rendered":"https:\/\/viapais.com.ar\/arroyito\/agenda-fin-de-semana-con-musica-en-vivo-para-la-ciudad-de-arroyito-en-la-previa-del-25-de-mayo\/"},"modified":"2023-05-20T04:32:31","modified_gmt":"2023-05-20T04:32:31","slug":"agenda-fin-de-semana-con-musica-en-vivo-para-la-ciudad-de-arroyito-en-la-previa-del-25-de-mayo","status":"publish","type":"post","link":"https:\/\/latecordoba.com\/index.php\/2023\/05\/20\/agenda-fin-de-semana-con-musica-en-vivo-para-la-ciudad-de-arroyito-en-la-previa-del-25-de-mayo\/","title":{"rendered":"Agenda: fin de semana con m\u00fasica en vivo para la ciudad de Arroyito en la previa del 25 de Mayo"},"content":{"rendered":"\n<p>Desde el mismo viernes <b>los artistas de Arroyito saldr\u00e1n a escena<\/b> en lo que ser\u00e1 un fin de semana con una agenda importante en cuanto a presentaciones la ciudad, tambi\u00e9n habr\u00e1 espect\u00e1culos en la regi\u00f3n.<\/p>\n<ul>\n<li><span>El <b>s\u00e1bado 20 el grupo de cumbia de la ciudad dulce El MaK <\/b>tocar\u00e1 en un local de la calle <b>Moreno y Pont\u00edn<\/b>, adem\u00e1s la formaci\u00f3n art\u00edstica <b>presenta nuevo clip junto a Mak Donal este viernes a las 20 horas<\/b> en todas sus plataformas digitales.<\/span><\/li>\n<li><span>Tambi\u00e9n para <b>el s\u00e1bado en otro de los boliches de Arroyito sobre Dalle Maura Uber Amato<\/b> actuara ya sobre la madrugada del domingo. <b>La Barra sonar\u00e1 en La Para.<\/b><\/span><\/li>\n<\/ul>\n<figure><picture><img alt=\"La Barra, cuarteto, m\u00fasica\\u002E\" class=\"lazyload block \" loading=\"lazy\" sizes=\"auto\" data-src=\"http:\/\/latecordoba.com\/wp-content\/uploads\/2023\/05\/agenda-fin-de-semana-con-musica-en-vivo-para-la-ciudad-de-arroyito-en-la-previa-del-25-de-mayo.jpg\" width=\"1023px\" fetchpriority=\"low\" height=\"535px\"><\/picture><figcaption class>La Barra, cuarteto, m\u00fasica\\u002E<\/figcaption><\/figure>\n<ul>\n<li><span>Adem\u00e1s <b>el s\u00e1bado<\/b> en la m\u00edtica<b> Casa Babylon de la ciudad de C\u00f3rdoba<\/b> ; lugar donde han tocado artistas consagrados de varios g\u00e9neros a nivel nacional e internacional tendr\u00e1 lugar el <b>recital de Fin del Mar a partir de las 21 horas<\/b>, banda que integra la m\u00fasica de nuestra ciudad Juli\u00e1n Rey y que debuto en nutra ciudad hace poca m\u00e1s de un a\u00f1o.<\/span><\/li>\n<li><span>El <b>domingo 21 en Tr\u00e1nsito desde las 16 horas<\/b> debutar\u00e1 una nueva formaci\u00f3n de la localidad de El T\u00edo que incluye a m\u00fasicos de Arroyito y esa localidad, <b>Humus con su espect\u00e1culo de rock y blues<\/b> experimental. En la ocasi\u00f3n <b>los locales de Ustedira inician con una serie de presentaciones<\/b> que los llevara por la zona y la capital de la provincia.<\/span><\/li>\n<\/ul>\n<figure><picture><img alt=\"Ustedira banda rock Arroyito\" class=\"lazyload block \" loading=\"lazy\" sizes=\"auto\" data-src=\"http:\/\/latecordoba.com\/wp-content\/uploads\/2023\/05\/agenda-fin-de-semana-con-musica-en-vivo-para-la-ciudad-de-arroyito-en-la-previa-del-25-de-mayo-1.jpg\" width=\"1023px\" fetchpriority=\"low\" height=\"684px\"><\/picture><figcaption class>Ustedira banda rock Arroyito Foto: Rock Cooperativo<\/figcaption><\/figure>\n<ul>\n<li><span>Tambi\u00e9n la banda de cuarteto <b>Cero Drama estar\u00e1 en la Patronales de Santa Rita el mismo domingo.<\/b><\/span><\/li>\n<li><span>En una <b>semana \u201cpatria\u201d no faltaran los espect\u00e1culos de doma y folclore<\/b> como es habitual donde los artistas del genero locales y de la regi\u00f3n <b>tendr\u00e1 varias presentaciones hasta el vieren 26 de mayo inclusive;<\/b> una de ellas es la de la ya cl\u00e1sica <b>Esperado el 25 el mi\u00e9rcoles 24 <\/b>de este mes en el Club Sportivo 24 de Septiembre. <b>Amalgama de Pueblos estar\u00e1 tocando en la fecha patria<\/b> en la <b>Pe\u00f1a Jacinto de Barrio Cofico<\/b> en la capital provincial desde las 21:30 horas.<\/span><\/li>\n<\/ul>\n<figure><picture><img alt=\"Amalgama de Pueblos Arroyito\" class=\"lazyload block \" loading=\"lazy\" sizes=\"auto\" data-src=\"http:\/\/latecordoba.com\/wp-content\/uploads\/2023\/05\/agenda-fin-de-semana-con-musica-en-vivo-para-la-ciudad-de-arroyito-en-la-previa-del-25-de-mayo-2.jpg\" width=\"1023px\" fetchpriority=\"low\" height=\"767px\"><\/picture><figcaption class>Amalgama de Pueblos Arroyito<\/figcaption><\/figure>\n","protected":false},"excerpt":{"rendered":"<p>Desde el mismo viernes los artistas de Arroyito saldr\u00e1n a escena en lo que ser\u00e1 un fin de semana con una agenda importante en cuanto a presentaciones la ciudad, tambi\u00e9n habr\u00e1 espect\u00e1culos en la regi\u00f3n. El s\u00e1bado 20 el grupo de cumbia de la ciudad dulce El MaK tocar\u00e1 en un local de la calle [&hellip;]<\/p>\n","protected":false},"author":1,"featured_media":9063,"comment_status":"closed","ping_status":"closed","sticky":false,"template":"","format":"standard","meta":[],"categories":[15],"tags":[],"_links":{"self":[{"href":"https:\/\/latecordoba.com\/index.php\/wp-json\/wp\/v2\/posts\/9062"}],"collection":[{"href":"https:\/\/latecordoba.com\/index.php\/wp-json\/wp\/v2\/posts"}],"about":[{"href":"https:\/\/latecordoba.com\/index.php\/wp-json\/wp\/v2\/types\/post"}],"author":[{"embeddable":true,"href":"https:\/\/latecordoba.com\/index.php\/wp-json\/wp\/v2\/users\/1"}],"replies":[{"embeddable":true,"href":"https:\/\/latecordoba.com\/index.php\/wp-json\/wp\/v2\/comments?post=9062"}],"version-history":[{"count":0,"href":"https:\/\/latecordoba.com\/index.php\/wp-json\/wp\/v2\/posts\/9062\/revisions"}],"wp:featuredmedia":[{"embeddable":true,"href":"https:\/\/latecordoba.com\/index.php\/wp-json\/wp\/v2\/media\/9063"}],"wp:attachment":[{"href":"https:\/\/latecordoba.com\/index.php\/wp-json\/wp\/v2\/media?parent=9062"}],"wp:term":[{"taxonomy":"category","embeddable":true,"href":"https:\/\/latecordoba.com\/index.php\/wp-json\/wp\/v2\/categories?post=9062"},{"taxonomy":"post_tag","embeddable":true,"href":"https:\/\/latecordoba.com\/index.php\/wp-json\/wp\/v2\/tags?post=9062"}],"curies":[{"name":"wp","href":"https:\/\/api.w.org\/{rel}","templated":true}]}}