{"id":9054,"date":"2023-05-19T19:10:58","date_gmt":"2023-05-19T19:10:58","guid":{"rendered":"https:\/\/elnoticierodigital.com.ar\/?p=1389613"},"modified":"2023-05-19T19:10:58","modified_gmt":"2023-05-19T19:10:58","slug":"categorica-decision-de-flor-vigna-en-medio-de-los-rumores-de-crisis-con-luciano-castro-lo-penso-y-se-bajo","status":"publish","type":"post","link":"https:\/\/latecordoba.com\/index.php\/2023\/05\/19\/categorica-decision-de-flor-vigna-en-medio-de-los-rumores-de-crisis-con-luciano-castro-lo-penso-y-se-bajo\/","title":{"rendered":"Categ\u00f3rica decisi\u00f3n de Flor Vigna en medio de los rumores de crisis con Luciano Castro. \u201cLo pens\u00f3 y se baj\u00f3\u201d"},"content":{"rendered":"<p> <!-- image --><\/p>\n<div class=\"td-post-featured-image\"><a href=\"https:\/\/i0.wp.com\/elnoticierodigital.com.ar\/wp-content\/uploads\/2023\/05\/1389613.png?fit=752%2C475&amp;ssl=1\" data-caption><img decoding=\"async\" loading=\"lazy\" width=\"696\" height=\"440\" class=\"entry-thumb td-modal-image\" src=\"http:\/\/latecordoba.com\/wp-content\/uploads\/2023\/05\/categorica-decision-de-flor-vigna-en-medio-de-los-rumores-de-crisis-con-luciano-castro-lo-penso-y-se-bajo.png\" srcset=\"http:\/\/latecordoba.com\/wp-content\/uploads\/2023\/05\/categorica-decision-de-flor-vigna-en-medio-de-los-rumores-de-crisis-con-luciano-castro-lo-penso-y-se-bajo-1.png 752w, http:\/\/latecordoba.com\/wp-content\/uploads\/2023\/05\/categorica-decision-de-flor-vigna-en-medio-de-los-rumores-de-crisis-con-luciano-castro-lo-penso-y-se-bajo-2.png 300w, http:\/\/latecordoba.com\/wp-content\/uploads\/2023\/05\/categorica-decision-de-flor-vigna-en-medio-de-los-rumores-de-crisis-con-luciano-castro-lo-penso-y-se-bajo-3.png 150w, http:\/\/latecordoba.com\/wp-content\/uploads\/2023\/05\/categorica-decision-de-flor-vigna-en-medio-de-los-rumores-de-crisis-con-luciano-castro-lo-penso-y-se-bajo.png 696w\" sizes=\"(max-width: 696px) 100vw, 696px\" alt title=\"1389613\"><\/a><\/div>\n<p> <!-- content --><\/p>\n<article readability=\"43\">Flor Vigna tom\u00f3 una importante decisi\u00f3n en medio de los rumores que hablan que la relaci\u00f3n con Luciano Castro no estar\u00eda pasando por su mejor momento. La actriz opt\u00f3 por bajarse de la obra El Divorcio, donde con el ex gal\u00e1n empezaron a trabajar juntos hace dos meses atr\u00e1s.<\/p>\n<p>\u201cFlor se baja despu\u00e9s de dos meses. Debut\u00f3 el 22 de marzo y termina el 28 de mayo\u201d, anunciaron en Intrusos en el espect\u00e1culo, en la tardes de Am\u00e9rica, sobre la importante decisi\u00f3n laboral que tom\u00f3 Flor en las \u00faltimas horas. Y justo esto sucede, ni m\u00e1s ni menos, cuando las versiones hablan de una posible crisis con quien iba a ser uno de sus compa\u00f1eros de elenco.<\/p>\n<p>\u201cMe dijo que est\u00e1 todo bien, que quiere dedicarse a full a la m\u00fasica\u201d, agregaron como informaci\u00f3n en el programa de las tardes de Flor De La Ve sobre la respuesta que dio Vigna al ser consultada por su inesperada baja de la pieza teatral en la que trabaj\u00f3 poco tiempo arriba del escenario.<\/p>\n<p>Luego, se habl\u00f3 sobre la resoluci\u00f3n que tomaron los productores de la obra y a qu\u00e9 resoluci\u00f3n llegaron dado que ten\u00edan que conseguir un reemplazo para Flor a fin de que la obra siga adelante. \u201cEn ese lugar va a estar Mica Riera, que trabaj\u00f3 en la serie de Fito P\u00e1ez\u201d, contaron, al aire.<\/p>\n<p>FLOR VIGNA SE CONFES\u00d3 EN SUS REDES SOCIALES<\/p>\n<p>Vigna decidi\u00f3 responder preguntas de sus miles y miles de seguidores en Instagram y apostarar a una de las t\u00e9cnicas de comunicaci\u00f3n que usan los famosos para integrar a sus followers, aquellos que est\u00e1n detr\u00e1s del tel\u00e9fono, tablet o computada. \u201c\u00bfAlguna vez te sale algo mal? Todo lo que hac\u00e9s es \u00e9xito, Florencia\u201d, fue consultada la artista.<\/p>\n<p>\u201cOjal\u00e1 todo valga la pena. Te juro que hubo \u00e9pocas donde me dio mucho miedo seguir y pens\u00e9 en tirar todo a la mier\u2026\u201d, confi\u00f3 Flor, con las emociones \u201ca flor de piel\u201d, sensiblemente conmovida, al responder la consulta mientras transitaba en la v\u00eda p\u00fablica y se la ve\u00eda llorando.<\/p>\n<\/article>\n<p>Fuente: <a href=\"https:\/\/www.paparazzi.com.ar\/romances\/categorica-decision-de-flor-vigna-en-medio-de-los-rumores-de-crisis-con-luciano-castro-lo-penso-y-se-bajo\/\">https:\/\/www.paparazzi.com.ar\/<\/a><\/p>\n","protected":false},"excerpt":{"rendered":"<p> Flor Vigna tom\u00f3 una importante decisi\u00f3n en medio de los rumores que hablan que la relaci\u00f3n con Luciano Castro no estar\u00eda pasando por su mejor momento. La actriz opt\u00f3 por bajarse de la obra El Divorcio, donde con el ex gal\u00e1n empezaron a trabajar juntos hace dos meses atr\u00e1s. &#8220;Flor se baja despu\u00e9s de dos [&#8230;]  <\/p>\n","protected":false},"author":1,"featured_media":9055,"comment_status":"closed","ping_status":"closed","sticky":false,"template":"","format":"standard","meta":[],"categories":[14],"tags":[],"_links":{"self":[{"href":"https:\/\/latecordoba.com\/index.php\/wp-json\/wp\/v2\/posts\/9054"}],"collection":[{"href":"https:\/\/latecordoba.com\/index.php\/wp-json\/wp\/v2\/posts"}],"about":[{"href":"https:\/\/latecordoba.com\/index.php\/wp-json\/wp\/v2\/types\/post"}],"author":[{"embeddable":true,"href":"https:\/\/latecordoba.com\/index.php\/wp-json\/wp\/v2\/users\/1"}],"replies":[{"embeddable":true,"href":"https:\/\/latecordoba.com\/index.php\/wp-json\/wp\/v2\/comments?post=9054"}],"version-history":[{"count":0,"href":"https:\/\/latecordoba.com\/index.php\/wp-json\/wp\/v2\/posts\/9054\/revisions"}],"wp:featuredmedia":[{"embeddable":true,"href":"https:\/\/latecordoba.com\/index.php\/wp-json\/wp\/v2\/media\/9055"}],"wp:attachment":[{"href":"https:\/\/latecordoba.com\/index.php\/wp-json\/wp\/v2\/media?parent=9054"}],"wp:term":[{"taxonomy":"category","embeddable":true,"href":"https:\/\/latecordoba.com\/index.php\/wp-json\/wp\/v2\/categories?post=9054"},{"taxonomy":"post_tag","embeddable":true,"href":"https:\/\/latecordoba.com\/index.php\/wp-json\/wp\/v2\/tags?post=9054"}],"curies":[{"name":"wp","href":"https:\/\/api.w.org\/{rel}","templated":true}]}}