{"id":9047,"date":"2023-05-19T12:25:00","date_gmt":"2023-05-19T12:25:00","guid":{"rendered":"https:\/\/www.puntal.com.ar\/artes-visuales\/muestra-el-65-aniversario-la-libero-n191242"},"modified":"2023-05-19T12:25:00","modified_gmt":"2023-05-19T12:25:00","slug":"muestra-por-el-65-aniversario-de-la-libero","status":"publish","type":"post","link":"https:\/\/latecordoba.com\/index.php\/2023\/05\/19\/muestra-por-el-65-aniversario-de-la-libero\/","title":{"rendered":"Muestra por el 65 Aniversario de la Libero"},"content":{"rendered":"\n<div><img decoding=\"async\" src=\"http:\/\/latecordoba.com\/wp-content\/uploads\/2023\/05\/muestra-por-el-65-aniversario-de-la-libero.jpg\" class=\"ff-og-image-inserted\"><\/div>\n<div class=\"cuerpo\" data-twitter-link readability=\"15\">\n<p>En el marco de la celebraci\u00f3n del<strong> 65\u00ba Aniversario de la Escuela Superior de Artes Pl\u00e1sticas Libero Pierini<\/strong>, se inaugur\u00f3 anoche la exposici\u00f3n de fotograf\u00edas de la<strong> Unidad de Gesti\u00f3n III del PEAM de la UNRC<\/strong>, profesora Estela Zogbe, en la que exponen: Susana Berardo, Santiago Castro, Dora Luna y Mar\u00eda del Carmen Morales.<\/p>\n<\/div>\n","protected":false},"excerpt":{"rendered":"<p>\nSe inaugur\u00f3 ayer la exposici\u00f3n de la Unidad de Gesti\u00f3n III del PEAM de la UNRC,  <\/p>\n","protected":false},"author":1,"featured_media":9048,"comment_status":"closed","ping_status":"closed","sticky":false,"template":"","format":"standard","meta":[],"categories":[14],"tags":[],"_links":{"self":[{"href":"https:\/\/latecordoba.com\/index.php\/wp-json\/wp\/v2\/posts\/9047"}],"collection":[{"href":"https:\/\/latecordoba.com\/index.php\/wp-json\/wp\/v2\/posts"}],"about":[{"href":"https:\/\/latecordoba.com\/index.php\/wp-json\/wp\/v2\/types\/post"}],"author":[{"embeddable":true,"href":"https:\/\/latecordoba.com\/index.php\/wp-json\/wp\/v2\/users\/1"}],"replies":[{"embeddable":true,"href":"https:\/\/latecordoba.com\/index.php\/wp-json\/wp\/v2\/comments?post=9047"}],"version-history":[{"count":0,"href":"https:\/\/latecordoba.com\/index.php\/wp-json\/wp\/v2\/posts\/9047\/revisions"}],"wp:featuredmedia":[{"embeddable":true,"href":"https:\/\/latecordoba.com\/index.php\/wp-json\/wp\/v2\/media\/9048"}],"wp:attachment":[{"href":"https:\/\/latecordoba.com\/index.php\/wp-json\/wp\/v2\/media?parent=9047"}],"wp:term":[{"taxonomy":"category","embeddable":true,"href":"https:\/\/latecordoba.com\/index.php\/wp-json\/wp\/v2\/categories?post=9047"},{"taxonomy":"post_tag","embeddable":true,"href":"https:\/\/latecordoba.com\/index.php\/wp-json\/wp\/v2\/tags?post=9047"}],"curies":[{"name":"wp","href":"https:\/\/api.w.org\/{rel}","templated":true}]}}