{"id":9043,"date":"2023-05-19T13:42:14","date_gmt":"2023-05-19T13:42:14","guid":{"rendered":"https:\/\/www.puntal.com.ar\/la-pena-morfi\/telefe-levanta-la-pena-morfi-n191250"},"modified":"2023-05-19T13:42:14","modified_gmt":"2023-05-19T13:42:14","slug":"telefe-levanta-la-pena-de-morfi","status":"publish","type":"post","link":"https:\/\/latecordoba.com\/index.php\/2023\/05\/19\/telefe-levanta-la-pena-de-morfi\/","title":{"rendered":"Telefe levanta &#8220;La Pe\u00f1a de Morfi&#8221;"},"content":{"rendered":"\n<div><img decoding=\"async\" src=\"http:\/\/latecordoba.com\/wp-content\/uploads\/2023\/05\/telefe-levanta-la-pena-de-morfi.jpg\" class=\"ff-og-image-inserted\"><\/div>\n<div class=\"cuerpo\" data-twitter-link readability=\"19\">\n<p class=\"ampp\"> Seg\u00fan inform\u00f3 Mariana Brey en \u201cSocios del Espect\u00e1culo\u201d, el canal defini\u00f3 que <strong>La Pe\u00f1a de Morfi llegar\u00e1 a su fin en diciembre.<\/strong><\/p>\n<p class=\"ampp\">En tanto, la periodista tambi\u00e9n dijo que<strong> en la conducci\u00f3n seguir\u00e1 Georgina Barbarossa.<\/strong><\/p>\n<p class=\"ampp\">Barbarossa asumi\u00f3 la conducci\u00f3n del programa tras la salida de Jey y desde entonces comparte el piso con Jesica Cirio como co-conductora.<\/p>\n<p class=\"ampp\"><strong>\u201cTermina todo\u201d<\/strong>, expres\u00f3 Brey seg\u00fan su informaci\u00f3n.<\/p>\n<div contenteditable=\"false\" class=\"embed_cont type_freetext\" rel=\"freetext\" id=\"embed3136_wrap\" data-provider=\"YouTube\" readability=\"32\">\n<p> Romina Manguel se meti\u00f3 con &#8220;La pe\u00f1a de Morfi&#8221; y Georgina Barbarossa le respondi\u00f3<span onclick=\"parent.parent.TinyMCETdcuerpo.preview_embed('embed3136')\" class=\"embed_colapse less\" id=\"embed3136_colapse\"><\/span><span onclick=\"parent.parent.TinyMCETdcuerpo.delete_embed('embed3136')\" class=\"embed_delete less\" id=\"embed3136_delete\"><\/span><\/p>\n<div id=\"embed3136_content\" class=\"embed_content\">\n<p> <iframe loading=\"lazy\" width=\"200\" height=\"113\" src=\"https:\/\/www.youtube.com\/embed\/rgfEQ9DhmrA?feature=oembed\" frameborder=\"0\" allow=\"accelerometer; autoplay; clipboard-write; encrypted-media; gyroscope; picture-in-picture; web-share\" allowfullscreen title=\"Romina Manguel se meti\u00f3 con &quot;La pe\u00f1a de Morfi&quot; y Georgina Barbarossa le respondi\u00f3\">[embedded content]<\/iframe><\/p>\n<\/p><\/div>\n<\/p><\/div>\n<\/p><\/div>\n","protected":false},"excerpt":{"rendered":"<p>\nEl canal de las pelotitas habr\u00eda definido la fecha para ponerle punto final al programa despu\u00e9s de haber suspendido a Jey Mamm\u00f3n.  <\/p>\n","protected":false},"author":1,"featured_media":9044,"comment_status":"closed","ping_status":"closed","sticky":false,"template":"","format":"standard","meta":[],"categories":[14],"tags":[],"_links":{"self":[{"href":"https:\/\/latecordoba.com\/index.php\/wp-json\/wp\/v2\/posts\/9043"}],"collection":[{"href":"https:\/\/latecordoba.com\/index.php\/wp-json\/wp\/v2\/posts"}],"about":[{"href":"https:\/\/latecordoba.com\/index.php\/wp-json\/wp\/v2\/types\/post"}],"author":[{"embeddable":true,"href":"https:\/\/latecordoba.com\/index.php\/wp-json\/wp\/v2\/users\/1"}],"replies":[{"embeddable":true,"href":"https:\/\/latecordoba.com\/index.php\/wp-json\/wp\/v2\/comments?post=9043"}],"version-history":[{"count":0,"href":"https:\/\/latecordoba.com\/index.php\/wp-json\/wp\/v2\/posts\/9043\/revisions"}],"wp:featuredmedia":[{"embeddable":true,"href":"https:\/\/latecordoba.com\/index.php\/wp-json\/wp\/v2\/media\/9044"}],"wp:attachment":[{"href":"https:\/\/latecordoba.com\/index.php\/wp-json\/wp\/v2\/media?parent=9043"}],"wp:term":[{"taxonomy":"category","embeddable":true,"href":"https:\/\/latecordoba.com\/index.php\/wp-json\/wp\/v2\/categories?post=9043"},{"taxonomy":"post_tag","embeddable":true,"href":"https:\/\/latecordoba.com\/index.php\/wp-json\/wp\/v2\/tags?post=9043"}],"curies":[{"name":"wp","href":"https:\/\/api.w.org\/{rel}","templated":true}]}}