{"id":9041,"date":"2023-05-19T19:52:34","date_gmt":"2023-05-19T19:52:34","guid":{"rendered":"https:\/\/viapais.com.ar\/politica\/cristina-kirchner-apunto-que-lo-importante-que-es-ir-al-balotaje-que-chances-tiene-el-frente-de-todos-segun-encuestas\/"},"modified":"2023-05-19T19:52:34","modified_gmt":"2023-05-19T19:52:34","slug":"cristina-kirchner-apunto-que-lo-importante-es-ir-al-balotaje-que-chances-tiene-el-frente-de-todos-segun-encuestas","status":"publish","type":"post","link":"https:\/\/latecordoba.com\/index.php\/2023\/05\/19\/cristina-kirchner-apunto-que-lo-importante-es-ir-al-balotaje-que-chances-tiene-el-frente-de-todos-segun-encuestas\/","title":{"rendered":"Cristina Kirchner apunt\u00f3 que \u201clo importante\u201d es ir al balotaje: qu\u00e9 chances tiene el Frente de Todos seg\u00fan encuestas"},"content":{"rendered":"\n<p>El <a href=\"https:\/\/viapais.com.ar\/politica\/con-cristina-kirchner-fuera-del-panorama-electoral-quienes-son-los-candidatos-del-frente-de-todos-que-apuestan-por-las-elecciones\/\" target=\"_blank\" rel=\"noopener\"><b>Frente de Todos<\/b><\/a> vive una semana convulsionada despu\u00e9s de lo que fue la <a href=\"https:\/\/viapais.com.ar\/politica\/cristina-kirchner-ratifico-que-no-sera-candidata-y-reclamo-que-el-fdt-disene-un-programa-de-gobierno\/\" target=\"_blank\" rel=\"noopener\"><b>confirmaci\u00f3n del renunciamiento de Cristina Kirchner<\/b><\/a> y ante la acefal\u00eda de un candidato claro que una a todo la coalici\u00f3n oficialista. En ese sentido, con la <a href=\"https:\/\/viapais.com.ar\/temas\/inflacion\/\" target=\"_blank\" rel=\"noopener\"><b>inflaci\u00f3n<\/b> <\/a>que lleva el a\u00f1o y los problemas econ\u00f3micos que arrastra la gesti\u00f3n de <b>Alberto Fern\u00e1ndez<\/b>, los l\u00edderes son cocientes de la debilidad pol\u00edtica.<\/p>\n<article class=\"article card \">\n<div class=\"article-inner \">\n<div class=\"article-image \"><a href=\"https:\/\/viapais.com.ar\/politica\/menem-y-la-causa-armas-el-argumento-de-la-corte-para-aclarar-que-cristina-kirchner-no-esta-proscripta\/\" title=\"Cristina Kirchner\"><\/p>\n<figure><picture><img decoding=\"async\" alt=\"Cristina Kirchner\" class=\"lazyload block \" loading=\"lazy\" src=\"http:\/\/latecordoba.com\/wp-content\/uploads\/2023\/05\/cristina-kirchner-apunto-que-lo-importante-es-ir-al-balotaje-que-chances-tiene-el-frente-de-todos-segun-encuestas.png\" sizes=\"auto\" data-src=\"https:\/\/viapais.com.ar\/resizer\/N-Svvf-TI2tSOGOyCjPcfGwzdVE=\/307x173\/smart\/filters:quality(75):format(webp)\/cloudfront-us-east-1.images.arcpublishing.com\/grupoclarin\/XQXAQ2CUEFHSDP2UDJRDVEXW7U.jpg\" width=\"307px\" fetchpriority=\"low\" height=\"173px\"><\/picture><\/figure>\n<p><\/a><\/div>\n<\/div>\n<\/article>\n<p>Ayer, en su entrevista en <i>C5N<\/i>, la propia vicepresidenta reconoci\u00f3 la <a href=\"https:\/\/viapais.com.ar\/politica\/elecciones-2023-que-provincias-son-claves-para-quedarse-con-las-presidenciales-y-necesitan-candidatos-fuertes\/\" target=\"_blank\" rel=\"noopener\"><b>debilidad del Frente de Todos<\/b><\/a> de cara a las urnas y no anticip\u00f3 ninguna victoria, sino se\u00f1al\u00f3 que \u201c<a href=\"https:\/\/viapais.com.ar\/politica\/cristina-kirchner-entrevistada-en-television-la-corte-se-constituye-en-una-camarilla-de-tres-personas\/\" target=\"_blank\" rel=\"noopener\"><b>lo importante es entrar al balotaje<\/b><\/a>\u201d. La lectura de la vice, coincide con la mayor\u00eda de los analistas pol\u00edticos que anticipan una elecci\u00f3n <b>muy peleada<\/b>.<\/p>\n<figure><picture><img alt=\"Cristina Kirchner dio una entrevista en vivo en C5N.\" class=\"lazyload block \" loading=\"lazy\" sizes=\"auto\" data-src=\"http:\/\/latecordoba.com\/wp-content\/uploads\/2023\/05\/cristina-kirchner-apunto-que-lo-importante-es-ir-al-balotaje-que-chances-tiene-el-frente-de-todos-segun-encuestas.jpg\" width=\"1023px\" fetchpriority=\"low\" height=\"681px\"><\/picture><figcaption class>Cristina Kirchner dio una entrevista en vivo en C5N.<\/figcaption><\/figure>\n<p>\u201cVan a ser una elecciones at\u00edpicas, de tercios\u201d, se\u00f1al\u00f3 la vicepresidenta en <i>Duro de Domar<\/i> donde brind\u00f3 una entrevista en TV despu\u00e9s de varios a\u00f1os. All\u00ed anticip\u00f3 la <b>debilidad del Frente de Todos<\/b>, pero tambi\u00e9n apostando por la divisi\u00f3n en la oposici\u00f3n con <b>Patricia Bullrich<\/b>, <b>Horacio Rodr\u00edguez Larreta<\/b> y <b>Javier Milei<\/b> como las caras visibles.<\/p>\n<p>En ese sentido, el foco est\u00e1 puesto ahora en <b>qu\u00e9 pasa con el Frente de Todos<\/b> sin <b>CFK<\/b>. Pues, ya han surgido algunos nombres que podr\u00edan ser los elegidos por la exmandatria y que se llevar\u00eda el caudal de votos como ocurri\u00f3 con <b>Alberto Fern\u00e1ndez<\/b> en 2019.<\/p>\n<p>La pelea interna ahora se transform\u00f3 en <b>PASO si o no<\/b>, donde desde el albertismo impulsan la idea de competir para \u201cmejorar al espacio\u201d con nombres que podr\u00edan sumarse como <b>Agust\u00edn Rossi<\/b> o agarrar a <b>Daniel Scioli<\/b>, el actual embajador en Brasil.<\/p>\n<p>Mientras tanto, <b>Sergio Massa<\/b>, un nombre fuerte, al que la propia <b>CFK<\/b> ve con buenos ojos para hacerse cargo del <b>FdT<\/b> en las futuras elecciones, piensa en un candidato \u00fanico y poniendo el foco en <b>gobernar<\/b>. Tambi\u00e9n aparecen nombres como <b>Wado de Pedro<\/b> o <b>Axel Kicillof<\/b>, personalidades m\u00e1s cercanas a La C\u00e1mpora y las ideas duras de CFK.<\/p>\n<figure><picture><img alt=\"El presidente Alberto Fern\u00e1ndez encabez\u00f3 la firma de contratos para el Gasoducto Presidente N\u00e9stor Kirchner, junto a los gobernadores, Axel Kicillof, Sergio Zilliotto y Omar Guti\u00e9rrez.\" class=\"lazyload block \" loading=\"lazy\" sizes=\"auto\" data-src=\"http:\/\/latecordoba.com\/wp-content\/uploads\/2023\/05\/cristina-kirchner-apunto-que-lo-importante-es-ir-al-balotaje-que-chances-tiene-el-frente-de-todos-segun-encuestas-1.jpg\" width=\"1023px\" fetchpriority=\"low\" height=\"683px\"><\/picture><figcaption class>El presidente Alberto Fern\u00e1ndez encabez\u00f3 la firma de contratos para el Gasoducto Presidente N\u00e9stor Kirchner, junto a los gobernadores, Axel Kicillof, Sergio Zilliotto y Omar Guti\u00e9rrez.<\/figcaption><\/figure>\n<h2 class><b>Qu\u00e9 dicen las encuestas sobre el Frente de Todos<\/b><\/h2>\n<p>Una encuesta de <i>Federico Gonz\u00e1lez y Asociados<\/i> a\u00fan con <b>CFK<\/b> como una posible candidata da al <b>Frente de Todos <\/b>como ganador en una eventual <b>PASO<\/b> frente a <b>Juntos por el Cambio<\/b> y <b>Milei<\/b>. Pero, la vicepresidenta se lleva el casi el <b>18%<\/b> de los votos, mientras que el resto de los candidatos no llega a pasar las dos cifras.<\/p>\n<p><b>Sergio Massa<\/b> parece ser el candidato que m\u00e1s se lleva los votos de <b>CFK<\/b> tras ser destacado por la vicepresidenta a pesar de <b>los crecientes n\u00fameros de la inflaci\u00f3n<\/b>. M\u00e1s atr\u00e1s corren <b>Scioli<\/b>, <b>Grabois<\/b> y <b>De Pedro<\/b>.<\/p>\n<figure><picture><img alt=\"El panorama electoral en la provincia de Buenos Aires.\" class=\"lazyload block \" loading=\"lazy\" sizes=\"auto\" data-src=\"http:\/\/latecordoba.com\/wp-content\/uploads\/2023\/05\/cristina-kirchner-apunto-que-lo-importante-es-ir-al-balotaje-que-chances-tiene-el-frente-de-todos-segun-encuestas-2.jpg\" width=\"1023px\" fetchpriority=\"low\" height=\"575px\"><\/picture><figcaption class>El panorama electoral en la provincia de Buenos Aires. Foto: Federico Gonz\u00e1lez<\/figcaption><\/figure>\n<p>En tanto, otro estudio de <i>Pol\u00edticos en Redes<\/i>, que hace an\u00e1lisis de los desempe\u00f1os de las redes sociales, marcan que <b>Juntos por el Cambio<\/b> ser\u00eda un eventual ganador de las elecciones presidenciales, sin distinci\u00f3n de nombres. Detr\u00e1s, aparece el <b>Frente de Todos<\/b>, superando a los liberales por poco margen.<\/p>\n<p>En tanto, un trabajo de <i>Anal\u00eda del Franco<\/i> empieza a marcar un rumbo sobre qui\u00e9n puede ser el candidato del <b>Frente de Todos<\/b>, superando a <b>Javier Milei<\/b>. All\u00ed se present\u00f3 tres escenarios diferentes con <b>Wado de Pedro<\/b>, <b>Axel Kicillof<\/b> y <b>Sergio Massa<\/b>, donde solo en uno perder\u00eda.<\/p>\n<p>A nivel de fuerza pol\u00edtica, <b>Juntos por el Cambio<\/b> arrastra la mayor cantidad de votos con <b>Larreta<\/b> superando a <b>Patricia Bullrich<\/b> en la provincia de Buenos Aires, por casi <b>5 puntos de diferencia<\/b>. El Frente de Todos se queda segundo con el 25% de los votos, mientras que en tercera posici\u00f3n est\u00e1 <b>Javier Mieli<\/b>.<\/p>\n<figure><picture><img alt=\"Wado de Pedro busca ser el elegido de Cristina Kirchner. \" class=\"lazyload block \" loading=\"lazy\" sizes=\"auto\" data-src=\"http:\/\/latecordoba.com\/wp-content\/uploads\/2023\/05\/cristina-kirchner-apunto-que-lo-importante-es-ir-al-balotaje-que-chances-tiene-el-frente-de-todos-segun-encuestas-3.jpg\" width=\"1023px\" fetchpriority=\"low\" height=\"683px\"><\/picture><figcaption class>Wado de Pedro busca ser el elegido de Cristina Kirchner. <\/figcaption><\/figure>\n<article class=\"article card \">\n<div class=\"article-inner \">\n<div class=\"article-image \"><a href=\"https:\/\/viapais.com.ar\/politica\/elecciones-2023-cuales-son-los-principales-puntos-que-el-frente-de-todos-busca-impulsar-en-el-programa-de-gobierno\/\" title=\"Alberto Fern\u00e1ndez y Cristina Kirchner\"><\/p>\n<figure><picture><img decoding=\"async\" alt=\"Alberto Fern\u00e1ndez y Cristina Kirchner\" class=\"lazyload block \" loading=\"lazy\" src=\"http:\/\/latecordoba.com\/wp-content\/uploads\/2023\/05\/cristina-kirchner-apunto-que-lo-importante-es-ir-al-balotaje-que-chances-tiene-el-frente-de-todos-segun-encuestas.png\" sizes=\"auto\" data-src=\"https:\/\/viapais.com.ar\/resizer\/d7fMjQwLezAoSV5_JlMlqXu7qsw=\/307x173\/smart\/filters:quality(75):format(webp)\/cloudfront-us-east-1.images.arcpublishing.com\/grupoclarin\/TM3VXSJMMFCQLJ4QE6QXEGC7TY.jpeg\" width=\"307px\" fetchpriority=\"low\" height=\"173px\"><\/picture><\/figure>\n<p><\/a><\/div>\n<\/div>\n<\/article>\n<p>Pero el dato en los candidatos que presenta el oficialismo: con <b>Wado de Pedro<\/b> es dif\u00edcil de superar a <b>Larreta<\/b> y al dirigente liberal, mientras que con <b>Axel Kicillof<\/b> y <b>Sergio Massa<\/b> se muestran primeros superando hasta por casi <b>11 puntos<\/b> en el primer caso al segundo.<\/p>\n<p>La candidatura de Kicillof a la presidencia asoma como una posibilidad desde que la vicepresidenta comenz\u00f3 a poner en duda la posibilidad de pelear por un nuevo mandato en la Rosada. El gobernador resiste esa posibilidad y <b>busca apuntalar su reelecci\u00f3n en la provincia<\/b>. Esto tensa la relaci\u00f3n entre el mandatario bonaerense y M\u00e1ximo Kirchner quien quiere que primero se resuelva la estrategia nacional.<\/p>\n","protected":false},"excerpt":{"rendered":"<p>El Frente de Todos vive una semana convulsionada despu\u00e9s de lo que fue la confirmaci\u00f3n del renunciamiento de Cristina Kirchner y ante la acefal\u00eda de un candidato claro que una a todo la coalici\u00f3n oficialista. En ese sentido, con la inflaci\u00f3n que lleva el a\u00f1o y los problemas econ\u00f3micos que arrastra la gesti\u00f3n de Alberto [&hellip;]<\/p>\n","protected":false},"author":1,"featured_media":9042,"comment_status":"closed","ping_status":"closed","sticky":false,"template":"","format":"standard","meta":[],"categories":[15],"tags":[],"_links":{"self":[{"href":"https:\/\/latecordoba.com\/index.php\/wp-json\/wp\/v2\/posts\/9041"}],"collection":[{"href":"https:\/\/latecordoba.com\/index.php\/wp-json\/wp\/v2\/posts"}],"about":[{"href":"https:\/\/latecordoba.com\/index.php\/wp-json\/wp\/v2\/types\/post"}],"author":[{"embeddable":true,"href":"https:\/\/latecordoba.com\/index.php\/wp-json\/wp\/v2\/users\/1"}],"replies":[{"embeddable":true,"href":"https:\/\/latecordoba.com\/index.php\/wp-json\/wp\/v2\/comments?post=9041"}],"version-history":[{"count":0,"href":"https:\/\/latecordoba.com\/index.php\/wp-json\/wp\/v2\/posts\/9041\/revisions"}],"wp:featuredmedia":[{"embeddable":true,"href":"https:\/\/latecordoba.com\/index.php\/wp-json\/wp\/v2\/media\/9042"}],"wp:attachment":[{"href":"https:\/\/latecordoba.com\/index.php\/wp-json\/wp\/v2\/media?parent=9041"}],"wp:term":[{"taxonomy":"category","embeddable":true,"href":"https:\/\/latecordoba.com\/index.php\/wp-json\/wp\/v2\/categories?post=9041"},{"taxonomy":"post_tag","embeddable":true,"href":"https:\/\/latecordoba.com\/index.php\/wp-json\/wp\/v2\/tags?post=9041"}],"curies":[{"name":"wp","href":"https:\/\/api.w.org\/{rel}","templated":true}]}}