{"id":9035,"date":"2023-05-19T10:11:07","date_gmt":"2023-05-19T10:11:07","guid":{"rendered":"https:\/\/viapais.com.ar\/tandil\/tren-a-tandil-reunion-clave-entre-intendentes-de-la-region\/"},"modified":"2023-05-19T10:11:07","modified_gmt":"2023-05-19T10:11:07","slug":"tren-a-tandil-reunion-clave-entre-intendentes-de-la-region","status":"publish","type":"post","link":"https:\/\/latecordoba.com\/index.php\/2023\/05\/19\/tren-a-tandil-reunion-clave-entre-intendentes-de-la-region\/","title":{"rendered":"Tren a Tandil: reuni\u00f3n clave entre intendentes de la regi\u00f3n"},"content":{"rendered":"\n<div><img decoding=\"async\" src=\"http:\/\/latecordoba.com\/wp-content\/uploads\/2023\/05\/tren-a-tandil-reunion-clave-entre-intendentes-de-la-region.jpg\" class=\"ff-og-image-inserted\"><\/div>\n<section readability=\"32\">\n<p>Este viernes, <b>Tandil ser\u00e1 sede de un importante encuentro<\/b> entre intendentes, funcionarios de gobiernos locales de la regi\u00f3n, legisladores provinciales, representantes de dependencias de distintos niveles del Estado y miembros de organizaciones, <b>para avanzar con la vuelta del tren de cargas al puerto de Quequ\u00e9n.<\/b><\/p>\n<p>El Municipio de Tandil junto a otras ciudades de la regi\u00f3n impulsa desde hace tiempo este tema, y la intenci\u00f3n es continuar avanzando en las gestiones para alcanzar definiciones concretas. Adem\u00e1s <b>participar\u00e1n legisladores provinciales y representantes de INTA, CARBAP, el Consorcio Puerto Quequ\u00e9n y la Secretar\u00eda de Transporte de Naci\u00f3n.<\/b><\/p>\n<p>Este nuevo encuentro<b> se realizar\u00e1 a partir de las 17.30 en Iconic Building \u2013 Globant, ubicado en la calle Pinto al 900, <\/b>y estar\u00e1n representados los Municipios de Tandil, Balcarce, Ayacucho, Necochea, Loberia, Azul, Benito Ju\u00e1rez, Guido, Rauch y San Cayetano.<\/p>\n<\/section>\n<div class=\"noreadme-audima\">\n<h2>Temas Relacionados<\/h2>\n<\/div>\n","protected":false},"excerpt":{"rendered":"<p>Este viernes, Tandil ser\u00e1 sede de un importante encuentro entre intendentes, funcionarios de gobiernos locales de la regi\u00f3n, legisladores provinciales, representantes de dependencias de distintos niveles del Estado y miembros de organizaciones, para avanzar con la vuelta del tren de cargas al puerto de Quequ\u00e9n. El Municipio de Tandil junto a otras ciudades de la [&hellip;]<\/p>\n","protected":false},"author":1,"featured_media":9036,"comment_status":"closed","ping_status":"closed","sticky":false,"template":"","format":"standard","meta":[],"categories":[15],"tags":[],"_links":{"self":[{"href":"https:\/\/latecordoba.com\/index.php\/wp-json\/wp\/v2\/posts\/9035"}],"collection":[{"href":"https:\/\/latecordoba.com\/index.php\/wp-json\/wp\/v2\/posts"}],"about":[{"href":"https:\/\/latecordoba.com\/index.php\/wp-json\/wp\/v2\/types\/post"}],"author":[{"embeddable":true,"href":"https:\/\/latecordoba.com\/index.php\/wp-json\/wp\/v2\/users\/1"}],"replies":[{"embeddable":true,"href":"https:\/\/latecordoba.com\/index.php\/wp-json\/wp\/v2\/comments?post=9035"}],"version-history":[{"count":0,"href":"https:\/\/latecordoba.com\/index.php\/wp-json\/wp\/v2\/posts\/9035\/revisions"}],"wp:featuredmedia":[{"embeddable":true,"href":"https:\/\/latecordoba.com\/index.php\/wp-json\/wp\/v2\/media\/9036"}],"wp:attachment":[{"href":"https:\/\/latecordoba.com\/index.php\/wp-json\/wp\/v2\/media?parent=9035"}],"wp:term":[{"taxonomy":"category","embeddable":true,"href":"https:\/\/latecordoba.com\/index.php\/wp-json\/wp\/v2\/categories?post=9035"},{"taxonomy":"post_tag","embeddable":true,"href":"https:\/\/latecordoba.com\/index.php\/wp-json\/wp\/v2\/tags?post=9035"}],"curies":[{"name":"wp","href":"https:\/\/api.w.org\/{rel}","templated":true}]}}