{"id":9033,"date":"2023-05-18T21:51:03","date_gmt":"2023-05-18T21:51:03","guid":{"rendered":"https:\/\/www.eldiariodeturismo.com.ar\/?p=230182"},"modified":"2023-05-18T21:51:03","modified_gmt":"2023-05-18T21:51:03","slug":"se-agranda-la-familia-privado-oasis-sur","status":"publish","type":"post","link":"https:\/\/latecordoba.com\/index.php\/2023\/05\/18\/se-agranda-la-familia-privado-oasis-sur\/","title":{"rendered":"Se agranda la familia Privado Oasis Sur"},"content":{"rendered":"<br \/>\n<h3 dir=\"ltr\"><span><strong>Nuevo Malbec-Tannat: Un Encuentro entre dos variedades emblem\u00e1ticas<\/strong><\/span><\/h3>\n<h3 dir=\"ltr\">&nbsp;<\/h3>\n<h6 dir=\"ltr\"><strong><span>Bodega Jorge Rubio, lanza este nuevo corte , que propone una fusi\u00f3n entre elegancia y potencia de dos variedades tradicionales.&nbsp;&nbsp;&nbsp;<\/span><\/strong><\/h6>\n<h5>&nbsp;<\/h5>\n<p><span>Este blend, inicialmente dise\u00f1ado para mercados de exportaci\u00f3n, conjuga de manera inteligente una estructura poderosa y a la vez seductora. Los taninos firmes del Tannat se entrelazan con la suavidad y la elegancia del Malbec, creando una textura envolvente y un equilibrio perfecto.<\/span><\/p>\n<p><i><span>\u201cEs un corte que cautiva desde el primer sorbo con su color profundo e intenso, revelando tonos violetas y rub\u00edes en la copa. En nariz, se despliegan exquisitos aromas de frutos rojos y negros, como cerezas, ciruelas y grosellas, combinados con sutiles notas especiadas y de vainilla provenientes de su crianza en barricas en su mayor\u00eda roble franc\u00e9s.\u201d<\/span><\/i><\/p>\n<p><strong><i>Micaela Sosa, En\u00f3loga Bodega Jorge Rubio.<\/i><\/strong><\/p>\n<p><span>El Malbec, reconocido mundialmente como uva insignia de Argentina, aporta su intensidad y elegancia, con notas de frutas negras maduras y taninos&nbsp; suaves.&nbsp; Por otro lado, el Tannat, originario de la regi\u00f3n de Madiran en Francia, agrega su car\u00e1cter robusto, con aromas profundos, taninos firmes y una notable longevidad, aportando estructura al blend.&nbsp;<\/span><\/p>\n<p><i><span>\u201cNuestro objetivo al crear este blend fue ofrecer a nuestros consumidores una experiencia \u00fanica que combine lo mejor de ambos mundos: la elegancia del Malbec y la potencia&nbsp; del Tannat\u00bb.&nbsp;<\/span><\/i><\/p>\n<p><strong><i>Jorge Rubio, jefe de enolog\u00eda y Director.<\/i><\/strong><\/p>\n<p><b>Sobre este Blend:<\/b><\/p>\n<ul>\n<li aria-level=\"1\"><span>Es un corte s\u00faper atractivo para el consumidor entusiasta<\/span><\/li>\n<li aria-level=\"1\"><span>Combina la elegancia del Malbec con la potencia del Tannat&nbsp;<\/span><\/li>\n<li aria-level=\"1\"><span>Es ideal para consumidores que prefieren vinos estructurados&nbsp;<\/span><\/li>\n<li aria-level=\"1\"><span>Es perfecto para acompa\u00f1ar carnes y comidas de invierno<\/span><\/li>\n<li aria-level=\"1\"><span>La cosecha 2021 cuenta s\u00f3lo con 4.000 botellas (hasta agotar stock)<\/span><\/li>\n<\/ul>\n<p><b>Privado Oasis Sur Malbec-Tannat&nbsp;<\/b><\/p>\n<p><span><img decoding=\"async\" loading=\"lazy\" class=\"size-medium wp-image-230185 alignleft\" src=\"http:\/\/latecordoba.com\/wp-content\/uploads\/2023\/05\/se-agranda-la-familia-privado-oasis-sur.jpg\" alt width=\"86\" height=\"300\" srcset=\"http:\/\/latecordoba.com\/wp-content\/uploads\/2023\/05\/se-agranda-la-familia-privado-oasis-sur.jpg 86w, https:\/\/www.eldiariodeturismo.com.ar\/wp-content\/uploads\/2023\/05\/PRIVADO-OASIS-SUR-MALBEC-TANNAT-botella.jpg 138w\" sizes=\"(max-width: 86px) 100vw, 86px\">Variedades 70% Malbec y 30% Tannat&nbsp;<\/span><\/p>\n<p><span>Cosecha: 2021<\/span><\/p>\n<p><span>Regi\u00f3n de Cultivo: Oasis Sur del Atuel<\/span><\/p>\n<p><span>Localizaci\u00f3n de Vi\u00f1edos: Malbec (El Desv\u00edo) Tannat (Rama Ca\u00edda)<\/span><\/p>\n<p><span>Tipo de conducci\u00f3n: Espaldero<\/span><\/p>\n<p><span>Suelo: Franco Arenoso<\/span><\/p>\n<p><span>Alcohol: 13,50 g\/l<\/span><\/p>\n<p><span>Az\u00facar Residual:&nbsp; 1,80 g\/l<\/span><\/p>\n<p><b>Notas de Cata<\/b><\/p>\n<p><span>De color rojo rub\u00ed vibrante. Este Malbec-Tannat tiene notas de car\u00e1cter frutado y especiado, se destacan aromas a ciruela, grosella y vainilla.&nbsp; En boca es un vino equilibrado y amable, con fresca acidez, taninos firmes y jugosos en una elegante y robusta estructura. De final largo y persistente.<\/span><\/p>\n<p><b>Detalles de Vinificaci\u00f3n<\/b><\/p>\n<p><span>Tanto Malbec como Tannat permanecieron por 12 meses en barricas de roble franc\u00e9s y americano (60% y 40%) de segundo y tercer uso hasta completar su crianza antes de realizar el blend.&nbsp;<\/span><\/p>\n<h4>\n<\/h4>\n<p>.<\/p>\n<p>FUENTE: GP COMUNICACI\u00d3N<\/p>\n","protected":false},"excerpt":{"rendered":"<p> \u00a0 Nuevo Malbec-Tannat: Un Encuentro entre dos variedades emblem\u00e1ticas \u00a0 Bodega Jorge Rubio, lanza este nuevo corte , que propone  <\/p>\n","protected":false},"author":1,"featured_media":9034,"comment_status":"open","ping_status":"closed","sticky":false,"template":"","format":"standard","meta":[],"categories":[19],"tags":[],"_links":{"self":[{"href":"https:\/\/latecordoba.com\/index.php\/wp-json\/wp\/v2\/posts\/9033"}],"collection":[{"href":"https:\/\/latecordoba.com\/index.php\/wp-json\/wp\/v2\/posts"}],"about":[{"href":"https:\/\/latecordoba.com\/index.php\/wp-json\/wp\/v2\/types\/post"}],"author":[{"embeddable":true,"href":"https:\/\/latecordoba.com\/index.php\/wp-json\/wp\/v2\/users\/1"}],"replies":[{"embeddable":true,"href":"https:\/\/latecordoba.com\/index.php\/wp-json\/wp\/v2\/comments?post=9033"}],"version-history":[{"count":0,"href":"https:\/\/latecordoba.com\/index.php\/wp-json\/wp\/v2\/posts\/9033\/revisions"}],"wp:featuredmedia":[{"embeddable":true,"href":"https:\/\/latecordoba.com\/index.php\/wp-json\/wp\/v2\/media\/9034"}],"wp:attachment":[{"href":"https:\/\/latecordoba.com\/index.php\/wp-json\/wp\/v2\/media?parent=9033"}],"wp:term":[{"taxonomy":"category","embeddable":true,"href":"https:\/\/latecordoba.com\/index.php\/wp-json\/wp\/v2\/categories?post=9033"},{"taxonomy":"post_tag","embeddable":true,"href":"https:\/\/latecordoba.com\/index.php\/wp-json\/wp\/v2\/tags?post=9033"}],"curies":[{"name":"wp","href":"https:\/\/api.w.org\/{rel}","templated":true}]}}