{"id":9024,"date":"2023-05-19T02:06:46","date_gmt":"2023-05-19T02:06:46","guid":{"rendered":"https:\/\/www.lapoliticaonline.com\/politica\/guino-de-cristina-a-wado-espero-que-los-hijos-de-la-generacion-diezmada-tome-la-posta\/"},"modified":"2023-05-19T02:06:46","modified_gmt":"2023-05-19T02:06:46","slug":"guino-de-cristina-a-wado-espero-que-los-hijos-de-la-generacion-diezmada-tomen-la-posta","status":"publish","type":"post","link":"https:\/\/latecordoba.com\/index.php\/2023\/05\/19\/guino-de-cristina-a-wado-espero-que-los-hijos-de-la-generacion-diezmada-tomen-la-posta\/","title":{"rendered":"Gui\u00f1o de Cristina a Wado: &#8220;Espero que los hijos de la generaci\u00f3n diezmada tomen la posta&#8221;"},"content":{"rendered":"\n<div><img decoding=\"async\" src=\"http:\/\/latecordoba.com\/wp-content\/uploads\/2023\/05\/guino-de-cristina-a-wado-espero-que-los-hijos-de-la-generacion-diezmada-tomen-la-posta.jpg\" class=\"ff-og-image-inserted\"><\/div>\n<div id=\"vsmcontent\" readability=\"80\">\n<p>Cristina Kirchner le hizo un gui\u00f1o a la candidatura de Eduardo &#8220;Wado&#8221; de Pedro y dijo que espera&nbsp;&#8220;que los hijos de la generaci\u00f3n diezmada tome la posta&#8221;.<\/p>\n<p>La vicepresidenta particip\u00f3 del programa Duro de Domar por C5N, en el que fue entrevistada por el periodista Pablo Duggan y habl\u00f3 durante una hora y media.&nbsp;<\/p>\n<p>El gui\u00f1o a Wado, cuyos padres fueron asesinados en la dictadura, fue su \u00fanica pista sobre las candidaturas que planea para el Frente de Todos. Sin ninguna alusi\u00f3n a Sergio Massa, volvi\u00f3 a decir que no ser\u00e1 candidata. Cuando el periodista le insiti\u00f3 para que lo dijera de manera taxativa, Cristina dijo que cree que los argentinos &#8220;tienen comprensi\u00f3n lectora&#8221;, en referencia a la carta que public\u00f3 el martes. En la puerta del canal los militantes siguieron coreando &#8220;Cristina presidenta&#8221;.<\/p>\n<p>Sobre el escenario electoral dijo que este a\u00f1o es distinto al de 2019 porque ahora &#8220;hay tercios&#8221;.&nbsp;&nbsp;&#8220;Lo importante es entrar al balotaje&#8221;, dijo. Y dijo que para eso el peronismo debe volver a &#8220;enamorar&#8221; a la sociedad. Al referise a su &#8220;proscripci\u00f3n&#8221;, la vicepresidenta dijo que est\u00e1&nbsp;&#8220;en libertad condicional t\u00e9cnicamente y no es una frase que quede bien, es la realidad&#8221;.<\/p>\n<\/div>\n<p><strong>Copyright La Politica Online SA 2023.<\/strong><br \/>Por favor no corte ni pegue en la web nuestras notas, tiene la posibilidad de redistribuirlas usando nuestras herramientas.<\/p>\n","protected":false},"excerpt":{"rendered":"<p> La vicepresidenta dio una entrevista en C5N en la que dijo que &#8220;lo importante es entrar al balotaje&#8221;. No hubo gestos a Massa.  <\/p>\n","protected":false},"author":1,"featured_media":9025,"comment_status":"closed","ping_status":"closed","sticky":false,"template":"","format":"standard","meta":[],"categories":[18],"tags":[],"_links":{"self":[{"href":"https:\/\/latecordoba.com\/index.php\/wp-json\/wp\/v2\/posts\/9024"}],"collection":[{"href":"https:\/\/latecordoba.com\/index.php\/wp-json\/wp\/v2\/posts"}],"about":[{"href":"https:\/\/latecordoba.com\/index.php\/wp-json\/wp\/v2\/types\/post"}],"author":[{"embeddable":true,"href":"https:\/\/latecordoba.com\/index.php\/wp-json\/wp\/v2\/users\/1"}],"replies":[{"embeddable":true,"href":"https:\/\/latecordoba.com\/index.php\/wp-json\/wp\/v2\/comments?post=9024"}],"version-history":[{"count":0,"href":"https:\/\/latecordoba.com\/index.php\/wp-json\/wp\/v2\/posts\/9024\/revisions"}],"wp:featuredmedia":[{"embeddable":true,"href":"https:\/\/latecordoba.com\/index.php\/wp-json\/wp\/v2\/media\/9025"}],"wp:attachment":[{"href":"https:\/\/latecordoba.com\/index.php\/wp-json\/wp\/v2\/media?parent=9024"}],"wp:term":[{"taxonomy":"category","embeddable":true,"href":"https:\/\/latecordoba.com\/index.php\/wp-json\/wp\/v2\/categories?post=9024"},{"taxonomy":"post_tag","embeddable":true,"href":"https:\/\/latecordoba.com\/index.php\/wp-json\/wp\/v2\/tags?post=9024"}],"curies":[{"name":"wp","href":"https:\/\/api.w.org\/{rel}","templated":true}]}}