{"id":9022,"date":"2023-05-18T23:03:38","date_gmt":"2023-05-18T23:03:38","guid":{"rendered":"https:\/\/viapais.com.ar\/cordoba\/video-adrenalina-pura-asi-empezo-a-vivir-talleres-el-clasico-con-belgrano\/"},"modified":"2023-05-18T23:03:38","modified_gmt":"2023-05-18T23:03:38","slug":"video-adrenalina-pura-asi-empezo-a-vivir-talleres-el-clasico-con-belgrano","status":"publish","type":"post","link":"https:\/\/latecordoba.com\/index.php\/2023\/05\/18\/video-adrenalina-pura-asi-empezo-a-vivir-talleres-el-clasico-con-belgrano\/","title":{"rendered":"Video: adrenalina pura, as\u00ed empez\u00f3 a vivir Talleres el cl\u00e1sico con Belgrano"},"content":{"rendered":"\n<p>En otro impactante audiovisual<a href=\"https:\/\/viapais.com.ar\/cordoba\/guido-herrera-palpito-el-belgrano-talleres-en-primera-division-tiene-un-condimento-especial\/\" target=\"_blank\" rel=\"noopener\">, <b>Talleres <\/b><\/a><b>aceler\u00f3 las pulsaciones de sus hinchas para lo que ser\u00e1 el cl\u00e1sico cordob\u00e9s frente a <\/b><a href=\"https:\/\/viapais.com.ar\/cordoba\/matias-suarez-y-sus-gestos-a-los-hinchas-de-talleres-se-viene-el-clasico-con-belgrano\/\" target=\"_blank\" rel=\"noopener\"><b>Belgrano<\/b><\/a>. Este domingo a las <a href=\"https:\/\/viapais.com.ar\/cordoba\/pablo-vegetti-previo-al-belgrano-talleres-en-alberdi-nos-sentimos-comodos-jugando-en-casa\/\" target=\"_blank\" rel=\"noopener\"><b>15.30 en el Gigante de Alberdi, <\/b><\/a>por la fecha 17 de la Liga Profesional.<\/p>\n<article class=\"article card \">\n<div class=\"article-inner \">\n<div class=\"article-image \"><a href=\"https:\/\/viapais.com.ar\/cordoba\/quien-es-el-arbitro-designado-para-el-clasico-belgrano-talleres\/\" title=\"Belgrano Talleres Garro Talleres\"><\/p>\n<figure><picture><img decoding=\"async\" alt=\"Belgrano Talleres Garro Talleres\" class=\"lazyload block \" loading=\"lazy\" src=\"http:\/\/latecordoba.com\/wp-content\/uploads\/2023\/05\/video-adrenalina-pura-asi-empezo-a-vivir-talleres-el-clasico-con-belgrano.png\" sizes=\"auto\" data-src=\"https:\/\/viapais.com.ar\/resizer\/EKqjGGdVfvlSo31lQvqJ6o-xEms=\/307x173\/smart\/filters:quality(75):format(webp)\/cloudfront-us-east-1.images.arcpublishing.com\/grupoclarin\/WUYAG2UXMRG35PLBXLYXXRAWI4.jpeg\" width=\"307px\" fetchpriority=\"low\" height=\"173px\"><\/picture><\/figure>\n<p><\/a><\/div>\n<\/div>\n<\/article>\n<article class=\"article card \">\n<div class=\"article-inner \">\n<div class=\"article-image \"><a href=\"https:\/\/viapais.com.ar\/cordoba\/talleres-y-belgrano-se-miden-en-reservas-en-la-antesala-del-gran-clasico-del-domingo\/\" title=\"Talleres Belgrano\"><\/p>\n<figure><picture><img decoding=\"async\" alt=\"Talleres Belgrano\" class=\"lazyload block \" loading=\"lazy\" src=\"http:\/\/latecordoba.com\/wp-content\/uploads\/2023\/05\/video-adrenalina-pura-asi-empezo-a-vivir-talleres-el-clasico-con-belgrano.png\" sizes=\"auto\" data-src=\"https:\/\/viapais.com.ar\/resizer\/rps6RtJOl6fZUzLHAskO_pnmG2g=\/307x173\/smart\/filters:quality(75):format(webp)\/cloudfront-us-east-1.images.arcpublishing.com\/grupoclarin\/H2LSZU3SAZFBFELGMJZ7NI44PQ.jpeg\" width=\"307px\" fetchpriority=\"low\" height=\"173px\"><\/picture><\/figure>\n<p><\/a><\/div>\n<\/div>\n<\/article>\n<p>\u201c<b>Ponete los auriculares y preparate para un viaje\u201d<\/b>, invitan desde el club de barrio Jard\u00edn con tremendas tomas a\u00e9reas de lo que fue la <b>previa con River en las afueras del Kempes, y el recibimiento de unas 60 mil personas <\/b>para los equipos.<\/p>\n<article class=\"article card \">\n<div class=\"article-inner \">\n<div class=\"article-image \"><a href=\"https:\/\/viapais.com.ar\/cordoba\/el-reencuentro-de-gandolfi-con-demichelis-y-los-elogios-del-dt-de-river-a-talleres\/\" title=\"Gandolfi DT de Talleres\"><\/p>\n<figure><picture><img decoding=\"async\" alt=\"Gandolfi DT de Talleres\" class=\"lazyload block \" loading=\"lazy\" src=\"http:\/\/latecordoba.com\/wp-content\/uploads\/2023\/05\/video-adrenalina-pura-asi-empezo-a-vivir-talleres-el-clasico-con-belgrano.png\" sizes=\"auto\" data-src=\"https:\/\/viapais.com.ar\/resizer\/d3O-XgNvaFtApWqGITzqMhHfGAI=\/307x173\/smart\/filters:quality(75):format(webp)\/cloudfront-us-east-1.images.arcpublishing.com\/grupoclarin\/ENSZ6PEYYFCBLC7AIKNF6ZXLXE.jpg\" width=\"307px\" fetchpriority=\"low\" height=\"173px\"><\/picture><\/figure>\n<p><\/a><\/div>\n<\/div>\n<\/article>\n<figure><picture><img alt=\"El entrenador Javier Gandolfi y parte de su mensaje a los jugadores de Talleres antes de salir a la cancha.\" class=\"lazyload block \" loading=\"lazy\" sizes=\"auto\" data-src=\"http:\/\/latecordoba.com\/wp-content\/uploads\/2023\/05\/video-adrenalina-pura-asi-empezo-a-vivir-talleres-el-clasico-con-belgrano.jpg\" width=\"1023px\" fetchpriority=\"low\" height=\"460px\"><\/picture><figcaption class>El entrenador Javier Gandolfi y parte de su mensaje a los jugadores de Talleres antes de salir a la cancha.<\/figcaption><\/figure>\n<p>Tambi\u00e9n, el momento \u00edntimo en el vestidor Albiazul y las \u00faltimas recomendaciones del t\u00e9cnico <b>Javier Gandolfi <\/b>a sus dirigidos para enfrentar al puntero del torneo, al que vencieron <b>2-0 con doblete de Rodrigo Garro<\/b>, para trepar al tercer puesto de la tabla.<\/p>\n","protected":false},"excerpt":{"rendered":"<p>En otro impactante audiovisual, Talleres aceler\u00f3 las pulsaciones de sus hinchas para lo que ser\u00e1 el cl\u00e1sico cordob\u00e9s frente a Belgrano. Este domingo a las 15.30 en el Gigante de Alberdi, por la fecha 17 de la Liga Profesional. \u201cPonete los auriculares y preparate para un viaje\u201d, invitan desde el club de barrio Jard\u00edn con [&hellip;]<\/p>\n","protected":false},"author":1,"featured_media":9023,"comment_status":"closed","ping_status":"closed","sticky":false,"template":"","format":"standard","meta":[],"categories":[15],"tags":[],"_links":{"self":[{"href":"https:\/\/latecordoba.com\/index.php\/wp-json\/wp\/v2\/posts\/9022"}],"collection":[{"href":"https:\/\/latecordoba.com\/index.php\/wp-json\/wp\/v2\/posts"}],"about":[{"href":"https:\/\/latecordoba.com\/index.php\/wp-json\/wp\/v2\/types\/post"}],"author":[{"embeddable":true,"href":"https:\/\/latecordoba.com\/index.php\/wp-json\/wp\/v2\/users\/1"}],"replies":[{"embeddable":true,"href":"https:\/\/latecordoba.com\/index.php\/wp-json\/wp\/v2\/comments?post=9022"}],"version-history":[{"count":0,"href":"https:\/\/latecordoba.com\/index.php\/wp-json\/wp\/v2\/posts\/9022\/revisions"}],"wp:featuredmedia":[{"embeddable":true,"href":"https:\/\/latecordoba.com\/index.php\/wp-json\/wp\/v2\/media\/9023"}],"wp:attachment":[{"href":"https:\/\/latecordoba.com\/index.php\/wp-json\/wp\/v2\/media?parent=9022"}],"wp:term":[{"taxonomy":"category","embeddable":true,"href":"https:\/\/latecordoba.com\/index.php\/wp-json\/wp\/v2\/categories?post=9022"},{"taxonomy":"post_tag","embeddable":true,"href":"https:\/\/latecordoba.com\/index.php\/wp-json\/wp\/v2\/tags?post=9022"}],"curies":[{"name":"wp","href":"https:\/\/api.w.org\/{rel}","templated":true}]}}