{"id":9016,"date":"2023-05-18T19:18:17","date_gmt":"2023-05-18T19:18:17","guid":{"rendered":"https:\/\/elnoticierodigital.com.ar\/?p=1388143"},"modified":"2023-05-18T19:18:17","modified_gmt":"2023-05-18T19:18:17","slug":"marcela-tauro-se-harto-de-wanda-nara-y-mauro-icardi-y-estallo-son-dos-patologicos-y","status":"publish","type":"post","link":"https:\/\/latecordoba.com\/index.php\/2023\/05\/18\/marcela-tauro-se-harto-de-wanda-nara-y-mauro-icardi-y-estallo-son-dos-patologicos-y\/","title":{"rendered":"Marcela Tauro se hart\u00f3 de Wanda Nara y Mauro Icardi y estall\u00f3: \u201cSon dos patol\u00f3gicos y\u2026\u201d"},"content":{"rendered":"<p> <!-- image --><\/p>\n<div class=\"td-post-featured-image\"><a href=\"https:\/\/i0.wp.com\/elnoticierodigital.com.ar\/wp-content\/uploads\/2023\/05\/1388143.jpg?fit=1052%2C665&amp;ssl=1\" data-caption><img decoding=\"async\" loading=\"lazy\" width=\"696\" height=\"440\" class=\"entry-thumb td-modal-image\" src=\"http:\/\/latecordoba.com\/wp-content\/uploads\/2023\/05\/marcela-tauro-se-harto-de-wanda-nara-y-mauro-icardi-y-estallo-son-dos-patologicos-y.jpg\" srcset=\"http:\/\/latecordoba.com\/wp-content\/uploads\/2023\/05\/marcela-tauro-se-harto-de-wanda-nara-y-mauro-icardi-y-estallo-son-dos-patologicos-y-1.jpg 1052w, http:\/\/latecordoba.com\/wp-content\/uploads\/2023\/05\/marcela-tauro-se-harto-de-wanda-nara-y-mauro-icardi-y-estallo-son-dos-patologicos-y-2.jpg 300w, http:\/\/latecordoba.com\/wp-content\/uploads\/2023\/05\/marcela-tauro-se-harto-de-wanda-nara-y-mauro-icardi-y-estallo-son-dos-patologicos-y-3.jpg 1024w, http:\/\/latecordoba.com\/wp-content\/uploads\/2023\/05\/marcela-tauro-se-harto-de-wanda-nara-y-mauro-icardi-y-estallo-son-dos-patologicos-y-4.jpg 768w, http:\/\/latecordoba.com\/wp-content\/uploads\/2023\/05\/marcela-tauro-se-harto-de-wanda-nara-y-mauro-icardi-y-estallo-son-dos-patologicos-y-5.jpg 150w, http:\/\/latecordoba.com\/wp-content\/uploads\/2023\/05\/marcela-tauro-se-harto-de-wanda-nara-y-mauro-icardi-y-estallo-son-dos-patologicos-y.jpg 696w\" sizes=\"(max-width: 696px) 100vw, 696px\" alt title=\"1388143\"><\/a><\/div>\n<p> <!-- content --><\/p>\n<article readability=\"40\">Marcela Tauro est\u00e1 re podrida con las vueltas eternas de Wanda Nara y Mauro Icardi, hoy nuevamente separados y en conflicto con sus hijas a ra\u00edz de una nueva infidelidad del futbolista, esta vez con Candela Lecce, que mostr\u00f3 fotos y chats y ahora el futbolista quiere demandar.<\/p>\n<p>Lo cierto es que la panelista de Intrusos no les cree nada, ni a Mauro ni a Wanda. Y as\u00ed lo hizo saber cuando Guido Z\u00e1ffora anunci\u00f3 que Mauri estaba preparando acciones legales contra su presunta amante y dijo que \u00e9l, en esta, estaba del lado de Icardi, porque la joven tiene perfil de \u201cfabuladora\u201d.<\/p>\n<p>\u201cYo no le creo a Icardi\u201d, dijo Marcela a su compa\u00f1ero. Y pas\u00f3 a recordar que Wanda hizo toda su carrera en base a una mentira, y que si hoy es conductora de MasterChef es gracias a que, en 2006, arm\u00f3 con la prensa que hab\u00eda estado con Diego Maradona.<\/p>\n<p>\u201cTengan un poquito de memoria. Porque Wanda Nara hoy es una estrella, pero empez\u00f3 como Cande Lecce. Invent\u00f3 lo del calzoncillo de Maradona. Se hizo una carrera\u2026\u201d, llam\u00f3 la atenci\u00f3n la panelista del programa de Am\u00e9rica, que fue testigo del espectacular crecimiento de la hermana de Zaira.<\/p>\n<p>MARCELA TAURO ESTALL\u00d3 CONTRA WANDA E ICARDI<\/p>\n<p>Luego, la Tauro avanz\u00f3 sin filtros y dijo lo que opina de la pareja: \u201cLe estamos creyendo a un pibe que vive mintiendo. Son dos patol\u00f3gicos, dos t\u00f3xicos. Wanda y \u00e9l. Nos viven usando\u201d.<\/p>\n<p>\u201cA m\u00ed no me importa nada, pero pobre chica. Y si me est\u00e1 mintiendo, no s\u00e9\u2026\u201d, cerr\u00f3 Marcela, sobre la posici\u00f3n de Candela Lecce, que adem\u00e1s en los \u00faltimos d\u00edas confes\u00f3 que perdi\u00f3 su trabajo por todo este esc\u00e1ndalo con Icardi.<\/p>\n<\/article>\n<p>Fuente: <a href=\"https:\/\/www.paparazzi.com.ar\/teve\/marcela-tauro-se-harto-de-wanda-nara-y-mauro-icardi-y-estallo-son-dos-patologicos-que\/\">https:\/\/www.paparazzi.com.ar\/<\/a><\/p>\n","protected":false},"excerpt":{"rendered":"<p> Marcela Tauro est\u00e1 re podrida con las vueltas eternas de Wanda Nara y Mauro Icardi, hoy nuevamente separados y en conflicto con sus hijas a ra\u00edz de una nueva infidelidad del futbolista, esta vez con Candela Lecce, que mostr\u00f3 fotos y chats y ahora el futbolista quiere demandar. Lo cierto es que la panelista de [&#8230;]  <\/p>\n","protected":false},"author":1,"featured_media":9017,"comment_status":"closed","ping_status":"closed","sticky":false,"template":"","format":"standard","meta":[],"categories":[14],"tags":[],"_links":{"self":[{"href":"https:\/\/latecordoba.com\/index.php\/wp-json\/wp\/v2\/posts\/9016"}],"collection":[{"href":"https:\/\/latecordoba.com\/index.php\/wp-json\/wp\/v2\/posts"}],"about":[{"href":"https:\/\/latecordoba.com\/index.php\/wp-json\/wp\/v2\/types\/post"}],"author":[{"embeddable":true,"href":"https:\/\/latecordoba.com\/index.php\/wp-json\/wp\/v2\/users\/1"}],"replies":[{"embeddable":true,"href":"https:\/\/latecordoba.com\/index.php\/wp-json\/wp\/v2\/comments?post=9016"}],"version-history":[{"count":0,"href":"https:\/\/latecordoba.com\/index.php\/wp-json\/wp\/v2\/posts\/9016\/revisions"}],"wp:featuredmedia":[{"embeddable":true,"href":"https:\/\/latecordoba.com\/index.php\/wp-json\/wp\/v2\/media\/9017"}],"wp:attachment":[{"href":"https:\/\/latecordoba.com\/index.php\/wp-json\/wp\/v2\/media?parent=9016"}],"wp:term":[{"taxonomy":"category","embeddable":true,"href":"https:\/\/latecordoba.com\/index.php\/wp-json\/wp\/v2\/categories?post=9016"},{"taxonomy":"post_tag","embeddable":true,"href":"https:\/\/latecordoba.com\/index.php\/wp-json\/wp\/v2\/tags?post=9016"}],"curies":[{"name":"wp","href":"https:\/\/api.w.org\/{rel}","templated":true}]}}