{"id":9010,"date":"2023-05-17T23:09:43","date_gmt":"2023-05-17T23:09:43","guid":{"rendered":"https:\/\/www.puntal.com.ar\/jorge-rial\/jorge-rial-fue-operado-nuevamente-le-colocaron-un-cardiodesfibrilador-n191115"},"modified":"2023-05-17T23:09:43","modified_gmt":"2023-05-17T23:09:43","slug":"jorge-rial-fue-operado-nuevamente-le-colocaron-un-cardiodesfibrilador","status":"publish","type":"post","link":"https:\/\/latecordoba.com\/index.php\/2023\/05\/17\/jorge-rial-fue-operado-nuevamente-le-colocaron-un-cardiodesfibrilador\/","title":{"rendered":"Jorge Rial fue operado nuevamente: le colocaron un cardiodesfibrilador"},"content":{"rendered":"\n<div><img decoding=\"async\" src=\"http:\/\/latecordoba.com\/wp-content\/uploads\/2023\/05\/jorge-rial-fue-operado-nuevamente-le-colocaron-un-cardiodesfibrilador.jpg\" class=\"ff-og-image-inserted\"><\/div>\n<div class=\"cuerpo\" data-twitter-link readability=\"40\">\n<p> Finalmente, el conductor de C5N <strong>fue operado este mi\u00e9rcoles<\/strong> en el \u00e1rea de hemodinamia del sanatorio Finochietto<strong>. La intervenci\u00f3n fue para colocarle un cardiodesfibrilador, un dispositivo que controla permanentemente si se producen alteraciones del ritmo card\u00edaco, especialmente taquicardias malignas<\/strong>. El proceso fue un \u00e9xito y permanecer\u00e1 en el centro m\u00e9dico hasta el jueves, cuando se estima que recibir\u00e1 el alta.<\/p>\n<p>\u201cPerfecto. Fue apenas de 40 minutos. Me pusieron un dispositivo para evitar arritmias\u201d, se\u00f1al\u00f3 el conductor de Argenzuela, en di\u00e1logo con Teleshow. En cuanto a los plazos de internaci\u00f3n, sostuvo: \u201cMa\u00f1ana en casa\u201d. Las afirmaciones fueron convalidadas por su m\u00e9dico personal, Guillermo Capuya. \u201cSe hizo en las primeras horas de la ma\u00f1ana, estaba programada\u201d, se\u00f1al\u00f3 el cardi\u00f3logo, que viaj\u00f3 de urgencia a Bogot\u00e1 para seguir la evoluci\u00f3n de su paciente. \u201cFue un procedimiento sin ning\u00fan tipo de inconvenientes y no modifica en nada el curso de su recuperaci\u00f3n, al contrario\u201d, a\u00f1adi\u00f3.<\/p>\n<p>El s\u00e1bado 29 de abril, el periodista sufri\u00f3 una descompensaci\u00f3n card\u00edaca durante sus vacaciones en Colombia y debi\u00f3 ser hospitalizado. El conductor, seg\u00fan sus propias palabras, estuvo &#8220;10 minutos muerto&#8221;, pero los doctores lograron reanimarlo. Tras el susto permaneci\u00f3 internado en la Cl\u00ednica del Country, de Bogot\u00e1, para luego regresar en un avi\u00f3n sanitario y continuar con la recuperaci\u00f3n en su domicilio.<\/p>\n<div contenteditable=\"false\" class=\"embed_cont type_freetext\" rel=\"freetext\" id=\"embed37_wrap\" data-provider=\"YouTube\" readability=\"32\">\n<p> #Argenzuela &#8211; El dram\u00e1tico relato de JORGE RIAL: &#8220;Estuve 10 minutos muerto&#8221;<span onclick=\"parent.parent.TinyMCETdcuerpo.preview_embed('embed37')\" class=\"embed_colapse less\" id=\"embed37_colapse\"><\/span><span onclick=\"parent.parent.TinyMCETdcuerpo.delete_embed('embed37')\" class=\"embed_delete less\" id=\"embed37_delete\"><\/span><\/p>\n<div id=\"embed37_content\" class=\"embed_content\">\n<p> <iframe loading=\"lazy\" width=\"200\" height=\"113\" src=\"https:\/\/www.youtube.com\/embed\/G3QY27zlCsM?feature=oembed\" frameborder=\"0\" allow=\"accelerometer; autoplay; clipboard-write; encrypted-media; gyroscope; picture-in-picture; web-share\" allowfullscreen title=\"#Argenzuela - El dram\u00e1tico relato de JORGE RIAL: &quot;Estuve 10 minutos muerto&quot;\">[embedded content]<\/iframe><\/p>\n<\/p><\/div>\n<\/p><\/div>\n<\/p><\/div>\n","protected":false},"excerpt":{"rendered":"<p>\nEl proceso fue un \u00e9xito y continuar\u00e1 internado hasta este jueves.  <\/p>\n","protected":false},"author":1,"featured_media":9011,"comment_status":"closed","ping_status":"closed","sticky":false,"template":"","format":"standard","meta":[],"categories":[14],"tags":[],"_links":{"self":[{"href":"https:\/\/latecordoba.com\/index.php\/wp-json\/wp\/v2\/posts\/9010"}],"collection":[{"href":"https:\/\/latecordoba.com\/index.php\/wp-json\/wp\/v2\/posts"}],"about":[{"href":"https:\/\/latecordoba.com\/index.php\/wp-json\/wp\/v2\/types\/post"}],"author":[{"embeddable":true,"href":"https:\/\/latecordoba.com\/index.php\/wp-json\/wp\/v2\/users\/1"}],"replies":[{"embeddable":true,"href":"https:\/\/latecordoba.com\/index.php\/wp-json\/wp\/v2\/comments?post=9010"}],"version-history":[{"count":0,"href":"https:\/\/latecordoba.com\/index.php\/wp-json\/wp\/v2\/posts\/9010\/revisions"}],"wp:featuredmedia":[{"embeddable":true,"href":"https:\/\/latecordoba.com\/index.php\/wp-json\/wp\/v2\/media\/9011"}],"wp:attachment":[{"href":"https:\/\/latecordoba.com\/index.php\/wp-json\/wp\/v2\/media?parent=9010"}],"wp:term":[{"taxonomy":"category","embeddable":true,"href":"https:\/\/latecordoba.com\/index.php\/wp-json\/wp\/v2\/categories?post=9010"},{"taxonomy":"post_tag","embeddable":true,"href":"https:\/\/latecordoba.com\/index.php\/wp-json\/wp\/v2\/tags?post=9010"}],"curies":[{"name":"wp","href":"https:\/\/api.w.org\/{rel}","templated":true}]}}