{"id":9004,"date":"2023-05-18T19:31:00","date_gmt":"2023-05-18T19:31:00","guid":{"rendered":"https:\/\/www.puntal.com.ar\/cine\/dia-estrenos-el-favio-n191176"},"modified":"2023-05-18T19:31:00","modified_gmt":"2023-05-18T19:31:00","slug":"dia-de-estrenos-en-el-favio","status":"publish","type":"post","link":"https:\/\/latecordoba.com\/index.php\/2023\/05\/18\/dia-de-estrenos-en-el-favio\/","title":{"rendered":"D\u00eda de estrenos en el Favio"},"content":{"rendered":"\n<div><img decoding=\"async\" src=\"http:\/\/latecordoba.com\/wp-content\/uploads\/2023\/05\/dia-de-estrenos-en-el-favio.jpg\" class=\"ff-og-image-inserted\"><\/div>\n<div class=\"cuerpo\" data-twitter-link readability=\"44\">\n<p> <strong>El enga\u00f1o <\/strong><\/p>\n<p>Dirigida por Mehdi Barsaoui, con las actuaciones de Sami Bouajila, Najla Ben Abdallah, Youssef Kehmiri, Noomen Handa, Slah Msaddak, Qassim Rawane y Jihed Cherni.<\/p>\n<div contenteditable=\"false\" class=\"embed_cont type_freetext\" rel=\"freetext\" id=\"embed3994_wrap\" data-provider=\"YouTube\">\n<p> El enga\u00f1o &#8211; Trailer<span onclick=\"parent.parent.TinyMCETdcuerpo.preview_embed('embed3994')\" class=\"embed_colapse less\" id=\"embed3994_colapse\"><\/span><span onclick=\"parent.parent.TinyMCETdcuerpo.delete_embed('embed3994')\" class=\"embed_delete less\" id=\"embed3994_delete\"><\/span><\/p>\n<div id=\"embed3994_content\" class=\"embed_content\">\n<p> <iframe loading=\"lazy\" width=\"200\" height=\"113\" src=\"https:\/\/www.youtube.com\/embed\/XJIkpfqyOes?feature=oembed\" frameborder=\"0\" allow=\"accelerometer; autoplay; clipboard-write; encrypted-media; gyroscope; picture-in-picture; web-share\" allowfullscreen title=\"El enga\u00f1o - Trailer\">[embedded content]<\/iframe><\/p>\n<\/p><\/div>\n<\/p><\/div>\n<p>Sinopsis: Las vacaciones en el sur del pa\u00eds terminan en desastre para Fares, Meriem y su hijo Aziz de 10 a\u00f1os, cuando el peque\u00f1o es disparado accidentalmente en una emboscada. Su lesi\u00f3n cambiar\u00e1 sus vidas: Aziz.<\/p>\n<p><strong>Los cinco diablos <\/strong><\/p>\n<p>Dirigida por Lea Mysius, con las actuaciones de Ad\u00e9le Exarchopoulos, Sally Dram\u00e9, Swala Emati, Moustapha Mbengue, Daphne Patakia, Patrick Bouchitey y Hugo Dillon.<\/p>\n<div contenteditable=\"false\" class=\"embed_cont type_freetext\" rel=\"freetext\" id=\"embed1218_wrap\" data-provider=\"YouTube\" readability=\"32\">\n<p> Trailer de Los cinco diablos subtitulado en espa\u00f1ol (HD)<span onclick=\"parent.parent.TinyMCETdcuerpo.preview_embed('embed1218')\" class=\"embed_colapse less\" id=\"embed1218_colapse\"><\/span><span onclick=\"parent.parent.TinyMCETdcuerpo.delete_embed('embed1218')\" class=\"embed_delete less\" id=\"embed1218_delete\"><\/span><\/p>\n<div id=\"embed1218_content\" class=\"embed_content\">\n<p> <iframe loading=\"lazy\" width=\"200\" height=\"113\" src=\"https:\/\/www.youtube.com\/embed\/CS1K3r7hGc0?feature=oembed\" frameborder=\"0\" allow=\"accelerometer; autoplay; clipboard-write; encrypted-media; gyroscope; picture-in-picture; web-share\" allowfullscreen title=\"Trailer de Los cinco diablos subtitulado en espa\u00f1ol (HD)\">[embedded content]<\/iframe><\/p>\n<\/p><\/div>\n<\/p><\/div>\n<p>Sinopsis: Vicky vive con su madre Joanne y su padre Jimmie, un hombre que lucha por encontrar su lugar. Cuando la t\u00eda de Vicky, Julia, llega despu\u00e9s de salir de prisi\u00f3n, su presencia trae de vuelta el pasado de una manera m\u00e1gica y violenta.<\/p>\n<p><strong>Programaci\u00f3n<\/strong><\/p>\n<p><strong> Jueves 18<\/strong><\/p>\n<p>19hs: El enga\u00f1o<\/p>\n<p>21hs: Los cinco diablos<\/p>\n<p><strong>Viernes 19<\/strong><\/p>\n<p>19:30hs: El enga\u00f1o<\/p>\n<p><strong>S\u00e1bado 20<\/strong><\/p>\n<p>19hs: Los cinco diablos<\/p>\n<p>21hs: El enga\u00f1o<\/p>\n<p><strong>Lunes 22<\/strong><\/p>\n<p>19hs: El enga\u00f1o<\/p>\n<p>20hs: Cine de cabecera. Por un pu\u00f1ado de d\u00f3lares, de Sergio Leone (Italia\/1964)<\/p>\n<p>21hs: Los cinco diablos<\/p>\n<p><strong>Martes 23<\/strong><\/p>\n<p>19hs: Los cinco diablos<\/p>\n<p>20hs: Cine por la Diversidad. Carrie, de Brian De Palma (Estados Unidos\/1976)<\/p>\n<p>21hs: El enga\u00f1o<\/p>\n<p><strong>Mi\u00e9rcoles 24<\/strong><\/p>\n<p>19hs: El enga\u00f1o<\/p>\n<p>21hs: Los cinco diablos<\/p>\n<\/div>\n","protected":false},"excerpt":{"rendered":"<p>\nLlegan hoy a la sala provincial, las pel\u00edculas &#8220;El enga\u00f1o&#8221;, de Mehdi Barsaoui y &#8220;Los cinco diablos&#8221;, de Lea Mysius  <\/p>\n","protected":false},"author":1,"featured_media":9005,"comment_status":"closed","ping_status":"closed","sticky":false,"template":"","format":"standard","meta":[],"categories":[14],"tags":[],"_links":{"self":[{"href":"https:\/\/latecordoba.com\/index.php\/wp-json\/wp\/v2\/posts\/9004"}],"collection":[{"href":"https:\/\/latecordoba.com\/index.php\/wp-json\/wp\/v2\/posts"}],"about":[{"href":"https:\/\/latecordoba.com\/index.php\/wp-json\/wp\/v2\/types\/post"}],"author":[{"embeddable":true,"href":"https:\/\/latecordoba.com\/index.php\/wp-json\/wp\/v2\/users\/1"}],"replies":[{"embeddable":true,"href":"https:\/\/latecordoba.com\/index.php\/wp-json\/wp\/v2\/comments?post=9004"}],"version-history":[{"count":0,"href":"https:\/\/latecordoba.com\/index.php\/wp-json\/wp\/v2\/posts\/9004\/revisions"}],"wp:featuredmedia":[{"embeddable":true,"href":"https:\/\/latecordoba.com\/index.php\/wp-json\/wp\/v2\/media\/9005"}],"wp:attachment":[{"href":"https:\/\/latecordoba.com\/index.php\/wp-json\/wp\/v2\/media?parent=9004"}],"wp:term":[{"taxonomy":"category","embeddable":true,"href":"https:\/\/latecordoba.com\/index.php\/wp-json\/wp\/v2\/categories?post=9004"},{"taxonomy":"post_tag","embeddable":true,"href":"https:\/\/latecordoba.com\/index.php\/wp-json\/wp\/v2\/tags?post=9004"}],"curies":[{"name":"wp","href":"https:\/\/api.w.org\/{rel}","templated":true}]}}