{"id":8995,"date":"2023-05-18T13:06:20","date_gmt":"2023-05-18T13:06:20","guid":{"rendered":"https:\/\/www.lapoliticaonline.com\/cordoba\/259035\/"},"modified":"2023-05-18T13:06:20","modified_gmt":"2023-05-18T13:06:20","slug":"la-renuncia-de-cristina-tambien-aviva-la-tension-en-el-fdt-cordobes","status":"publish","type":"post","link":"https:\/\/latecordoba.com\/index.php\/2023\/05\/18\/la-renuncia-de-cristina-tambien-aviva-la-tension-en-el-fdt-cordobes\/","title":{"rendered":"La renuncia de Cristina tambi\u00e9n aviva la tensi\u00f3n en el FDT cordob\u00e9s"},"content":{"rendered":"\n<div id=\"vsmcontent\" readability=\"186.45687645688\">\n<p>Sin el nivel de tensi\u00f3n que se vivi\u00f3 en Juntos por el Cambio, y en menor medida en el PJ de Juan Schiaretti y Mart\u00edn Llaryora, el cierre de listas en la filial cordobesa del Frente de Todos tambi\u00e9n tuvo su complejidad. Porque el armado heterog\u00e9neo de la f\u00f3rmula que encabezan Federico Alesandri y Gabriela Est\u00e9vez como candidato a gobernador y vice, respectivamente, implic\u00f3 que hacia abajo exista distinta representatividad nacional.<\/p>\n<p> Todos dentro de una lista donde pes\u00f3 la lapicera del exsenador Carlos Caserio; de la titular de la delegaci\u00f3n provincial de Pami, Olga Riutort; y de la l\u00edder de La C\u00e1mpora cordobesa, Est\u00e9vez, quien adem\u00e1s de completar el binomio provincial, en agosto comenzar\u00e1 a pelear su continuidad en la C\u00e1mara baja.<\/p>\n<p> Ahora, conocido el reiterado renunciamiento de CFK en la contienda electoral nacional, Alesandri, actual intendente de Embalse y hombre de buena relaci\u00f3n con Caserio, dijo &#8220;creo que, si hay una persona que tiene una visi\u00f3n del momento, de la lectura pol\u00edtica y del contexto mundial que est\u00e1 inmersa la Argentina, es Cristina Fern\u00e1ndez de Kirchner&#8221;.<\/p>\n<p> &#8220;De alguna manera Cristina va a estar al frente de este Movimiento. Yo lo veo desde la conducci\u00f3n pol\u00edtica, creo sin duda que la va a seguir sosteniendo ella y va a ser lo mejor, va a potenciar el espacio con toda su capacidad y nos va a llevar a buen puerto&#8221;, se\u00f1al\u00f3 Alesandri, quien, cuando se confirm\u00f3 la f\u00f3rmula, estuvo junto a Est\u00e9vez en el despacho de la vicepresidenta en el Senado.<\/p>\n<p> Igual, de la misma manera que sucede con la filial cordobesa de Juntos, el cierre de las listas nacionales el 24 de junio, horas antes de la elecci\u00f3n provincial que ser\u00e1n el domingo 25, le genera una moderada tranquilidad al schiarettismo. Que tendr\u00e1 al PJ cordobesista encolumnado detr\u00e1s de su candidatura hasta agosto, mientras los referentes cordobeses de las dos grandes coaliciones nacionales atraviesen con tensiones su conformaci\u00f3n de la lista de diputados nacionales.<\/p>\n<figure class=\"vsmimage\" contenteditable=\"false\"><img decoding=\"async\" loading=\"lazy\" alt=\"Caserio con Alberto, Silvina Batakis y Daniel Scioli este mi\u00e9rcoles en Tecn\u00f3polis\" data-vsmid=\"189831\" data-owidth=\"1500\" data-oheight=\"1000\" src=\"data:image\/png;base64,iVBORw0KGgoAAAANSUhEUgAAA7YAAAJzAQMAAAABZh1oAAAAA1BMVEUAAACnej3aAAAAAXRSTlMAQObYZgAAAGBJREFUeJztwTEBAAAAwqD1T20ND6AAAAAAAAAAAAAAAAAAAAAAAAAAAAAAAAAAAAAAAAAAAAAAAAAAAAAAAAAAAAAAAAAAAAAAAAAAAAAAAAAAAAAAAAAAAAAAAACAdwMl9wABdH32nQAAAABJRU5ErkJggg==\" vsmidos=\"1\" vsmsrc=\"\/files\/image\/189\/189831\/646623e2b978b_950_627!.jpg?s=1c8b46bb59f13298d48aad2d959b75dd&amp;d=1684415460\" width=\"950\" height=\"627\"><\/figure>\n<p> Por esto, en C\u00f3rdoba, la decisi\u00f3n de Cristina repercuti\u00f3 en los sectores m\u00e1s duros del kirchnerismo y no entre aquellos que provienen del PJ m\u00e1s tradicional que se sum\u00f3 hace cuatro a\u00f1os al albertismo a partir de las diferencias por el acercamiento del gobernador Juan Schiaretti con el expresidente Mauricio Macri.<\/p>\n<p> Ahora, la filial mediterr\u00e1nea del FdT que se llama Creo en C\u00f3rdoba, trata que el resto de la campa\u00f1a provincial, como as\u00ed tambi\u00e9n la definici\u00f3n nacional, no repercuta en la elecci\u00f3n, de una lista que tendr\u00e1 su presentaci\u00f3n formal el pr\u00f3ximo lunes.<\/p>\n<p> De todas maneras, el reciente paso de Juan Grabois, quien logr\u00f3 colocar a la cuarta candidata a legisladora provincial, Constanza San Pedro, no dej\u00f3 conformes a los que provienen del PJ tradicional en el armado. Sobre todo, en el entorno de Riutort, que qued\u00f3 sexta en la boleta provincial y a quien Grabois apunt\u00f3 con sus cr\u00edticas.<\/p>\n<p> &#8220;No tiene nada que ver con C\u00f3rdoba, Grabois&#8221;, reconocieron a LPO dirigentes de la vieja guardia que resisten a otros desembarcos m\u00e1s progres en un terreno como el cordob\u00e9s. Por caso, se lleg\u00f3 a hablar sobre el final de la semana pasada la posibilidad de una escala de la legisladora porte\u00f1a, Ofelia Fern\u00e1ndez. &#8220;Es no entender al electorado cordob\u00e9s&#8221;, dicen los sectores m\u00e1s conservadores del armado.<\/p>\n<p><a href=\"https:\/\/www.lapoliticaonline.com\/tools\/redirect.php?t=3&amp;i=257049&amp;s=36e744efc0e381a34ec348d03ecc2f58\" target=\"_blank\" class=\"link-type-content content-type-noticia-ar\" rel=\"noopener\">Cristina aval\u00f3 la candidatura a gobernador de Alesandri, tras el acuerdo de Gill con Schiaretti<\/a><\/p>\n<p> Donde tambi\u00e9n subyace el argumento de proscripci\u00f3n de Cristina. &#8220;No est\u00e1&nbsp;proscripta&#8221; razonan algunos por lo bajo. En l\u00ednea con lo que piensa el entorno de Alberto F.<\/p>\n<p> Ahora bien, al margen de la rispidez por la presencia for\u00e1nea en campa\u00f1a, un lanzamiento de Grabois en el plano nacional, como del resto, puede alimentar las diferencias. Por caso, as\u00ed como el l\u00edder piquetero dej\u00f3 la puerta abierta para un regreso antes del 25-J, hoy en Buenos Aires hubo un acercamiento de Caserio, actual vicepresidente del Banco Naci\u00f3n con el propio Alberto y con dos presidenciables: el jefe de Gabinete, Agust\u00edn Rossi; y el embajador argentino en Brasil, Daniel Scioli.<\/p>\n<p> Hombre de buena relaci\u00f3n con el candidato Alesandri y con el padre de \u00e9ste, el delasotista legislador provincial, Carlos Alesandri.<\/p>\n<p> En el medio, y mientras Est\u00e9vez y el exsecretario de DD.HH. de la Naci\u00f3n, Mart\u00edn Fresneda, esperan se\u00f1ales de CFK, el massismo tambi\u00e9n construye en C\u00f3rdoba. Fuera de la discusi\u00f3n provincial, el entorno del ministro de Econom\u00eda no dej\u00f3 de tejer con el grupo de intendentes que lidera el villamariense Mart\u00edn Gill, que se anota si el tigrense avanza.<\/p>\n<p> Gill apoya a Llaryora en la provincia, pero puso como condici\u00f3n libertad de acci\u00f3n en el escenario nacional y evit\u00f3 acoplarse a la ilusi\u00f3n de Schiaretti.<\/p>\n<p> Doble juego similar al que realiza en C\u00f3rdoba el Movimiento Evita, que se asegur\u00f3 lugares en la boleta de Llaryora para firmar la continuidad y a nivel nacional prefiere los despachos porte\u00f1os por encima de los del schiarettismo. Situaci\u00f3n que se cans\u00f3 de criticar Caserio y que en los \u00faltimos d\u00edas lo hizo en una entrevista el ultracristinista intendente de Leones, Fabi\u00e1n Francioni.<\/p>\n<\/div>\n<p><strong>Copyright La Politica Online SA 2023.<\/strong><br \/>Por favor no corte ni pegue en la web nuestras notas, tiene la posibilidad de redistribuirlas usando nuestras herramientas.<\/p>\n","protected":false},"excerpt":{"rendered":"<p> El armado del kirchnerismo en C\u00f3rdoba tiene una heterogeneidad con distintos favoritismos nacionales. Al igual que a Juntos, el cierre de listas nacionales horas antes de la elecci\u00f3n provincial, le puede generar tensiones.  <\/p>\n","protected":false},"author":1,"featured_media":8996,"comment_status":"closed","ping_status":"closed","sticky":false,"template":"","format":"standard","meta":[],"categories":[18],"tags":[],"_links":{"self":[{"href":"https:\/\/latecordoba.com\/index.php\/wp-json\/wp\/v2\/posts\/8995"}],"collection":[{"href":"https:\/\/latecordoba.com\/index.php\/wp-json\/wp\/v2\/posts"}],"about":[{"href":"https:\/\/latecordoba.com\/index.php\/wp-json\/wp\/v2\/types\/post"}],"author":[{"embeddable":true,"href":"https:\/\/latecordoba.com\/index.php\/wp-json\/wp\/v2\/users\/1"}],"replies":[{"embeddable":true,"href":"https:\/\/latecordoba.com\/index.php\/wp-json\/wp\/v2\/comments?post=8995"}],"version-history":[{"count":0,"href":"https:\/\/latecordoba.com\/index.php\/wp-json\/wp\/v2\/posts\/8995\/revisions"}],"wp:featuredmedia":[{"embeddable":true,"href":"https:\/\/latecordoba.com\/index.php\/wp-json\/wp\/v2\/media\/8996"}],"wp:attachment":[{"href":"https:\/\/latecordoba.com\/index.php\/wp-json\/wp\/v2\/media?parent=8995"}],"wp:term":[{"taxonomy":"category","embeddable":true,"href":"https:\/\/latecordoba.com\/index.php\/wp-json\/wp\/v2\/categories?post=8995"},{"taxonomy":"post_tag","embeddable":true,"href":"https:\/\/latecordoba.com\/index.php\/wp-json\/wp\/v2\/tags?post=8995"}],"curies":[{"name":"wp","href":"https:\/\/api.w.org\/{rel}","templated":true}]}}