{"id":8993,"date":"2023-05-18T12:34:24","date_gmt":"2023-05-18T12:34:24","guid":{"rendered":"https:\/\/viapais.com.ar\/cordoba\/el-triste-final-del-corazon-del-cordobes-asesinado-en-mexico-benjamin-gamond\/"},"modified":"2023-05-18T12:34:24","modified_gmt":"2023-05-18T12:34:24","slug":"el-triste-final-del-corazon-del-cordobes-asesinado-en-mexico-benjamin-gamond","status":"publish","type":"post","link":"https:\/\/latecordoba.com\/index.php\/2023\/05\/18\/el-triste-final-del-corazon-del-cordobes-asesinado-en-mexico-benjamin-gamond\/","title":{"rendered":"El triste final del coraz\u00f3n del cordob\u00e9s asesinado en M\u00e9xico, Benjamin Gamond"},"content":{"rendered":"<br \/>\n<section readability=\"22.167330677291\">\n<p>La familia de<a href=\"https:\/\/viapais.com.ar\/cordoba\/conmovedor-asi-despidieron-a-benjamin-gamond-el-cordobes-asesinado-a-machetazos-en-mexico\/\" target=\"_blank\" rel=\"noopener\"> <b>Benjam\u00edn Gamond<\/b><\/a><b> <\/b>expres\u00f3 d\u00edas atr\u00e1s que su deseo y el de la v\u00edctima era<b> donar sus \u00f3rganos<\/b>. Pero este jueves,<b> se conoci\u00f3 el <\/b><a href=\"https:\/\/viapais.com.ar\/cordoba\/murio-benjamin-gamond-el-cordobes-al-que-atacaron-a-a-machetazos-en-mexico\/\" target=\"_blank\" rel=\"noopener\"><b>lamentable final <\/b><\/a><b>del coraz\u00f3n <\/b>y los <b>pulmones <\/b>del joven cordob\u00e9s asesinado en M\u00e9xico. <\/p>\n<article class=\"article card \">\n<div class=\"article-inner \">\n<div class=\"article-image \"><a href=\"https:\/\/viapais.com.ar\/cordoba\/que-dijo-la-fiscalia-de-oaxaca-mexico-sobre-la-imputacion-del-asesino-de-benjamin-gamond\/\" title=\"Benjamin Gamond ten\u00eda 23 a\u00f1os.\"><\/p>\n<figure><picture><img decoding=\"async\" alt=\"Benjamin Gamond ten\u00eda 23 a\u00f1os.\" class=\"lazyload block \" loading=\"lazy\" src=\"http:\/\/latecordoba.com\/wp-content\/uploads\/2023\/05\/el-triste-final-del-corazon-del-cordobes-asesinado-en-mexico-benjamin-gamond.png\" sizes=\"auto\" data-src=\"https:\/\/viapais.com.ar\/resizer\/fscscHqL7uy7DxyDmOngFsG3iXU=\/307x173\/smart\/filters:quality(75):format(webp)\/cloudfront-us-east-1.images.arcpublishing.com\/grupoclarin\/7WPTWSRDHFFQ7L6RBFZFTVPEHM.webp\" width=\"307px\" fetchpriority=\"low\" height=\"173px\"><\/picture><\/figure>\n<p><\/a><\/div>\n<\/div>\n<\/article>\n<p>Tristemente,<b> no se encontraron en M\u00e9xico donantes compatibles<\/b> en el pa\u00eds vecino y<b>&nbsp;el cuerpo del chico <\/b>fue cremado junto a esos dos \u00f3rganos. Ahora, ni sus pulmones podr\u00e1n seguir respirando ni su <a href=\"https:\/\/viapais.com.ar\/cordoba\/la-desgarradora-despedida-de-la-novia-de-benjamin-gamond-gracias-por-tanto-amor\/\" target=\"_blank\" rel=\"noopener\">coraz\u00f3n<\/a>, latir en otra persona.<\/p>\n<figure><picture><img alt=\"Carmela Mart\u00ednez y Benjam\u00edn Gamond - Foto Instagram\" class=\"lazyload block \" loading=\"lazy\" sizes=\"auto\" data-src=\"http:\/\/latecordoba.com\/wp-content\/uploads\/2023\/05\/el-triste-final-del-corazon-del-cordobes-asesinado-en-mexico-benjamin-gamond.jpg\" width=\"1023px\" fetchpriority=\"low\" height=\"575px\"><\/picture><figcaption class>Carmela Mart\u00ednez y Benjam\u00edn Gamond &#8211; Foto Instagram<\/figcaption><\/figure>\n<h2 class><b>Cu\u00e1ndo traer\u00edan el cuerpo de Benjam\u00edn Gamond a la Argentina<\/b><\/h2>\n<p>La familia realiz\u00f3 los servicios en una <b>empresa funeraria privada de M\u00e9xico<\/b> y este viernes<b> regresar\u00edan a la Argentina <\/b>y probablemente ese mismo d\u00eda lleguen a C\u00f3rdoba, seg\u00fan inform\u00f3 <i>Cadena 3. <\/i>Las gestiones estuvieron acompa\u00f1adas por la c\u00f3nsul de M\u00e9xico all{i, Mar\u00eda Gabriela Quintero.<\/p>\n<figure><picture><img alt=\"La familia de Benjam\u00edn Gamond confirm\u00f3 la terrible noticia.\" class=\"lazyload block \" loading=\"lazy\" sizes=\"auto\" data-src=\"http:\/\/latecordoba.com\/wp-content\/uploads\/2023\/05\/el-triste-final-del-corazon-del-cordobes-asesinado-en-mexico-benjamin-gamond-1.jpg\" width=\"1023px\" fetchpriority=\"low\" height=\"2216px\"><\/picture><figcaption class>La familia de Benjam\u00edn Gamond confirm\u00f3 la terrible noticia.<\/figcaption><\/figure>\n<p><b>El hospital del Distrito Federal de M\u00e9xico<\/b> le entreg\u00f3 este martes por la noche <b>a la familia de Gamond <\/b>el cuerpo del joven de 23 a\u00f1os asesinado a machetazos en una playa del municipio de Villa de Tututepec.<\/p>\n<article class=\"article card \">\n<div class=\"article-inner \">\n<div class=\"article-image \"><a href=\"https:\/\/viapais.com.ar\/cordoba\/la-desgarradora-despedida-de-la-novia-de-benjamin-gamond-gracias-por-tanto-amor\/\" title=\"El sentido posteo de la novia de Benjam\u00edn Gamond en redes sociales.\"><\/p>\n<figure><picture><img decoding=\"async\" alt=\"El sentido posteo de la novia de Benjam\u00edn Gamond en redes sociales.\" class=\"lazyload block \" loading=\"lazy\" src=\"http:\/\/latecordoba.com\/wp-content\/uploads\/2023\/05\/el-triste-final-del-corazon-del-cordobes-asesinado-en-mexico-benjamin-gamond.png\" sizes=\"auto\" data-src=\"https:\/\/viapais.com.ar\/resizer\/b2rt-PNsHaaJNV2PgSFHMgChZJ8=\/307x173\/smart\/filters:quality(75):format(webp)\/cloudfront-us-east-1.images.arcpublishing.com\/grupoclarin\/EFQFDSP3ANF5XPZDFWXZCJTAUM.webp\" width=\"307px\" fetchpriority=\"low\" height=\"173px\"><\/picture><\/figure>\n<p><\/a><\/div>\n<\/div>\n<\/article>\n<p>Fuentes cercanas al entorno familiar aseguran que ya contrataron un servicio funerario para <b>cremar <\/b>los restos del joven cordob\u00e9s en el pa\u00eds tricolor, que se concret\u00f3 este <b>mi\u00e9rcoles<\/b>.<\/p>\n<\/section>\n<div class=\"noreadme-audima\">\n<h2>Temas Relacionados<\/h2>\n<\/div>\n","protected":false},"excerpt":{"rendered":"<p>La familia de Benjam\u00edn Gamond expres\u00f3 d\u00edas atr\u00e1s que su deseo y el de la v\u00edctima era donar sus \u00f3rganos. Pero este jueves, se conoci\u00f3 el lamentable final del coraz\u00f3n y los pulmones del joven cordob\u00e9s asesinado en M\u00e9xico. Tristemente, no se encontraron en M\u00e9xico donantes compatibles en el pa\u00eds vecino y&nbsp;el cuerpo del chico [&hellip;]<\/p>\n","protected":false},"author":1,"featured_media":8994,"comment_status":"closed","ping_status":"closed","sticky":false,"template":"","format":"standard","meta":[],"categories":[15],"tags":[],"_links":{"self":[{"href":"https:\/\/latecordoba.com\/index.php\/wp-json\/wp\/v2\/posts\/8993"}],"collection":[{"href":"https:\/\/latecordoba.com\/index.php\/wp-json\/wp\/v2\/posts"}],"about":[{"href":"https:\/\/latecordoba.com\/index.php\/wp-json\/wp\/v2\/types\/post"}],"author":[{"embeddable":true,"href":"https:\/\/latecordoba.com\/index.php\/wp-json\/wp\/v2\/users\/1"}],"replies":[{"embeddable":true,"href":"https:\/\/latecordoba.com\/index.php\/wp-json\/wp\/v2\/comments?post=8993"}],"version-history":[{"count":0,"href":"https:\/\/latecordoba.com\/index.php\/wp-json\/wp\/v2\/posts\/8993\/revisions"}],"wp:featuredmedia":[{"embeddable":true,"href":"https:\/\/latecordoba.com\/index.php\/wp-json\/wp\/v2\/media\/8994"}],"wp:attachment":[{"href":"https:\/\/latecordoba.com\/index.php\/wp-json\/wp\/v2\/media?parent=8993"}],"wp:term":[{"taxonomy":"category","embeddable":true,"href":"https:\/\/latecordoba.com\/index.php\/wp-json\/wp\/v2\/categories?post=8993"},{"taxonomy":"post_tag","embeddable":true,"href":"https:\/\/latecordoba.com\/index.php\/wp-json\/wp\/v2\/tags?post=8993"}],"curies":[{"name":"wp","href":"https:\/\/api.w.org\/{rel}","templated":true}]}}