{"id":8989,"date":"2023-05-18T00:03:15","date_gmt":"2023-05-18T00:03:15","guid":{"rendered":"https:\/\/www.diariocronica.com.ar\/noticias\/2023\/05\/17\/80864-lautaro-martinez-vs-julian-alvarez-quien-sera-el-nuevo-ganador-de-la-champions-league"},"modified":"2023-05-18T00:03:15","modified_gmt":"2023-05-18T00:03:15","slug":"lautaro-martinez-vs-julian-alvarez-quien-sera-el-nuevo-ganador-de-la-champions-league","status":"publish","type":"post","link":"https:\/\/latecordoba.com\/index.php\/2023\/05\/18\/lautaro-martinez-vs-julian-alvarez-quien-sera-el-nuevo-ganador-de-la-champions-league\/","title":{"rendered":"Lautaro Mart\u00ednez vs. Juli\u00e1n \u00c1lvarez: qui\u00e9n ser\u00e1 el nuevo ganador de la Champions League"},"content":{"rendered":"\n<div class=\"media_block\"><a href=\"http:\/\/latecordoba.com\/wp-content\/uploads\/2023\/05\/lautaro-martinez-vs-julian-alvarez-quien-sera-el-nuevo-ganador-de-la-champions-league.jpg\"><img decoding=\"async\" src=\"http:\/\/latecordoba.com\/wp-content\/uploads\/2023\/05\/lautaro-martinez-vs-julian-alvarez-quien-sera-el-nuevo-ganador-de-la-champions-league.jpg\" class=\"media_thumbnail\"><\/a><\/div>\n<div><img decoding=\"async\" src=\"http:\/\/latecordoba.com\/wp-content\/uploads\/2023\/05\/lautaro-martinez-vs-julian-alvarez-quien-sera-el-nuevo-ganador-de-la-champions-league.jpg\" class=\"ff-og-image-inserted\"><\/div>\n<p>\nAmbos delanteros de la Selecci\u00f3n argentina tienen la chance de convertirse en el jugador Albiceleste n\u00famero 23 en ganar la &#8220;orejona&#8221;.\n<\/p>\n<div readability=\"47.998924731183\">\n<p>El pr\u00f3ximo 10 de junio se jugar\u00e1 la<strong>&nbsp;final de la Champions League<\/strong>&nbsp;y habr\u00e1 duelo de argentinos, donde se ver\u00e1n las caras, el Manchester City de&nbsp;<strong>Juli\u00e1n \u00c1lvarez<\/strong>&nbsp;y el Inter del bahiense<strong>&nbsp;Lautaro Mart\u00ednez<\/strong>.&nbsp;<\/p>\n<p>Ambos delanteros argentinos tienen la chance de convertirse en el jugador Albiceleste n\u00famero 23 en ganar&nbsp;<strong>la &#8220;orejona&#8221;.&nbsp;<\/strong><\/p>\n<p><strong>Hace 65 a\u00f1os, se inaugur\u00f3 la exclusiva lista de argentinos ganadores de la orejona con Alfredo Di St\u00e9fano y H\u00e9ctor Rial, campeones con&nbsp;<\/strong>el Real Madrid en 1956.&nbsp;Pasando por&nbsp;<strong>Lionel Messi y Javier Mascherano&nbsp;<\/strong>gracias al t\u00edtulo obtenido en 2015 con la camiseta de Barcelona, y el \u00faltimo afortunado de ingresar a la n\u00f3mina fue&nbsp;<strong>Wilfredo Caballero<\/strong>, arquero del Chelsea, campe\u00f3n en 2021. &nbsp;<\/p>\n<blockquote class=\"twitter-tweet\" readability=\"7.7045454545455\">\n<p lang=\"es\">Juli\u00e1n \u00c1lvarez \u00f0\u009f\u0086\u009a Lautaro Mart\u00ednez \u00f0\u009f\u0087\u00a6\u00f0\u009f\u0087\u00b7<\/p>\n<p>Solo uno de ellos levantar\u00e1 la Copa del Mundo y la Champions League en la misma temporada \u00f0\u009f\u0098\u00b1<\/p>\n<p>\u00bfQui\u00e9n ganar\u00e1? \u00f0\u009f\u00a4\u0094 <a href=\"https:\/\/t.co\/gmdrbCVD0T\">pic.twitter.com\/gmdrbCVD0T<\/a><\/p>\n<p>\u2014 GOAL en espa\u00f1ol (@Goal_en_espanol) <a href=\"https:\/\/twitter.com\/Goal_en_espanol\/status\/1658943381723119618?ref_src=twsrc%5Etfw\">May 17, 2023<\/a><\/p><\/blockquote>\n<p><strong>Por el lado del Inter, con Lautaro Mart\u00ednez a la cabeza,&nbsp;<\/strong>ser\u00e1 la quinta vez que accede a la m\u00e1xima cita del torneo m\u00e1s importante a nivel clubes en Europa. La \u00faltima vez fue en la edici\u00f3n 2009\/10 que termin\u00f3 en victoria sobre el&nbsp;<strong>Bayern M\u00fanich<\/strong>&nbsp;por 2-0 con doblete de&nbsp;<strong>Diego Milito<\/strong>.<\/p>\n<p>En el caso del<strong>&nbsp;Manchester City<\/strong>, solo ha jugado una final de&nbsp;UEFA Champions League,&nbsp;la cual fue en la edici\u00f3n&nbsp;<strong>2020-2021<\/strong>&nbsp;y este mi\u00e9rcoles, consigui\u00f3 pasar a su segunda final de la competencia.<strong>&nbsp;Juli\u00e1n \u00c1lvarez<\/strong>&nbsp;que no viene siendo titular, en sus ingresos hace estallar al equipo con goles y asistencias, convirti\u00e9ndose en una de las estrellas del conjunto de Pep Guardiola.<\/p>\n<p>Pero eso cambiar\u00e1 el&nbsp;<strong>s\u00e1bado 10 de junio, en<em>&nbsp;Estadio Ol\u00edmpico Atat\u00fcrk<\/em>&nbsp;<\/strong>de&nbsp;<strong>Estambul<\/strong>, en Turqu\u00eda, cuando Juli\u00e1n \u00c1lvarez o Lautaro Mart\u00ednez inscriban su nombre y a su lado pongan 2023. (NA)<\/p>\n<\/div>\n","protected":false},"excerpt":{"rendered":"\n<div class=\"media_block\"><a href=\"http:\/\/latecordoba.com\/wp-content\/uploads\/2023\/05\/lautaro-martinez-vs-julian-alvarez-quien-sera-el-nuevo-ganador-de-la-champions-league.jpg\"><img decoding=\"async\" src=\"http:\/\/latecordoba.com\/wp-content\/uploads\/2023\/05\/lautaro-martinez-vs-julian-alvarez-quien-sera-el-nuevo-ganador-de-la-champions-league.jpg\" class=\"media_thumbnail\"><\/a><\/div>\n<p>Ambos delanteros de la Selecci\u00f3n argentina tienen la chance de convertirse en el jugador Albiceleste n\u00famero 23 en ganar la &#8220;orejona&#8221;.  <\/p>\n","protected":false},"author":1,"featured_media":8990,"comment_status":"closed","ping_status":"closed","sticky":false,"template":"","format":"standard","meta":[],"categories":[17],"tags":[],"_links":{"self":[{"href":"https:\/\/latecordoba.com\/index.php\/wp-json\/wp\/v2\/posts\/8989"}],"collection":[{"href":"https:\/\/latecordoba.com\/index.php\/wp-json\/wp\/v2\/posts"}],"about":[{"href":"https:\/\/latecordoba.com\/index.php\/wp-json\/wp\/v2\/types\/post"}],"author":[{"embeddable":true,"href":"https:\/\/latecordoba.com\/index.php\/wp-json\/wp\/v2\/users\/1"}],"replies":[{"embeddable":true,"href":"https:\/\/latecordoba.com\/index.php\/wp-json\/wp\/v2\/comments?post=8989"}],"version-history":[{"count":0,"href":"https:\/\/latecordoba.com\/index.php\/wp-json\/wp\/v2\/posts\/8989\/revisions"}],"wp:featuredmedia":[{"embeddable":true,"href":"https:\/\/latecordoba.com\/index.php\/wp-json\/wp\/v2\/media\/8990"}],"wp:attachment":[{"href":"https:\/\/latecordoba.com\/index.php\/wp-json\/wp\/v2\/media?parent=8989"}],"wp:term":[{"taxonomy":"category","embeddable":true,"href":"https:\/\/latecordoba.com\/index.php\/wp-json\/wp\/v2\/categories?post=8989"},{"taxonomy":"post_tag","embeddable":true,"href":"https:\/\/latecordoba.com\/index.php\/wp-json\/wp\/v2\/tags?post=8989"}],"curies":[{"name":"wp","href":"https:\/\/api.w.org\/{rel}","templated":true}]}}