{"id":8983,"date":"2023-05-18T02:20:46","date_gmt":"2023-05-18T02:20:46","guid":{"rendered":"https:\/\/viapais.com.ar\/entretenimiento\/jorge-rial-fue-sometido-a-una-cirugia-luego-del-infarto-que-sufrio-en-colombia\/"},"modified":"2023-05-18T02:20:46","modified_gmt":"2023-05-18T02:20:46","slug":"jorge-rial-fue-sometido-a-una-cirugia-luego-del-infarto-que-sufrio-en-colombia","status":"publish","type":"post","link":"https:\/\/latecordoba.com\/index.php\/2023\/05\/18\/jorge-rial-fue-sometido-a-una-cirugia-luego-del-infarto-que-sufrio-en-colombia\/","title":{"rendered":"Jorge Rial fue sometido a una cirug\u00eda luego del infarto que sufri\u00f3 en Colombia"},"content":{"rendered":"<br \/>\n<section readability=\"24.800561797753\">\n<p>Hace veinte d\u00edas, el mundo del espect\u00e1culo se vio afectado y sorprendido por <b>el estado de salud de <\/b>Jorge Rial. Durante su <a href=\"https:\/\/viapais.com.ar\/entretenimiento\/jorge-rial-fue-dado-de-alta-en-colombia-y-lo-celebro-en-las-redes-proximo-paso-vuelta-a-casa\/\" target=\"_blank\" rel=\"noopener\">estad\u00eda en Colombia<\/a>, el conductor de televisi\u00f3n <b>sufri\u00f3 un infarto y este mi\u00e9rcoles fue intervenido en Argentina luego de ese episodio.<\/b><\/p>\n<article class=\"article card \">\n<div class=\"article-inner \">\n<div class=\"article-image \"><a href=\"https:\/\/viapais.com.ar\/entretenimiento\/jorge-rial-revelo-como-se-siente-morir-no-es-dolorosa-es-un-lugar-calido\/\" title=\"Jorge rial\"><\/p>\n<figure><picture><img decoding=\"async\" alt=\"Jorge rial\" class=\"lazyload block \" loading=\"lazy\" src=\"http:\/\/latecordoba.com\/wp-content\/uploads\/2023\/05\/jorge-rial-fue-sometido-a-una-cirugia-luego-del-infarto-que-sufrio-en-colombia.png\" sizes=\"auto\" data-src=\"https:\/\/viapais.com.ar\/resizer\/aZNJK1YDB-S1L3qPR0Gu1MeAwhM=\/307x173\/smart\/filters:quality(75):format(webp)\/cloudfront-us-east-1.images.arcpublishing.com\/grupoclarin\/ZLKSMGSFZBGB5LG3NZ4WM6WTNY.png\" width=\"307px\" fetchpriority=\"low\" height=\"173px\"><\/picture><\/figure>\n<p><\/a><\/div>\n<\/div>\n<\/article>\n<figure><picture><img alt=\"Jorge Rial dijo c\u00f3mo se sinti\u00f3 la muerte por 10 minutos\" class=\"lazyload block \" loading=\"lazy\" sizes=\"auto\" data-src=\"http:\/\/latecordoba.com\/wp-content\/uploads\/2023\/05\/jorge-rial-fue-sometido-a-una-cirugia-luego-del-infarto-que-sufrio-en-colombia.jpg\" width=\"1023px\" fetchpriority=\"low\" height=\"677px\"><\/picture><figcaption class>Jorge Rial dijo c\u00f3mo se sinti\u00f3 la muerte por 10 minutos<\/figcaption><\/figure>\n<p>El periodista<b> ingres\u00f3 al sanatorio Finochietto donde fue operado dentro del \u00e1rea hemodinamia. <\/b>En el lugar, Rial fue intervenido para <b>implantarle un cardiodesfibrilador<\/b> para que prevenga cualquier infarto que pueda sufrir en el futuro.<\/p>\n<p>Las autoridades m\u00e9dicas dieron a conocer que<b> la <\/b><a href=\"https:\/\/www.losandes.com.ar\/espectaculo\/jorge-rial-hablo-de-maria-del-mar-ramon-la-joven-que-lo-acompanaba-en-el-momento-que-tuvo-el-infarto\/\" target=\"_blank\" rel=\"noopener\"><b>intervenci\u00f3n <\/b><\/a><b>fue realizada con \u00e9xito<\/b> aunque el conductor estar\u00e1 en la instituci\u00f3n hasta el d\u00eda jueves cuando reciba el alta m\u00e9dica.<\/p>\n<figure><picture><img alt=\"Jorge Rial anunci\u00f3 su vuelta\" class=\"lazyload block \" loading=\"lazy\" sizes=\"auto\" data-src=\"http:\/\/latecordoba.com\/wp-content\/uploads\/2023\/05\/jorge-rial-fue-sometido-a-una-cirugia-luego-del-infarto-que-sufrio-en-colombia-1.jpg\" width=\"1023px\" fetchpriority=\"low\" height=\"1819px\"><\/picture><figcaption class>Jorge Rial anunci\u00f3 su vuelta<\/figcaption><\/figure>\n<p>En medio de esta situaci\u00f3n, Rial habl\u00f3 con Teleshow y cont\u00f3 c\u00f3mo se siente: \u201c<b>Perfecto. Fueron apenas de 40 minutos. Me pusieron un dispositivo para evitar arritmias\u201d. <\/b>Por su lado, Guillermo Capuya -m\u00e9dico personal- confirm\u00f3 lo dicho y agreg\u00f3: \u201cFue un procedimiento sin ning\u00fan tipo de inconvenientes y no modifica en nada el curso de su recuperaci\u00f3n, al contrario\u201d.<\/p>\n<figure><picture><img alt=\"Jorge Rial en Radio 10.\" class=\"lazyload block \" loading=\"lazy\" sizes=\"auto\" data-src=\"http:\/\/latecordoba.com\/wp-content\/uploads\/2023\/05\/jorge-rial-fue-sometido-a-una-cirugia-luego-del-infarto-que-sufrio-en-colombia-2.jpg\" width=\"1023px\" fetchpriority=\"low\" height=\"855px\"><\/picture><figcaption class>Jorge Rial en Radio 10. Foto: Instagram<\/figcaption><\/figure>\n<p>Antes de terminar, Capuya asegur\u00f3 que<b> la intervenci\u00f3n realizada estaba<\/b> programada como se llev\u00f3 a cabo, es decir a las primeras horas de la ma\u00f1ana.<\/p>\n<\/section>\n<div class=\"noreadme-audima\">\n<h2>Temas Relacionados<\/h2>\n<\/div>\n","protected":false},"excerpt":{"rendered":"<p>Hace veinte d\u00edas, el mundo del espect\u00e1culo se vio afectado y sorprendido por el estado de salud de Jorge Rial. Durante su estad\u00eda en Colombia, el conductor de televisi\u00f3n sufri\u00f3 un infarto y este mi\u00e9rcoles fue intervenido en Argentina luego de ese episodio. Jorge Rial dijo c\u00f3mo se sinti\u00f3 la muerte por 10 minutos El [&hellip;]<\/p>\n","protected":false},"author":1,"featured_media":8984,"comment_status":"closed","ping_status":"closed","sticky":false,"template":"","format":"standard","meta":[],"categories":[15],"tags":[],"_links":{"self":[{"href":"https:\/\/latecordoba.com\/index.php\/wp-json\/wp\/v2\/posts\/8983"}],"collection":[{"href":"https:\/\/latecordoba.com\/index.php\/wp-json\/wp\/v2\/posts"}],"about":[{"href":"https:\/\/latecordoba.com\/index.php\/wp-json\/wp\/v2\/types\/post"}],"author":[{"embeddable":true,"href":"https:\/\/latecordoba.com\/index.php\/wp-json\/wp\/v2\/users\/1"}],"replies":[{"embeddable":true,"href":"https:\/\/latecordoba.com\/index.php\/wp-json\/wp\/v2\/comments?post=8983"}],"version-history":[{"count":0,"href":"https:\/\/latecordoba.com\/index.php\/wp-json\/wp\/v2\/posts\/8983\/revisions"}],"wp:featuredmedia":[{"embeddable":true,"href":"https:\/\/latecordoba.com\/index.php\/wp-json\/wp\/v2\/media\/8984"}],"wp:attachment":[{"href":"https:\/\/latecordoba.com\/index.php\/wp-json\/wp\/v2\/media?parent=8983"}],"wp:term":[{"taxonomy":"category","embeddable":true,"href":"https:\/\/latecordoba.com\/index.php\/wp-json\/wp\/v2\/categories?post=8983"},{"taxonomy":"post_tag","embeddable":true,"href":"https:\/\/latecordoba.com\/index.php\/wp-json\/wp\/v2\/tags?post=8983"}],"curies":[{"name":"wp","href":"https:\/\/api.w.org\/{rel}","templated":true}]}}