{"id":8962,"date":"2023-05-17T14:00:57","date_gmt":"2023-05-17T14:00:57","guid":{"rendered":"https:\/\/www.vitonica.com\/entrenamiento\/camavinga-ha-cambiado-mucho-su-fichaje-real-madrid-asi-ha-sido-su-transformacion-fisica"},"modified":"2023-05-17T14:00:57","modified_gmt":"2023-05-17T14:00:57","slug":"la-llamativa-transformacion-fisica-de-camavinga-desde-su-fichaje-por-el-real-madrid-hace-dos-temporadas","status":"publish","type":"post","link":"https:\/\/latecordoba.com\/index.php\/2023\/05\/17\/la-llamativa-transformacion-fisica-de-camavinga-desde-su-fichaje-por-el-real-madrid-hace-dos-temporadas\/","title":{"rendered":"La llamativa transformaci\u00f3n f\u00edsica de Camavinga desde su fichaje por el Real Madrid hace dos temporadas"},"content":{"rendered":"\n<p>Mucho han cambiado las im\u00e1genes de algunos futbolistas de anta\u00f1o que fumaban en el banquillo o en el vestuario. Hoy en d\u00eda, deportistas como Eduardo Camavinga, del Real Madrid, saben que si quieren sacar el m\u00e1ximo rendimiento y alargar su carrera deportiva, deben a\u00f1adir sesiones de entrenamiento extras y controlar adecuadamente su nutrici\u00f3n. <strong>Desde su llegada al Real Madrid hace dos temporadas, mucho ha cambiado<\/strong> f\u00edsicamente el futbolista franc\u00e9s.<\/p>\n<p><!-- BREAK 1 --><\/p>\n<h2>Eduardo Camavinga ya no es el que era<\/h2>\n<p>Existen etapas sensibles a la mejora de habilidades t\u00e9cnicas y f\u00edsicas, y Camavinga, que lleg\u00f3 con 18 a\u00f1os al Real Madrid, y ahora tiene 20, se encuentra en ese <strong>momento dulce en el que la progresi\u00f3n en cualidades como la fuerza y el aumento de masa muscular<\/strong> de calidad se encuentran en su m\u00e1ximo esplendor.<\/p>\n<p><!-- BREAK 2 --> <\/p>\n<div class=\"article-asset article-asset-normal article-asset-center\">\n<div class=\"desvio-container\">\n<div class=\"desvio\">\n<div class=\"desvio-figure js-desvio-figure\"> <a href=\"https:\/\/www.vitonica.com\/wellness\/no-podia-mirarme-al-espejo-esta-historia-superacion-jorge-fernandez-para-lucir-cuerpo-envidiable-a-sus-50-anos\"> <img decoding=\"async\" alt=\"&quot;No pod\u00eda mirarme al espejo&quot;: esta es la historia de superaci\u00f3n de Jorge Fern\u00e1ndez para lucir un cuerpo envidiable a sus 50 a\u00f1os \" src=\"http:\/\/latecordoba.com\/wp-content\/uploads\/2023\/05\/la-llamativa-transformacion-fisica-de-camavinga-desde-su-fichaje-por-el-real-madrid-hace-dos-temporadas.webp\" onerror=\"this.src=&quot;https:\/\/i.blogs.es\/9e2207\/344813932_889560502104837_2597324616305658259_n\/375_142.jpeg&quot;\"> <\/a> <\/div>\n<\/p><\/div>\n<\/p><\/div>\n<\/div>\n<p>En una publicaci\u00f3n de hace aproximadamente un mes, se puede ver al futbolista con una <strong>base muscular muy desarrollada.<\/strong> En dicha publicaci\u00f3n est\u00e1 realizando principalmente <a href=\"https:\/\/www.vitonica.com\/entrenamiento\/entrenamiento-core-importante-que-piensas-siete-ejercicios-para-fortalecerlo\">trabajo de core<\/a> y estabilidad, aunque tambi\u00e9n realiza labores de movilidad de cadera.<\/p>\n<p><!-- BREAK 3 --><\/p>\n<h3>Antes de llegar al Real Madrid<\/h3>\n<p>En el verano de 2021, el franc\u00e9s se uni\u00f3 al Real Madrid. En ese momento ten\u00eda 18 a\u00f1os y su f\u00edsico era muy distinto al actual. Por supuesto, <strong>la edad ha influido mucho en su transformaci\u00f3n<\/strong>, ya que son dos a\u00f1os muy sensibles a la hora de mejorar la masa muscular.<\/p>\n<p><!-- BREAK 4 --><\/p>\n<p>Las m\u00e1quinas isoinerciales y el entrenamiento personal como aliados de su transformaci\u00f3n f\u00edsica<\/p>\n<p>Sin embargo, ese crecimiento muscular no se consigue si no entrenamos para ello, tengamos la edad que tengamos. Hemos podido ver a Camavinga en varias ocasiones entrenando en el gimnasio, como en las siguientes im\u00e1genes en las que practica <strong>ejercicios explosivos como pu\u00f1etazos<\/strong>, y otra imagen en la que le vemos sentado en una m\u00e1quina isoinercial.<\/p>\n<p><!-- BREAK 5 --> <\/p>\n<p>Las m\u00e1quinas isoinerciales son m\u00e1quinas que <strong>utilizan la energ\u00eda cin\u00e9tica acumulada para devolvernos la velocidad que le damos<\/strong>. Si hacemos una sentadilla, aceleraremos cuando subimos desde abajo hasta ponernos de pie, y esa velocidad ser\u00e1 devuelta por la m\u00e1quina a la hora de la fase exc\u00e9ntrica, es decir, al bajar desde arriba hasta la sentadilla profunda.<\/p>\n<p><!-- BREAK 6 --><\/p>\n<p>En <a href=\"https:\/\/www.vitonica.com\/entrenamiento\/como-entrena-fuerza-astronauta-espacio-no-hay-gravedad-estas-maquinas-que-se-utilizan-que-cada-vez-estan-presente-gimnasios\">este art\u00edculo de Vit\u00f3nica detallamos en qu\u00e9 consisten estas m\u00e1quinas<\/a>, muy utilizadas en el f\u00fatbol y otros deportes de \u00e9lite. Puede que te suene el nombre de <a href=\"https:\/\/www.instagram.com\/adamatrd37\/?hl=es\">Adama Traor\u00e9<\/a>, futbolista de imponente f\u00edsico que comentaba que no entrenaba con pesas, y as\u00ed era, porque lo que hac\u00eda era <strong>entrenar con este tipo de m\u00e1quinas isonerciales.<\/strong><\/p>\n<p><!-- BREAK 7 --><\/p>\n<p>En cualquier caso, la cantidad de masa muscular no es un factor determinante del futbolista, sino m\u00e1s bien la calidad de esa masa muscular. Lo que no pasa desapercibido es que la <strong>preparaci\u00f3n f\u00edsica de los deportistas de \u00e9lite en el f\u00fatbol ha crecido<\/strong> en base a las demandas de la disciplina.<\/p>\n<p><!-- BREAK 8 --><\/p>\n<p>El entrenamiento de fuerza adecuado a cada deporte permite exprimir m\u00e1s el <strong>rendimiento deportivo, evitar lesiones y poner las cualidades f\u00edsicas al servicio del equipo<\/strong>. Aunque en el f\u00fatbol prima la t\u00e9cnica y la t\u00e1ctica sobre el f\u00edsico, este tipo de entrenamientos de fuerza pueden volcar la balanza hacia un lado u otro.<\/p>\n<p><!-- BREAK 9 --> <\/p>\n<p>En Vit\u00f3nica | <a href=\"https:\/\/www.vitonica.com\/enfermedades\/david-beckham-habla-su-toc-como-afecta-su-vida-diaria\">David Beckham revela su TOC y detalla como afecta su vida diaria<\/a><\/p>\n<p><!-- BREAK 10 --><\/p>\n<p>Im\u00e1genes | Gtres<\/p>\n","protected":false},"excerpt":{"rendered":"\n<p> <img decoding=\"async\" src=\"http:\/\/latecordoba.com\/wp-content\/uploads\/2023\/05\/la-llamativa-transformacion-fisica-de-camavinga-desde-su-fichaje-por-el-real-madrid-hace-dos-temporadas.jpg\" alt=\"La llamativa transformaci\u00f3n f\u00edsica de Camavinga desde su fichaje por el Real Madrid hace dos temporadas\"> <\/p>\n<p>Mucho han cambiado las im\u00e1genes de algunos futbolistas de anta\u00f1o que fumaban en el banquillo o en el vestuario. Hoy en d\u00eda, deportistas como Eduardo Camavinga, del Real Madrid, saben que si quieren sacar el m\u00e1ximo rendimiento y alargar su carrera deportiva, deben a\u00f1adir sesiones de entrenamiento extras y controlar adecuadamente su nutrici\u00f3n. <strong>Desde su llegada al Real Madrid hace dos temporadas, mucho ha cambiado<\/strong> f\u00edsicamente el futbolista franc\u00e9s.<\/p>\n<p><!-- BREAK 1 --><\/p>\n<h2>Eduardo Camavinga ya no es el que era<\/h2>\n<div class=\"instagram-media-container\"> <iframe loading=\"lazy\" width=\"320\" height=\"320\" frameBorder=\"0\" src=\"https:\/\/www.instagram.com\/p\/Cq_FCAtLAXo\/embed\" frameborder=\"0\"><\/iframe>\n<\/div>\n<p><script> window._JS_MODULES = window._JS_MODULES || {}; _JS_MODULES.instagram = true;\n<\/script><\/p>\n<p>Existen etapas sensibles a la mejora de habilidades t\u00e9cnicas y f\u00edsicas, y Camavinga, que lleg\u00f3 con 18 a\u00f1os al Real Madrid, y ahora tiene 20, se encuentra en ese <strong>momento dulce en el que la progresi\u00f3n en cualidades como la fuerza y el aumento de masa muscular<\/strong> de calidad se encuentran en su m\u00e1ximo esplendor.<\/p>\n<p><!-- BREAK 2 --><\/p>\n<div class=\"article-asset article-asset-normal article-asset-center\">\n<div class=\"desvio-container\">\n<div class=\"desvio\">\n<div class=\"desvio-figure js-desvio-figure\"> <a href=\"https:\/\/www.vitonica.com\/wellness\/no-podia-mirarme-al-espejo-esta-historia-superacion-jorge-fernandez-para-lucir-cuerpo-envidiable-a-sus-50-anos\" > <img decoding=\"async\" alt=\"&quot;No&#x20;pod&#x00ED;a&#x20;mirarme&#x20;al&#x20;espejo&quot;&#x3A;&#x20;esta&#x20;es&#x20;la&#x20;historia&#x20;de&#x20;superaci&#x00F3;n&#x20;de&#x20;Jorge&#x20;Fern&#x00E1;ndez&#x20;para&#x20;lucir&#x20;un&#x20;cuerpo&#x20;envidiable&#x20;a&#x20;sus&#x20;50&#x20;a&#x00F1;os&#x20;\" src=\"http:\/\/latecordoba.com\/wp-content\/uploads\/2023\/05\/la-llamativa-transformacion-fisica-de-camavinga-desde-su-fichaje-por-el-real-madrid-hace-dos-temporadas.webp\" onerror='this.src=\"https:\/\/i.blogs.es\/9e2207\/344813932_889560502104837_2597324616305658259_n\/375_142.jpeg\"'> <\/a> <\/div>\n<div class=\"desvio-summary\">\n<div class=\"desvio-taxonomy js-desvio-taxonomy\"> <a href=\"https:\/\/www.vitonica.com\/wellness\/no-podia-mirarme-al-espejo-esta-historia-superacion-jorge-fernandez-para-lucir-cuerpo-envidiable-a-sus-50-anos\" class=\"desvio-taxonomy-anchor\">En Vit\u00f3nica<\/a> <\/div>\n<p> <a href=\"https:\/\/www.vitonica.com\/wellness\/no-podia-mirarme-al-espejo-esta-historia-superacion-jorge-fernandez-para-lucir-cuerpo-envidiable-a-sus-50-anos\" class=\"desvio-title js-desvio-title\">&quot;No pod\u00eda mirarme al espejo&quot;: esta es la historia de superaci\u00f3n de Jorge Fern\u00e1ndez para lucir un cuerpo envidiable a sus 50 a\u00f1os <\/a> <\/div>\n<\/p><\/div>\n<\/p><\/div>\n<\/div>\n<p>En una publicaci\u00f3n de hace aproximadamente un mes, se puede ver al futbolista con una <strong>base muscular muy desarrollada.<\/strong> En dicha publicaci\u00f3n est\u00e1 realizando principalmente <a href=\"https:\/\/www.vitonica.com\/entrenamiento\/entrenamiento-core-importante-que-piensas-siete-ejercicios-para-fortalecerlo\">trabajo de core<\/a> y estabilidad, aunque tambi\u00e9n realiza labores de movilidad de cadera.<\/p>\n<p><!-- BREAK 3 --><\/p>\n<h3>Antes de llegar al Real Madrid<\/h3>\n<div class=\"instagram-media-container\"> <iframe loading=\"lazy\" width=\"320\" height=\"320\" frameBorder=\"0\" src=\"https:\/\/www.instagram.com\/p\/CSh15-_jaQR\/embed\" frameborder=\"0\"><\/iframe>\n<\/div>\n<p><script> window._JS_MODULES = window._JS_MODULES || {}; _JS_MODULES.instagram = true;\n<\/script><\/p>\n<p>En el verano de 2021, el franc\u00e9s se uni\u00f3 al Real Madrid. En ese momento ten\u00eda 18 a\u00f1os y su f\u00edsico era muy distinto al actual. Por supuesto, <strong>la edad ha influido mucho en su transformaci\u00f3n<\/strong>, ya que son dos a\u00f1os muy sensibles a la hora de mejorar la masa muscular.<\/p>\n<p><!-- BREAK 4 --><\/p>\n<p>Las m\u00e1quinas isoinerciales y el entrenamiento personal como aliados de su transformaci\u00f3n f\u00edsica<\/p>\n<p>Sin embargo, ese crecimiento muscular no se consigue si no entrenamos para ello, tengamos la edad que tengamos. Hemos podido ver a Camavinga en varias ocasiones entrenando en el gimnasio, como en las siguientes im\u00e1genes en las que practica <strong>ejercicios explosivos como pu\u00f1etazos<\/strong>, y otra imagen en la que le vemos sentado en una m\u00e1quina isoinercial.<\/p>\n<p><!-- BREAK 5 --><\/p>\n<div class=\"instagram-media-container\"> <iframe loading=\"lazy\" width=\"320\" height=\"320\" frameBorder=\"0\" src=\"https:\/\/www.instagram.com\/p\/CktZWDwLWs9\/embed\" frameborder=\"0\"><\/iframe>\n<\/div>\n<p><script> window._JS_MODULES = window._JS_MODULES || {}; _JS_MODULES.instagram = true;\n<\/script><\/p>\n<p>Las m\u00e1quinas isoinerciales son m\u00e1quinas que <strong>utilizan la energ\u00eda cin\u00e9tica acumulada para devolvernos la velocidad que le damos<\/strong>. Si hacemos una sentadilla, aceleraremos cuando subimos desde abajo hasta ponernos de pie, y esa velocidad ser\u00e1 devuelta por la m\u00e1quina a la hora de la fase exc\u00e9ntrica, es decir, al bajar desde arriba hasta la sentadilla profunda.<\/p>\n<p><!-- BREAK 6 --><\/p>\n<p>En <a href=\"https:\/\/www.vitonica.com\/entrenamiento\/como-entrena-fuerza-astronauta-espacio-no-hay-gravedad-estas-maquinas-que-se-utilizan-que-cada-vez-estan-presente-gimnasios\">este art\u00edculo de Vit\u00f3nica detallamos en qu\u00e9 consisten estas m\u00e1quinas<\/a>, muy utilizadas en el f\u00fatbol y otros deportes de \u00e9lite. Puede que te suene el nombre de <a href=\"https:\/\/www.instagram.com\/adamatrd37\/?hl=es\">Adama Traor\u00e9<\/a>, futbolista de imponente f\u00edsico que comentaba que no entrenaba con pesas, y as\u00ed era, porque lo que hac\u00eda era <strong>entrenar con este tipo de m\u00e1quinas isonerciales.<\/strong><\/p>\n<p><!-- BREAK 7 --><\/p>\n<p>En cualquier caso, la cantidad de masa muscular no es un factor determinante del futbolista, sino m\u00e1s bien la calidad de esa masa muscular. Lo que no pasa desapercibido es que la <strong>preparaci\u00f3n f\u00edsica de los deportistas de \u00e9lite en el f\u00fatbol ha crecido<\/strong> en base a las demandas de la disciplina.<\/p>\n<p><!-- BREAK 8 --><\/p>\n<p>El entrenamiento de fuerza adecuado a cada deporte permite exprimir m\u00e1s el <strong>rendimiento deportivo, evitar lesiones y poner las cualidades f\u00edsicas al servicio del equipo<\/strong>. Aunque en el f\u00fatbol prima la t\u00e9cnica y la t\u00e1ctica sobre el f\u00edsico, este tipo de entrenamientos de fuerza pueden volcar la balanza hacia un lado u otro.<\/p>\n<p><!-- BREAK 9 --><\/p>\n<div class=\"instagram-media-container\"> <iframe loading=\"lazy\" width=\"320\" height=\"320\" frameBorder=\"0\" src=\"https:\/\/www.instagram.com\/p\/CpBLbHUDC8z\/embed\" frameborder=\"0\"><\/iframe>\n<\/div>\n<p><script> window._JS_MODULES = window._JS_MODULES || {}; _JS_MODULES.instagram = true;\n<\/script><\/p>\n<p>En Vit\u00f3nica | <a href=\"https:\/\/www.vitonica.com\/enfermedades\/david-beckham-habla-su-toc-como-afecta-su-vida-diaria\">David Beckham revela su TOC y detalla como afecta su vida diaria<\/a><\/p>\n<p><!-- BREAK 10 --><\/p>\n<p>Im\u00e1genes | Gtres<\/p>\n<p><script> (function() { window._JS_MODULES = window._JS_MODULES || {}; var headElement = document.getElementsByTagName('head')[0]; if (_JS_MODULES.instagram) { var instagramScript = document.createElement('script'); instagramScript.src = 'https:\/\/platform.instagram.com\/en_US\/embeds.js'; instagramScript.async = true; instagramScript.defer = true; headElement.appendChild(instagramScript); } })();\n<\/script> <\/p>\n<p> &#8211; <br \/> La noticia <a href=\"https:\/\/www.vitonica.com\/entrenamiento\/camavinga-ha-cambiado-mucho-su-fichaje-real-madrid-asi-ha-sido-su-transformacion-fisicautm_source=feedburner&#038;utm_medium=feed&#038;utm_campaign=17_May_2023\"> <em> La llamativa transformaci\u00f3n f\u00edsica de Camavinga desde su fichaje por el Real Madrid hace dos temporadas <\/em> <\/a> fue publicada originalmente en <a href=\"https:\/\/www.vitonica.com?utm_source=feedburner&#038;utm_medium=feed&#038;utm_campaign=17_May_2023\"> <strong> Vit\u00f3nica <\/strong> <\/a> por <a href=\"https:\/\/www.vitonica.com\/autor\/joaquin-vico?utm_source=feedburner&#038;utm_medium=feed&#038;utm_campaign=17_May_2023\"> Joaqu\u00edn Vico <\/a> . <\/p>\n","protected":false},"author":1,"featured_media":8963,"comment_status":"closed","ping_status":"closed","sticky":false,"template":"","format":"standard","meta":[],"categories":[16],"tags":[],"_links":{"self":[{"href":"https:\/\/latecordoba.com\/index.php\/wp-json\/wp\/v2\/posts\/8962"}],"collection":[{"href":"https:\/\/latecordoba.com\/index.php\/wp-json\/wp\/v2\/posts"}],"about":[{"href":"https:\/\/latecordoba.com\/index.php\/wp-json\/wp\/v2\/types\/post"}],"author":[{"embeddable":true,"href":"https:\/\/latecordoba.com\/index.php\/wp-json\/wp\/v2\/users\/1"}],"replies":[{"embeddable":true,"href":"https:\/\/latecordoba.com\/index.php\/wp-json\/wp\/v2\/comments?post=8962"}],"version-history":[{"count":0,"href":"https:\/\/latecordoba.com\/index.php\/wp-json\/wp\/v2\/posts\/8962\/revisions"}],"wp:featuredmedia":[{"embeddable":true,"href":"https:\/\/latecordoba.com\/index.php\/wp-json\/wp\/v2\/media\/8963"}],"wp:attachment":[{"href":"https:\/\/latecordoba.com\/index.php\/wp-json\/wp\/v2\/media?parent=8962"}],"wp:term":[{"taxonomy":"category","embeddable":true,"href":"https:\/\/latecordoba.com\/index.php\/wp-json\/wp\/v2\/categories?post=8962"},{"taxonomy":"post_tag","embeddable":true,"href":"https:\/\/latecordoba.com\/index.php\/wp-json\/wp\/v2\/tags?post=8962"}],"curies":[{"name":"wp","href":"https:\/\/api.w.org\/{rel}","templated":true}]}}