{"id":8946,"date":"2023-05-17T04:02:03","date_gmt":"2023-05-17T04:02:03","guid":{"rendered":"https:\/\/viapais.com.ar\/cordoba\/la-desoladora-final-para-atenas-en-imagenes-el-llanto-de-los-jugadores-y-el-lamento-de-los-hinchas\/"},"modified":"2023-05-17T04:02:03","modified_gmt":"2023-05-17T04:02:03","slug":"la-desoladora-final-para-atenas-en-imagenes-el-llanto-de-los-jugadores-y-el-lamento-de-los-hinchas","status":"publish","type":"post","link":"https:\/\/latecordoba.com\/index.php\/2023\/05\/17\/la-desoladora-final-para-atenas-en-imagenes-el-llanto-de-los-jugadores-y-el-lamento-de-los-hinchas\/","title":{"rendered":"La desoladora final para Atenas, en im\u00e1genes: el llanto de los jugadores y el lamento de los hinchas"},"content":{"rendered":"<br \/>\n<section readability=\"15.388235294118\">\n<p><a href=\"https:\/\/viapais.com.ar\/cordoba\/atenas-retemplo-los-animos-para-la-final-con-uno-de-sus-idolos-en-la-ultima-practica\/\"><b>Atenas cay\u00f3 por 73 a 62<\/b><\/a><b> <\/b>frente a San Lorenzo, en el estadio Pando de Buenos Aires, y <a href=\"https:\/\/viapais.com.ar\/cordoba\/federico-mariani-figura-de-atenas-si-nos-toca-perder-asi-no-habra-reproches\/\"><b>descendi\u00f3 a la Liga Argentina<\/b><\/a>. El club m\u00e1s ganador de la historia de la Liga Nacional no pudo afrontar su crisis institucional y <a href=\"https:\/\/viapais.com.ar\/cordoba\/el-final-mas-temido-atenas-no-pudo-contra-san-lorenzo-y-descendio-a-la-liga-argentina\/\" target=\"_blank\" rel=\"noopener\">marca su peor momento deportivo<\/a>. <\/p>\n<article class=\"article card \">\n<div class=\"article-inner \">\n<div class=\"article-image \"><a href=\"https:\/\/viapais.com.ar\/cordoba\/el-final-mas-temido-atenas-no-pudo-contra-san-lorenzo-y-descendio-a-la-liga-argentina\/\" title=\"Atenas enfrent\u00f3 a San Lorenzo\"><\/p>\n<figure><picture><img decoding=\"async\" alt=\"Atenas enfrent\u00f3 a San Lorenzo\" class=\"lazyload block \" loading=\"lazy\" src=\"http:\/\/latecordoba.com\/wp-content\/uploads\/2023\/05\/la-desoladora-final-para-atenas-en-imagenes-el-llanto-de-los-jugadores-y-el-lamento-de-los-hinchas.png\" sizes=\"auto\" data-src=\"https:\/\/viapais.com.ar\/resizer\/_U8K9VlU4eR99hcSKSNL6lvJXw4=\/307x173\/smart\/filters:quality(75):format(webp)\/cloudfront-us-east-1.images.arcpublishing.com\/grupoclarin\/TQ7IZNCOQ5EZNDSWTPI35XQE3E.jpeg\" width=\"307px\" fetchpriority=\"low\" height=\"173px\"><\/picture><\/figure>\n<p><\/a><\/div>\n<\/div>\n<\/article>\n<p><b>El Griego era el \u00fanico equipo en la Liga Nacional que jug\u00f3 las 38 ediciones<\/b>, gan\u00f3 nueve, adem\u00e1s de varias competencias internacionales. Sin embargo, este martes, no pudo imponerse y si bien luch\u00f3 contra San Lorenzo, el local fue superior. <\/p>\n<p>El final dej\u00f3 escenas desoladoras con<b> jugadores que no aguantaron las l\u00e1grimas<\/b> e hinchas hist\u00f3ricos que mostraron sus caras de lamento. Un triste final para un club que fue cuna de leyendas. <\/p>\n<h2 class><b>LA DESOLADORA FINAL DE ATENAS QUE LO ENVI\u00d3 AL DESCENSO<\/b><\/h2>\n<figure><picture><img alt=\"Atenas perdi\u00f3 con San Lorenzo y descendi\u00f3 en la Liga Nacional. (Federico L\u00f3pez Claro)\" class=\"lazyload block \" loading=\"lazy\" sizes=\"auto\" data-src=\"http:\/\/latecordoba.com\/wp-content\/uploads\/2023\/05\/la-desoladora-final-para-atenas-en-imagenes-el-llanto-de-los-jugadores-y-el-lamento-de-los-hinchas.jpg\" width=\"1023px\" fetchpriority=\"low\" height=\"682px\"><\/picture><figcaption class>Atenas perdi\u00f3 con San Lorenzo y descendi\u00f3 en la Liga Nacional. (Federico L\u00f3pez Claro)<\/figcaption><\/figure>\n<figure><picture><img alt=\"Atenas perdi\u00f3 con San Lorenzo y descendi\u00f3 en la Liga Nacional. (Federico L\u00f3pez Claro)\" class=\"lazyload block \" loading=\"lazy\" sizes=\"auto\" data-src=\"http:\/\/latecordoba.com\/wp-content\/uploads\/2023\/05\/la-desoladora-final-para-atenas-en-imagenes-el-llanto-de-los-jugadores-y-el-lamento-de-los-hinchas-1.jpg\" width=\"1023px\" fetchpriority=\"low\" height=\"682px\"><\/picture><figcaption class>Atenas perdi\u00f3 con San Lorenzo y descendi\u00f3 en la Liga Nacional. (Federico L\u00f3pez Claro)<\/figcaption><\/figure>\n<figure><picture><img alt=\"Atenas perdi\u00f3 con San Lorenzo y descendi\u00f3 en la Liga Nacional. (Federico L\u00f3pez Claro)\" class=\"lazyload block \" loading=\"lazy\" sizes=\"auto\" data-src=\"http:\/\/latecordoba.com\/wp-content\/uploads\/2023\/05\/la-desoladora-final-para-atenas-en-imagenes-el-llanto-de-los-jugadores-y-el-lamento-de-los-hinchas-2.jpg\" width=\"1023px\" fetchpriority=\"low\" height=\"1535px\"><\/picture><figcaption class>Atenas perdi\u00f3 con San Lorenzo y descendi\u00f3 en la Liga Nacional. (Federico L\u00f3pez Claro)<\/figcaption><\/figure>\n<figure><picture><img alt=\"Atenas enfrent\u00f3 a San Lorenzo, en Buenos Aires, por el quinto partido de la serie permanencia de la Liga Nacional de B\u00e1squet. (Federico L\u00f3pez Claro)\" class=\"lazyload block \" loading=\"lazy\" sizes=\"auto\" data-src=\"http:\/\/latecordoba.com\/wp-content\/uploads\/2023\/05\/la-desoladora-final-para-atenas-en-imagenes-el-llanto-de-los-jugadores-y-el-lamento-de-los-hinchas-3.jpg\" width=\"1023px\" fetchpriority=\"low\" height=\"682px\"><\/picture><figcaption class>Atenas enfrent\u00f3 a San Lorenzo, en Buenos Aires, por el quinto partido de la serie permanencia de la Liga Nacional de B\u00e1squet. (Federico L\u00f3pez Claro) Foto: Federico Claro<\/figcaption><\/figure>\n<figure><picture><img alt=\"Atenas enfrent\u00f3 a San Lorenzo, en Buenos Aires, por el quinto partido de la serie permanencia de la Liga Nacional de B\u00e1squet. (Federico L\u00f3pez Claro)\" class=\"lazyload block \" loading=\"lazy\" sizes=\"auto\" data-src=\"http:\/\/latecordoba.com\/wp-content\/uploads\/2023\/05\/la-desoladora-final-para-atenas-en-imagenes-el-llanto-de-los-jugadores-y-el-lamento-de-los-hinchas-4.jpg\" width=\"1023px\" fetchpriority=\"low\" height=\"680px\"><\/picture><figcaption class>Atenas enfrent\u00f3 a San Lorenzo, en Buenos Aires, por el quinto partido de la serie permanencia de la Liga Nacional de B\u00e1squet. (Federico L\u00f3pez Claro) Foto: Federico Claro<\/figcaption><\/figure>\n<figure><picture><img alt=\"Atenas enfrent\u00f3 a San Lorenzo, en Buenos Aires, por el quinto partido de la serie permanencia de la Liga Nacional de B\u00e1squet. (Federico L\u00f3pez Claro)\" class=\"lazyload block \" loading=\"lazy\" sizes=\"auto\" data-src=\"http:\/\/latecordoba.com\/wp-content\/uploads\/2023\/05\/la-desoladora-final-para-atenas-en-imagenes-el-llanto-de-los-jugadores-y-el-lamento-de-los-hinchas-5.jpg\" width=\"1023px\" fetchpriority=\"low\" height=\"681px\"><\/picture><figcaption class>Atenas enfrent\u00f3 a San Lorenzo, en Buenos Aires, por el quinto partido de la serie permanencia de la Liga Nacional de B\u00e1squet. (Federico L\u00f3pez Claro) Foto: Federico Claro<\/figcaption><\/figure>\n<article class=\"article card \">\n<div class=\"article-inner \">\n<div class=\"article-image \"><a href=\"https:\/\/viapais.com.ar\/cordoba\/federico-mariani-figura-de-atenas-si-nos-toca-perder-asi-no-habra-reproches\/\" title=\"Atenas\"><\/p>\n<figure><picture><img decoding=\"async\" alt=\"Atenas\" class=\"lazyload block \" loading=\"lazy\" src=\"http:\/\/latecordoba.com\/wp-content\/uploads\/2023\/05\/la-desoladora-final-para-atenas-en-imagenes-el-llanto-de-los-jugadores-y-el-lamento-de-los-hinchas.png\" sizes=\"auto\" data-src=\"https:\/\/viapais.com.ar\/resizer\/JyjRyP7HmhxVJcRaR-lBTA5XBzI=\/307x173\/smart\/filters:quality(75):format(webp)\/cloudfront-us-east-1.images.arcpublishing.com\/grupoclarin\/2M5ACDVFCNCOPGGDBZXXNPXEQQ.jpeg\" width=\"307px\" fetchpriority=\"low\" height=\"173px\"><\/picture><\/figure>\n<p><\/a><\/div>\n<\/div>\n<\/article>\n<figure><picture><img alt=\"Atenas perdi\u00f3 con San Lorenzo y descendi\u00f3 en la Liga Nacional. (Federico L\u00f3pez Claro)\" class=\"lazyload block \" loading=\"lazy\" sizes=\"auto\" data-src=\"http:\/\/latecordoba.com\/wp-content\/uploads\/2023\/05\/la-desoladora-final-para-atenas-en-imagenes-el-llanto-de-los-jugadores-y-el-lamento-de-los-hinchas-6.jpg\" width=\"1023px\" fetchpriority=\"low\" height=\"682px\"><\/picture><figcaption class>Atenas perdi\u00f3 con San Lorenzo y descendi\u00f3 en la Liga Nacional. (Federico L\u00f3pez Claro)<\/figcaption><\/figure>\n<\/section>\n<div class=\"noreadme-audima\">\n<h2>Temas Relacionados<\/h2>\n<\/div>\n","protected":false},"excerpt":{"rendered":"<p>Atenas cay\u00f3 por 73 a 62 frente a San Lorenzo, en el estadio Pando de Buenos Aires, y descendi\u00f3 a la Liga Argentina. El club m\u00e1s ganador de la historia de la Liga Nacional no pudo afrontar su crisis institucional y marca su peor momento deportivo. El Griego era el \u00fanico equipo en la Liga [&hellip;]<\/p>\n","protected":false},"author":1,"featured_media":8947,"comment_status":"closed","ping_status":"closed","sticky":false,"template":"","format":"standard","meta":[],"categories":[15],"tags":[],"_links":{"self":[{"href":"https:\/\/latecordoba.com\/index.php\/wp-json\/wp\/v2\/posts\/8946"}],"collection":[{"href":"https:\/\/latecordoba.com\/index.php\/wp-json\/wp\/v2\/posts"}],"about":[{"href":"https:\/\/latecordoba.com\/index.php\/wp-json\/wp\/v2\/types\/post"}],"author":[{"embeddable":true,"href":"https:\/\/latecordoba.com\/index.php\/wp-json\/wp\/v2\/users\/1"}],"replies":[{"embeddable":true,"href":"https:\/\/latecordoba.com\/index.php\/wp-json\/wp\/v2\/comments?post=8946"}],"version-history":[{"count":0,"href":"https:\/\/latecordoba.com\/index.php\/wp-json\/wp\/v2\/posts\/8946\/revisions"}],"wp:featuredmedia":[{"embeddable":true,"href":"https:\/\/latecordoba.com\/index.php\/wp-json\/wp\/v2\/media\/8947"}],"wp:attachment":[{"href":"https:\/\/latecordoba.com\/index.php\/wp-json\/wp\/v2\/media?parent=8946"}],"wp:term":[{"taxonomy":"category","embeddable":true,"href":"https:\/\/latecordoba.com\/index.php\/wp-json\/wp\/v2\/categories?post=8946"},{"taxonomy":"post_tag","embeddable":true,"href":"https:\/\/latecordoba.com\/index.php\/wp-json\/wp\/v2\/tags?post=8946"}],"curies":[{"name":"wp","href":"https:\/\/api.w.org\/{rel}","templated":true}]}}