{"id":8944,"date":"2023-05-16T19:24:51","date_gmt":"2023-05-16T19:24:51","guid":{"rendered":"https:\/\/viapais.com.ar\/urbano\/vin-diesel-halago-el-trabajo-de-la-nena-de-argentina-maria-becerra-representa-al-pais\/"},"modified":"2023-05-16T19:24:51","modified_gmt":"2023-05-16T19:24:51","slug":"vin-diesel-halago-el-trabajo-de-la-nena-de-argentina-maria-becerra-representa-al-pais","status":"publish","type":"post","link":"https:\/\/latecordoba.com\/index.php\/2023\/05\/16\/vin-diesel-halago-el-trabajo-de-la-nena-de-argentina-maria-becerra-representa-al-pais\/","title":{"rendered":"Vin Diesel halag\u00f3 el trabajo de La Nena de Argentina: \u201cMar\u00eda Becerra representa al pa\u00eds\u201d"},"content":{"rendered":"<br \/>\n<section readability=\"24.585870189546\">\n<p>Un crossover que hace un a\u00f1o nadie se hubiera imaginado, <b>Vin Diesel y <\/b><a href=\"https:\/\/viapais.com.ar\/urbano\/maria-becerra-salio-a-desmentir-un-retoque-estetico-no-me-hice-nada-nuevo\/\" target=\"_blank\" rel=\"noopener\"><b>Mar\u00eda Becerra<\/b> <\/a>se conocieron en la premiere de R\u00e1pidos y Furiosos 10. Este encuentro fue ni m\u00e1s ni menos porque <b>La Nena de Argentina es parte del soundtrack <\/b>oficial de la pel\u00edcula.<\/p>\n<article class=\"article card \">\n<div class=\"article-inner \">\n<div class=\"article-image \"><a href=\"https:\/\/viapais.com.ar\/urbano\/maria-becerra-revelo-detalles-de-su-encuentro-con-vin-diesel-en-la-presentacion-de-rapidos-y-furiosos-x\/\" title=\"Mar\u00eda Becerra revel\u00f3 detalles de c\u00f3mo fue su encuentro con Vin Diesel en la presentaci\u00f3n de \u201cR\u00e1pidos y Furiosos X\u201d\"><\/p>\n<figure><picture><img decoding=\"async\" alt=\"Mar\u00eda Becerra revel\u00f3 detalles de c\u00f3mo fue su encuentro con Vin Diesel en la presentaci\u00f3n de \u201cR\u00e1pidos y Furiosos X\u201d\" class=\"lazyload block \" loading=\"lazy\" src=\"http:\/\/latecordoba.com\/wp-content\/uploads\/2023\/05\/vin-diesel-halago-el-trabajo-de-la-nena-de-argentina-maria-becerra-representa-al-pais.png\" sizes=\"auto\" data-src=\"https:\/\/viapais.com.ar\/resizer\/HAClBQT9LmG2ZJ0U9Cy51KSJwh0=\/307x173\/smart\/filters:quality(75):format(webp)\/cloudfront-us-east-1.images.arcpublishing.com\/grupoclarin\/BOBEPHUUGNARHG22VKMSFLLY3M.jpg\" width=\"307px\" fetchpriority=\"low\" height=\"173px\"><\/picture><\/figure>\n<p><\/a><\/div>\n<\/div>\n<\/article>\n<p>El famoso actor, luego de su breve interacci\u00f3n con la cantante argentina, habl\u00f3 de ella en una entrevista. En plena alfombra roja, el periodista<b> Mariano Ojeda le pregunt\u00f3 a Vin Diesel si pod\u00eda dejarle un mensaje para la audiencia argentina<\/b>, y sin dudarlo \u00e9l mencion\u00f3 el asombroso trabajo de Mar\u00eda Becerra en esta pel\u00edcula.<\/p>\n<figure><picture><img alt=\"Mar\u00eda Becerra, J Balvin, Ludmilla, Vin Diesel y Michelle Rodr\u00edguez en la premiere de \u201cR\u00e1pidos y Furiosos X\u201d\" class=\"lazyload block \" loading=\"lazy\" sizes=\"auto\" data-src=\"http:\/\/latecordoba.com\/wp-content\/uploads\/2023\/05\/vin-diesel-halago-el-trabajo-de-la-nena-de-argentina-maria-becerra-representa-al-pais.jpg\" width=\"1023px\" fetchpriority=\"low\" height=\"575px\"><\/picture><figcaption class>Mar\u00eda Becerra, J Balvin, Ludmilla, Vin Diesel y Michelle Rodr\u00edguez en la premiere de \u201cR\u00e1pidos y Furiosos X\u201d Foto: Web<\/figcaption><\/figure>\n<p>\u201c<b>Hace poco conoc\u00ed a Mar\u00eda Becerra<\/b>, que hace una de las canciones del <i>soundtrack<\/i>. <b>Ella es incre\u00edble, la est\u00e1 rompiendo y representa al pa\u00eds en la saga<\/b>\u201d, coment\u00f3 quien encarna a Dominic Toretto desde el 2001.<\/p>\n<figure><picture><img alt=\"Mar\u00eda Becerra y Vin Diesel en la presentaci\u00f3n de \u201cR\u00e1pidos y Furiosos X\u201d\" class=\"lazyload block \" loading=\"lazy\" sizes=\"auto\" data-src=\"http:\/\/latecordoba.com\/wp-content\/uploads\/2023\/05\/vin-diesel-halago-el-trabajo-de-la-nena-de-argentina-maria-becerra-representa-al-pais-1.jpg\" width=\"1023px\" fetchpriority=\"low\" height=\"1486px\"><\/picture><figcaption class>Mar\u00eda Becerra y Vin Diesel en la presentaci\u00f3n de \u201cR\u00e1pidos y Furiosos X\u201d Foto: Web<\/figcaption><\/figure>\n<h2 class><b>\u201cTe Cura\u201d el tema de Mar\u00eda Becerra para R\u00e1pidos y Furiosos 10<\/b><\/h2>\n<p><a href=\"https:\/\/viapais.com.ar\/urbano\/maria-becerra-revelo-la-fantasia-que-la-inspiro-a-componer-automatico-la-concrete-y-la-verdad\/\" target=\"_blank\" rel=\"noopener\"><b>Mar\u00eda Becerra<\/b><\/a> anunci\u00f3 que ser\u00eda parte del soundtrack mediante TikTok<b> <\/b>antes de la premiere de la tan esperada pel\u00edcula de acci\u00f3n y en tan solo horas se volvi\u00f3 viral. Incluso diversos usuarios le hicieron un challenge a este fragmento de la canci\u00f3n.<\/p>\n<article class=\"article card \">\n<div class=\"article-inner \">\n<div class=\"article-image \"><a href=\"https:\/\/viapais.com.ar\/streaming\/rapidos-furiosos-y-revividos-por-el-guion-todas-las-inconsistencias-de-la-saga-antes-del-estreno-de-su-decima-pelicula\/\" title=\"R\u00e1pido y Furioso\"><\/p>\n<figure><picture><img decoding=\"async\" alt=\"R\u00e1pido y Furioso\" class=\"lazyload block \" loading=\"lazy\" src=\"http:\/\/latecordoba.com\/wp-content\/uploads\/2023\/05\/vin-diesel-halago-el-trabajo-de-la-nena-de-argentina-maria-becerra-representa-al-pais.png\" sizes=\"auto\" data-src=\"https:\/\/viapais.com.ar\/resizer\/3pb24yxOoveYmhD5bg3Uy3LrJmY=\/307x173\/smart\/filters:quality(75):format(webp)\/cloudfront-us-east-1.images.arcpublishing.com\/grupoclarin\/CBI2AYRR7FG2VNGBDXHSLHZLSE.png\" width=\"307px\" fetchpriority=\"low\" height=\"173px\"><\/picture><\/figure>\n<p><\/a><\/div>\n<\/div>\n<\/article>\n<p>Aunque <b>la canci\u00f3n no sali\u00f3 oficialmente<\/b> en plataformas digitales, <b>se filtr\u00f3 un video de la presentaci\u00f3n en vivo<\/b> que hizo la Nena de Argentina y fue furor en las redes.<\/p>\n<\/section>\n<div class=\"noreadme-audima\">\n<h2>Temas Relacionados<\/h2>\n<\/div>\n","protected":false},"excerpt":{"rendered":"<p>Un crossover que hace un a\u00f1o nadie se hubiera imaginado, Vin Diesel y Mar\u00eda Becerra se conocieron en la premiere de R\u00e1pidos y Furiosos 10. Este encuentro fue ni m\u00e1s ni menos porque La Nena de Argentina es parte del soundtrack oficial de la pel\u00edcula. El famoso actor, luego de su breve interacci\u00f3n con la [&hellip;]<\/p>\n","protected":false},"author":1,"featured_media":8945,"comment_status":"closed","ping_status":"closed","sticky":false,"template":"","format":"standard","meta":[],"categories":[15],"tags":[],"_links":{"self":[{"href":"https:\/\/latecordoba.com\/index.php\/wp-json\/wp\/v2\/posts\/8944"}],"collection":[{"href":"https:\/\/latecordoba.com\/index.php\/wp-json\/wp\/v2\/posts"}],"about":[{"href":"https:\/\/latecordoba.com\/index.php\/wp-json\/wp\/v2\/types\/post"}],"author":[{"embeddable":true,"href":"https:\/\/latecordoba.com\/index.php\/wp-json\/wp\/v2\/users\/1"}],"replies":[{"embeddable":true,"href":"https:\/\/latecordoba.com\/index.php\/wp-json\/wp\/v2\/comments?post=8944"}],"version-history":[{"count":0,"href":"https:\/\/latecordoba.com\/index.php\/wp-json\/wp\/v2\/posts\/8944\/revisions"}],"wp:featuredmedia":[{"embeddable":true,"href":"https:\/\/latecordoba.com\/index.php\/wp-json\/wp\/v2\/media\/8945"}],"wp:attachment":[{"href":"https:\/\/latecordoba.com\/index.php\/wp-json\/wp\/v2\/media?parent=8944"}],"wp:term":[{"taxonomy":"category","embeddable":true,"href":"https:\/\/latecordoba.com\/index.php\/wp-json\/wp\/v2\/categories?post=8944"},{"taxonomy":"post_tag","embeddable":true,"href":"https:\/\/latecordoba.com\/index.php\/wp-json\/wp\/v2\/tags?post=8944"}],"curies":[{"name":"wp","href":"https:\/\/api.w.org\/{rel}","templated":true}]}}