{"id":8938,"date":"2023-05-16T17:14:23","date_gmt":"2023-05-16T17:14:23","guid":{"rendered":"https:\/\/elnoticierodigital.com.ar\/?p=1384807"},"modified":"2023-05-16T17:14:23","modified_gmt":"2023-05-16T17:14:23","slug":"dalma-maradona-cruzo-a-luque-con-una-fuerte-frase","status":"publish","type":"post","link":"https:\/\/latecordoba.com\/index.php\/2023\/05\/16\/dalma-maradona-cruzo-a-luque-con-una-fuerte-frase\/","title":{"rendered":"Dalma Maradona cruz\u00f3 a Luque con una fuerte frase"},"content":{"rendered":"<p> <!-- image --><\/p>\n<div class=\"td-post-featured-image\"><a href=\"https:\/\/i0.wp.com\/elnoticierodigital.com.ar\/wp-content\/uploads\/2023\/05\/1384807.jpg?fit=1052%2C665&amp;ssl=1\" data-caption><img decoding=\"async\" loading=\"lazy\" width=\"696\" height=\"440\" class=\"entry-thumb td-modal-image\" src=\"http:\/\/latecordoba.com\/wp-content\/uploads\/2023\/05\/dalma-maradona-cruzo-a-luque-con-una-fuerte-frase.jpg\" srcset=\"http:\/\/latecordoba.com\/wp-content\/uploads\/2023\/05\/dalma-maradona-cruzo-a-luque-con-una-fuerte-frase-1.jpg 1052w, http:\/\/latecordoba.com\/wp-content\/uploads\/2023\/05\/dalma-maradona-cruzo-a-luque-con-una-fuerte-frase-2.jpg 300w, http:\/\/latecordoba.com\/wp-content\/uploads\/2023\/05\/dalma-maradona-cruzo-a-luque-con-una-fuerte-frase-3.jpg 1024w, http:\/\/latecordoba.com\/wp-content\/uploads\/2023\/05\/dalma-maradona-cruzo-a-luque-con-una-fuerte-frase-4.jpg 768w, http:\/\/latecordoba.com\/wp-content\/uploads\/2023\/05\/dalma-maradona-cruzo-a-luque-con-una-fuerte-frase-5.jpg 150w, http:\/\/latecordoba.com\/wp-content\/uploads\/2023\/05\/dalma-maradona-cruzo-a-luque-con-una-fuerte-frase.jpg 696w\" sizes=\"(max-width: 696px) 100vw, 696px\" alt title=\"1384807\"><\/a><\/div>\n<p> <!-- content --><\/p>\n<article readability=\"37\">Dalma Maradona reapareci\u00f3 despu\u00e9s de mucho tiempo y volvi\u00f3 a hablar sobre la muerte de su padre y confes\u00f3 que sigue sin entender algunas cosas que pasaron. En un m\u00f3vil menos exclusiva para LAM, record\u00f3 c\u00f3mo se manejaron los especialistas y repudi\u00f3 una vez m\u00e1s a Luque.<\/p>\n<p>La hija del 10 adem\u00e1s, revel\u00f3 que sigue la causa por la muerte y que se investigan a los cuidadores y m\u00e9dicos que a pesar de que est\u00e1n acusados de mala praxis, siguen ejerciendo su profesi\u00f3n. Dalma no perdon\u00f3 lo que hizo su m\u00e9dico Leopoldo Luque, ese d\u00eda, luego de haber operado al mejor jugador de todos los tiempos:<\/p>\n<p>\u201cEl buscaba c\u00e1maras. De hecho, hay un audio en donde \u00e9l le manda un mensaje puteandome a mi a Morla, despu\u00e9s de que se acto esa foto con mi pap\u00e1 en la Cl\u00ednica en donde est\u00e1 todo vendado. Yo ah\u00ed le dije \u2018te parece esa foto\u2019. Se ve que corto conmigo y lo llamo a Morla. Es hermoso. Ese es mi tesoro. Que ellos me puteen a mi, habla de quien soy yo\u201d.<\/p>\n<p>Luego, despu\u00e9s de saber que puede llegar a cumplir entre 8 y 25 a\u00f1os de prisi\u00f3n opin\u00f3: \u201cMe parece que si no hiciste bien tu trabajo hay algo que se llama juicio. Yo tengo clar\u00edsimo qu\u00e9 pas\u00f3, pero todav\u00eda me duele y despu\u00e9s de tanto tiempo no lo puedo digerir\u201d.<\/p>\n<p>En este sentido, afirm\u00f3: \u201cA mi pap\u00e1 le pas\u00f3 algo a las siete de la ma\u00f1ana y a nosotras nos llamaron a la una. Me parece grave para la gente que atiende, porque es negligente. Por suerte hay audios que me avalan. Tanto \u00e9l como la psiquiatra\u201d.<\/p>\n<p>Finalmente, concluy\u00f3 comentando qu\u00e9 es lo que se le pasa por la cabeza cuando recuerda lo qu\u00e9 pas\u00f3: \u201cHay audios que no puedo volver a escuchar, porque me revuelven el est\u00f3mago. Hay muchas cosas que no puedo volver a escuchar. Si al principio tuve que hacerlo porque quer\u00eda ver a quienes ten\u00edamos en frente, porque claramente siempre no tuvimos nada que ver con estas personas\u201d.<\/p>\n<\/article>\n<p>Fuente: <a href=\"https:\/\/www.paparazzi.com.ar\/teve\/dalma-maradona-cruzo-al-doctor-luque-con-una-fuerte-frase-que-ellos-me-puteen-a-mi-habla-de\/\">https:\/\/www.paparazzi.com.ar\/<\/a><\/p>\n","protected":false},"excerpt":{"rendered":"<p> Dalma Maradona reapareci\u00f3 despu\u00e9s de mucho tiempo y volvi\u00f3 a hablar sobre la muerte de su padre y confes\u00f3 que sigue sin entender algunas cosas que pasaron. En un m\u00f3vil menos exclusiva para LAM, record\u00f3 c\u00f3mo se manejaron los especialistas y repudi\u00f3 una vez m\u00e1s a Luque. La hija del 10 adem\u00e1s, revel\u00f3 que sigue [&#8230;]  <\/p>\n","protected":false},"author":1,"featured_media":8939,"comment_status":"closed","ping_status":"closed","sticky":false,"template":"","format":"standard","meta":[],"categories":[14],"tags":[],"_links":{"self":[{"href":"https:\/\/latecordoba.com\/index.php\/wp-json\/wp\/v2\/posts\/8938"}],"collection":[{"href":"https:\/\/latecordoba.com\/index.php\/wp-json\/wp\/v2\/posts"}],"about":[{"href":"https:\/\/latecordoba.com\/index.php\/wp-json\/wp\/v2\/types\/post"}],"author":[{"embeddable":true,"href":"https:\/\/latecordoba.com\/index.php\/wp-json\/wp\/v2\/users\/1"}],"replies":[{"embeddable":true,"href":"https:\/\/latecordoba.com\/index.php\/wp-json\/wp\/v2\/comments?post=8938"}],"version-history":[{"count":0,"href":"https:\/\/latecordoba.com\/index.php\/wp-json\/wp\/v2\/posts\/8938\/revisions"}],"wp:featuredmedia":[{"embeddable":true,"href":"https:\/\/latecordoba.com\/index.php\/wp-json\/wp\/v2\/media\/8939"}],"wp:attachment":[{"href":"https:\/\/latecordoba.com\/index.php\/wp-json\/wp\/v2\/media?parent=8938"}],"wp:term":[{"taxonomy":"category","embeddable":true,"href":"https:\/\/latecordoba.com\/index.php\/wp-json\/wp\/v2\/categories?post=8938"},{"taxonomy":"post_tag","embeddable":true,"href":"https:\/\/latecordoba.com\/index.php\/wp-json\/wp\/v2\/tags?post=8938"}],"curies":[{"name":"wp","href":"https:\/\/api.w.org\/{rel}","templated":true}]}}