{"id":8930,"date":"2023-05-16T13:16:00","date_gmt":"2023-05-16T13:16:00","guid":{"rendered":"https:\/\/www.puntal.com.ar\/musica\/homenaje-luca-prodan-70-anos-su-nacimiento-n190991"},"modified":"2023-05-16T13:16:00","modified_gmt":"2023-05-16T13:16:00","slug":"homenaje-a-luca-prodan-a-70-anos-de-su-nacimiento","status":"publish","type":"post","link":"https:\/\/latecordoba.com\/index.php\/2023\/05\/16\/homenaje-a-luca-prodan-a-70-anos-de-su-nacimiento\/","title":{"rendered":"Homenaje a Luca Prodan a 70 a\u00f1os de su nacimiento"},"content":{"rendered":"\n<div><img decoding=\"async\" src=\"http:\/\/latecordoba.com\/wp-content\/uploads\/2023\/05\/homenaje-a-luca-prodan-a-70-anos-de-su-nacimiento.jpg\" class=\"ff-og-image-inserted\"><\/div>\n<p> Esta jornada especial que recordar\u00e1 a Luca, organizada por el Municipio y Trenes Argentinos, se realizar\u00e1 en la Estaci\u00f3n Hurlingham del Ferrocarril San Mart\u00edn, situada A. Jauretche y Ricchieri, desde las 18 horas.<\/p>\n<p>Asimismo, en el d\u00eda de su cumplea\u00f1os, se inaugurar\u00e1 una escultura de Luca realizada por el artista Alejandro Marmo. A su vez, se realizar\u00e1 un tributo a Sumo con las presentaciones de Escalada Jazztet, Kaya, C\u00e1mara S\u00e9ptica y la Orquesta T\u00edpica del Municipio de Hurlingham.<\/p>\n<p>Luca George Prodan naci\u00f3 el 17 de mayo de 1953 en la Roma, Italia. Fue hijo de un matrimonio de clase alta, padre de origen italiano y madre de origen escoses. En este \u00faltimo pa\u00eds fue donde contin\u00fao su historia, estudiando en el aristocr\u00e1tico colegio Gordonstoun.<\/p>\n<p>Una vez instalado en Inglaterra, donde pas\u00f3 parte de su juventud, abandon\u00f3 sus estudios y se dedic\u00f3 a la m\u00fasica, conformando su primera banda llamada The New Clear Heads. Fue all\u00ed donde comenz\u00f3 su adicci\u00f3n a la hero\u00edna.<\/p>\n<p>En 1979, sufri\u00f3 la p\u00e9rdida de su hermana Claudia que se suicid\u00f3. Luego de este tr\u00e1gico hecho y un coma hep\u00e1tico que casi lo mata, se asent\u00f3 en la localidad de Nono, provincia de C\u00f3rdoba.<\/p>\n<p>Su llegada a Argentina estaba relacionada a su intenci\u00f3n de escapar de su adicci\u00f3n a la hero\u00edna. Esta dr\u00e1stica decisi\u00f3n la tom\u00f3 tras ver una postal enviada por su amigo de la infancia y futuro representante de Sumo y Las Pelotas, Timmy McKern, de las sierras cordobesas.<\/p>\n<p>En 1981, conform\u00f3 Sumo junto Germ\u00e1n Daffunchio y Alejandro Sokol. En sus comienzos tocaban en peque\u00f1os bares de Buenos Aires, pero su debut fue en una discoteca de El Palomar llamada &#8220;Caroline\u00b4s Pub&#8221; en 1982.<\/p>\n<p>Tras varios cambios en cuanto a los integrantes de la banda, siendo dos de los m\u00e1s relevantes Ricardo Mollo y Roberto Petinatto, la banda se establece en Hurlingham, en la casa de la madre de Timmy.<\/p>\n<p>Finalmente, en 1987, Luca falleci\u00f3 en el barrio porte\u00f1o de San Telmo a los 34 a\u00f1os, producto de un paro card\u00edaco debido a una grave hemorragia interna causada por una cirrosis hep\u00e1tica.<\/p>\n","protected":false},"excerpt":{"rendered":"<p>\nMa\u00f1ana se realizar\u00e1 un acto en Hurlingham  <\/p>\n","protected":false},"author":1,"featured_media":8931,"comment_status":"closed","ping_status":"closed","sticky":false,"template":"","format":"standard","meta":[],"categories":[14],"tags":[],"_links":{"self":[{"href":"https:\/\/latecordoba.com\/index.php\/wp-json\/wp\/v2\/posts\/8930"}],"collection":[{"href":"https:\/\/latecordoba.com\/index.php\/wp-json\/wp\/v2\/posts"}],"about":[{"href":"https:\/\/latecordoba.com\/index.php\/wp-json\/wp\/v2\/types\/post"}],"author":[{"embeddable":true,"href":"https:\/\/latecordoba.com\/index.php\/wp-json\/wp\/v2\/users\/1"}],"replies":[{"embeddable":true,"href":"https:\/\/latecordoba.com\/index.php\/wp-json\/wp\/v2\/comments?post=8930"}],"version-history":[{"count":0,"href":"https:\/\/latecordoba.com\/index.php\/wp-json\/wp\/v2\/posts\/8930\/revisions"}],"wp:featuredmedia":[{"embeddable":true,"href":"https:\/\/latecordoba.com\/index.php\/wp-json\/wp\/v2\/media\/8931"}],"wp:attachment":[{"href":"https:\/\/latecordoba.com\/index.php\/wp-json\/wp\/v2\/media?parent=8930"}],"wp:term":[{"taxonomy":"category","embeddable":true,"href":"https:\/\/latecordoba.com\/index.php\/wp-json\/wp\/v2\/categories?post=8930"},{"taxonomy":"post_tag","embeddable":true,"href":"https:\/\/latecordoba.com\/index.php\/wp-json\/wp\/v2\/tags?post=8930"}],"curies":[{"name":"wp","href":"https:\/\/api.w.org\/{rel}","templated":true}]}}