{"id":8922,"date":"2023-05-16T09:00:12","date_gmt":"2023-05-16T09:00:12","guid":{"rendered":"https:\/\/viapais.com.ar\/cordoba\/el-clima-en-cordoba-como-estara-el-tiempo-este-martes-16-de-mayo\/"},"modified":"2023-05-16T09:00:12","modified_gmt":"2023-05-16T09:00:12","slug":"el-clima-en-cordoba-como-estara-el-tiempo-este-martes-16-de-mayo","status":"publish","type":"post","link":"https:\/\/latecordoba.com\/index.php\/2023\/05\/16\/el-clima-en-cordoba-como-estara-el-tiempo-este-martes-16-de-mayo\/","title":{"rendered":"El clima en C\u00f3rdoba: c\u00f3mo estar\u00e1 el tiempo este martes 16 de mayo"},"content":{"rendered":"\n<p><a href=\"https:\/\/viapais.com.ar\/cordoba\/el-clima-en-cordoba-como-estara-el-tiempo-este-sabado-13-de-mayo\/\" target=\"_blank\" rel=\"noopener\"><b>Los 30 grados de m\u00e1xima <\/b><\/a><b>ayer lunes le dieron una sensaci\u00f3n <\/b><a href=\"https:\/\/viapais.com.ar\/cordoba\/el-clima-en-cordoba-como-estara-el-tiempo-este-lunes-15-de-mayo\/\" target=\"_blank\" rel=\"noopener\"><b>veraniega al mayo y el oto\u00f1o cordob\u00e9s<\/b><\/a>. Y seguir\u00e1n las bondades del clima, pero con temperaturas no tan altas y un cambio repentino,, seg\u00fan anticip\u00f3 el Servicio Meteorol\u00f3gico Nacional (SMN).<\/p>\n<article class=\"article card \">\n<div class=\"article-inner \">\n<div class=\"article-image \"><a href=\"https:\/\/viapais.com.ar\/cordoba\/relato-salvaje-en-cordoba-discutieron-por-un-choque-y-uno-de-ellos-fue-apunalado-fatalmente\/\" title=\"Accidente en barrio Los Gigantes\"><\/p>\n<figure><picture><img decoding=\"async\" alt=\"Accidente en barrio Los Gigantes\" class=\"lazyload block \" loading=\"lazy\" src=\"http:\/\/latecordoba.com\/wp-content\/uploads\/2023\/05\/el-clima-en-cordoba-como-estara-el-tiempo-este-martes-16-de-mayo.png\" sizes=\"auto\" data-src=\"https:\/\/viapais.com.ar\/resizer\/DRQaZjWraN5LU-7PXy8iy5rHw_I=\/307x173\/smart\/filters:quality(75):format(webp)\/cloudfront-us-east-1.images.arcpublishing.com\/grupoclarin\/BH7QW6PWGVH75MU2GD43SSQ3TM.jpg\" width=\"307px\" fetchpriority=\"low\" height=\"173px\"><\/picture><\/figure>\n<p><\/a><\/div>\n<\/div>\n<\/article>\n<p>Para este<b> martes seguir\u00e1 el tiempo c\u00e1lido <\/b>en C\u00f3rdoba, con una temperatura m\u00ednima de 15 grados y una <b>m\u00e1xima de 25 grados<\/b>. Se espera espera un cielo algo nublado para toda la jornada. A partir de ma\u00f1ana <b>mi\u00e9rcoles, se viene el cambio<\/b> y hay anuncio de<b> lluvias para jueves y viernes.<\/b><\/p>\n<article class=\"article card \">\n<div class=\"article-inner \">\n<div class=\"article-image \"><a href=\"https:\/\/viapais.com.ar\/cordoba\/cordoba-fue-atacado-por-un-grupo-a-la-salida-de-un-baile-y-una-chica-le-salvo-la-vida-tras-hacerle-rcp\/\" title=\"Salida. El caso ocurri\u00f3 tras finalizar un baile de cuarteto. (La Voz)\"><\/p>\n<figure><picture><img decoding=\"async\" alt=\"Salida. El caso ocurri\u00f3 tras finalizar un baile de cuarteto. (La Voz)\" class=\"lazyload block \" loading=\"lazy\" src=\"http:\/\/latecordoba.com\/wp-content\/uploads\/2023\/05\/el-clima-en-cordoba-como-estara-el-tiempo-este-martes-16-de-mayo.png\" sizes=\"auto\" data-src=\"https:\/\/viapais.com.ar\/resizer\/0DBgJBe9gVEnf12ncZ_hsVx-9GI=\/307x173\/smart\/filters:quality(75):format(webp)\/cloudfront-us-east-1.images.arcpublishing.com\/grupoclarin\/OCT5ZR4ENBCGDMOMBGRL7WJHFY.jpg\" width=\"307px\" fetchpriority=\"low\" height=\"173px\"><\/picture><\/figure>\n<p><\/a><\/div>\n<\/div>\n<\/article>\n<h2 class><b>EL PRON\u00d3STICO EXTENDIDO<\/b><\/h2>\n<ul>\n<li><span><b>Mi\u00e9rcoles:<\/b> mayor a parcialmente nublado, m\u00ednima 15 grados, m\u00e1xima 24 grados.<\/span><\/li>\n<li><span><b>Jueves:<\/b> nublado, m\u00ednima 16 grados, m\u00e1xima 23. Probabilidad de lluvias aisladas para la madrugada.<\/span><\/li>\n<li><span><b>Viernes: <\/b>nublado, m\u00ednima 14 grados, m\u00e1xima 20 grados. Lluvias aisladas para la tarde y noche.<\/span><\/li>\n<li><span><b>S\u00e1bado:<\/b> parcialmente nublado, m\u00ednima 16 grados, m\u00e1xima 20 grados.<\/span><\/li>\n<li><span><b>Domingo:<\/b> mayor a parcialmente nublado, m\u00ednima 11 grados, m\u00e1xima 18 grados.<\/span><\/li>\n<\/ul>\n","protected":false},"excerpt":{"rendered":"<p>Los 30 grados de m\u00e1xima ayer lunes le dieron una sensaci\u00f3n veraniega al mayo y el oto\u00f1o cordob\u00e9s. Y seguir\u00e1n las bondades del clima, pero con temperaturas no tan altas y un cambio repentino,, seg\u00fan anticip\u00f3 el Servicio Meteorol\u00f3gico Nacional (SMN). Para este martes seguir\u00e1 el tiempo c\u00e1lido en C\u00f3rdoba, con una temperatura m\u00ednima de [&hellip;]<\/p>\n","protected":false},"author":1,"featured_media":8923,"comment_status":"closed","ping_status":"closed","sticky":false,"template":"","format":"standard","meta":[],"categories":[15],"tags":[],"_links":{"self":[{"href":"https:\/\/latecordoba.com\/index.php\/wp-json\/wp\/v2\/posts\/8922"}],"collection":[{"href":"https:\/\/latecordoba.com\/index.php\/wp-json\/wp\/v2\/posts"}],"about":[{"href":"https:\/\/latecordoba.com\/index.php\/wp-json\/wp\/v2\/types\/post"}],"author":[{"embeddable":true,"href":"https:\/\/latecordoba.com\/index.php\/wp-json\/wp\/v2\/users\/1"}],"replies":[{"embeddable":true,"href":"https:\/\/latecordoba.com\/index.php\/wp-json\/wp\/v2\/comments?post=8922"}],"version-history":[{"count":0,"href":"https:\/\/latecordoba.com\/index.php\/wp-json\/wp\/v2\/posts\/8922\/revisions"}],"wp:featuredmedia":[{"embeddable":true,"href":"https:\/\/latecordoba.com\/index.php\/wp-json\/wp\/v2\/media\/8923"}],"wp:attachment":[{"href":"https:\/\/latecordoba.com\/index.php\/wp-json\/wp\/v2\/media?parent=8922"}],"wp:term":[{"taxonomy":"category","embeddable":true,"href":"https:\/\/latecordoba.com\/index.php\/wp-json\/wp\/v2\/categories?post=8922"},{"taxonomy":"post_tag","embeddable":true,"href":"https:\/\/latecordoba.com\/index.php\/wp-json\/wp\/v2\/tags?post=8922"}],"curies":[{"name":"wp","href":"https:\/\/api.w.org\/{rel}","templated":true}]}}