{"id":8920,"date":"2023-05-15T20:58:52","date_gmt":"2023-05-15T20:58:52","guid":{"rendered":"https:\/\/www.eldiariodeturismo.com.ar\/?p=229929"},"modified":"2023-05-15T20:58:52","modified_gmt":"2023-05-15T20:58:52","slug":"con-circuitos-tematicos-y-la-gastronomia-como-atractivo-la-ciudad-de-buenos-aires-lanza-el-finde-del-turismo","status":"publish","type":"post","link":"https:\/\/latecordoba.com\/index.php\/2023\/05\/15\/con-circuitos-tematicos-y-la-gastronomia-como-atractivo-la-ciudad-de-buenos-aires-lanza-el-finde-del-turismo\/","title":{"rendered":"Con circuitos tem\u00e1ticos y la gastronom\u00eda como atractivo la ciudad de Buenos Aires lanza \u00abEl Finde del Turismo\u00bb"},"content":{"rendered":"<br \/>\n<h5 dir=\"ltr\"><strong><span>Durante dos jornadas consecutivas, la Ciudad exhibir\u00e1 sus atractivos para turistas y vecinos.<\/span><\/strong><\/h5>\n<h3 dir=\"ltr\"><\/h3>\n<p dir=\"ltr\"><strong>El s\u00e1bado 20 y el domingo 21 de mayo se llevar\u00e1 adelante en la Ciudad de Buenos Aires la primera edici\u00f3n de \u201cEl Finde del Turismo\u201d<\/strong>,&nbsp;en el que se desarrollar\u00e1n recorridos especiales y actividades gratuitas en horarios extendidos. Con la gastronom\u00eda como eje transversal y los circuitos guiados como principal atractivo, esta nueva propuesta busca poner en valor tanto la oferta tradicional como los lugares emergentes de la Ciudad.<\/p>\n<p dir=\"ltr\"><b>&nbsp;<\/b><\/p>\n<p dir=\"ltr\">Durante todo el fin de semana habr\u00e1 descuentos en diferentes propuestas gastron\u00f3micas y&nbsp;<strong>los viajes en todas las l\u00edneas de subtes ser\u00e1n gratuitos<\/strong>&nbsp;desde las 19 h hasta el cierre del servicio. Se puede acceder a la informaci\u00f3n completa del evento en&nbsp;<a href=\"http:\/\/turismo.buenosaires.gob.ar\/FindeDelTurismo\" target=\"_blank\" rel=\"noopener\" data-saferedirecturl=\"https:\/\/www.google.com\/url?q=http:\/\/turismo.buenosaires.gob.ar\/FindeDelTurismo&amp;source=gmail&amp;ust=1684258115391000&amp;usg=AOvVaw1kOoea5wCj6JMr8rIirel5\">turismo.buenosaires.gob.ar\/<wbr>FindeDelTurismo<\/a>.<\/p>\n<p dir=\"ltr\"><b>&nbsp;<\/b><\/p>\n<p dir=\"ltr\">\u201cTrabajamos permanentemente en desarrollar nuevas propuestas, as\u00ed como tambi\u00e9n en posicionar la oferta tur\u00edstica tradicional y emergente de la Ciudad.&nbsp;<strong>El Finde del Turismo representa una oportunidad para visibilizar la inmensa oferta y potenciar la promoci\u00f3n de circuitos emergentes en la Ciudad<\/strong>,&nbsp;poniendo a disposici\u00f3n de turistas y vecinos una amplia variedad de opciones para disfrutar de un destino que se renueva de manera constante\u201d, asever\u00f3&nbsp;<strong>Lucas Delfino, presidente del Ente de Turismo de la Ciudad de Buenos Aires.<\/strong><\/p>\n<p dir=\"ltr\"><b>&nbsp;<\/b><\/p>\n<p dir=\"ltr\">Esta iniciativa deriva de la ya conocida Noche del Turismo, que tuvo dos exitosas ediciones durante 2022, A partir de la gran convocatoria de ambos eventos, desde el Ente de Turismo de la Ciudad de Buenos Aires se decidi\u00f3 extender el encuentro a lo largo de dos jornadas completas para que vecinos y turistas nacionales e internacionales puedan disfrutar de los atractivos del destino.<\/p>\n<h4 dir=\"ltr\"><b>&nbsp;<\/b><\/h4>\n<h6 dir=\"ltr\"><strong>La Noche del Turismo: los antecedentes<\/strong><\/h6>\n<p dir=\"ltr\"><b>&nbsp;<\/b><\/p>\n<p dir=\"ltr\">La primera edici\u00f3n de la Noche del Turismo, que se desarroll\u00f3 el 14 de mayo, cont\u00f3 con&nbsp;<strong>una ocupaci\u00f3n plena en todos los circuitos que se habilitaron para el evento y miles de personas en cada show cultural masivo en vivo<\/strong>.&nbsp;Adem\u00e1s, participaron del evento m\u00e1s de 200 locales gastron\u00f3micos, 3 embajadas, 8 museos y templos y 40 hoteles.<\/p>\n<p dir=\"ltr\"><b>&nbsp;<\/b><\/p>\n<p dir=\"ltr\">Seg\u00fan datos relevados por el Observatorio del Ente de Turismo, el 57% de las personas que asistieron a los distintos circuitos fueron residentes de la Ciudad, aunque tambi\u00e9n se registraron visitantes provenientes del Gran Buenos Aires, Tucum\u00e1n, Santa Fe y C\u00f3rdoba.<strong>&nbsp;Adem\u00e1s, tambi\u00e9n participaron turistas internacionales y los principales mercados fueron Brasil, Chile, Colombia y Venezuela.&nbsp;<\/strong><\/p>\n<p dir=\"ltr\"><b>&nbsp;<\/b><\/p>\n<p dir=\"ltr\">Por su parte, en la segunda edici\u00f3n del encuentro, que se celebr\u00f3 el 8 de octubre, en el marco del fin de semana largo por el D\u00eda del Respeto a la Diversidad Cultural,<strong>&nbsp;la capital nacional recibi\u00f3 m\u00e1s de 95 mil turistas nacionales e internacionales<\/strong>.&nbsp;La propuesta consisti\u00f3 en cuatro circuitos tem\u00e1ticos guiados, tres shows art\u00edsticos, paseos gratuitos en catamar\u00e1n, acceso libre al Bus Tur\u00edstico y beneficios en locales gastron\u00f3micos.<\/p>\n<p dir=\"ltr\"><b>&nbsp;<\/b><\/p>\n<p dir=\"ltr\">En esta \u00faltima entrega,&nbsp;<strong>el n\u00famero de asistentes super\u00f3 al del mismo fin de semana pero de 2019, cuando arribaron a la Ciudad m\u00e1s de 91 mil visitantes nacionales e internacionales<\/strong>.&nbsp;Adem\u00e1s, se estim\u00f3 una ocupaci\u00f3n hotelera del 84% y un impacto econ\u00f3mico superior a los $3.442 millones.<\/p>\n<h4 dir=\"ltr\"><b>&nbsp;<\/b><\/h4>\n<h6 dir=\"ltr\"><strong>Cronograma de actividades de \u201cEl finde del Turismo\u201d:<\/strong><\/h6>\n<p dir=\"ltr\"><b>&nbsp;<\/b><\/p>\n<p dir=\"ltr\"><strong>S\u00e1bado 20 de mayo:<\/strong><\/p>\n<p dir=\"ltr\"><strong>Circuitos futboleros<\/strong><\/p>\n<ul>\n<li dir=\"ltr\">\n<p dir=\"ltr\">10, 11 y 12 h.<strong>&nbsp;Circuito guiado \u201cMurales futboleros\u201d en el barrio de La Paternal.<\/strong>&nbsp;El punto de encuentro es el Mural \u201cEl rastrojero de don Yayo\u201d (Av. \u00c1lvarez Jonte y Gavil\u00e1n) y finaliza en una visita al museo de Argentinos Juniors (con 30% de descuento).<\/p>\n<\/li>\n<li dir=\"ltr\">\n<p dir=\"ltr\">15, 16 y 17 h.&nbsp;<strong>Circuito guiado \u201cRecuerdos de un \u00eddolo\u201d por el barrio de Villa Devoto<\/strong>,&nbsp;en el que se encuentran inmortalizados algunos recuerdos poco conocidos del mayor \u00eddolo de Diego Maradona. El punto de encuentro es Caf\u00e9 Garc\u00eda&nbsp; (Sanabria 3302). Al finalizar podr\u00e1n disfrutar de la \u201cFeria del Distrito del Vino\u201d en Plaza Arenales (Mercedes 4085).<\/p>\n<\/li>\n<li dir=\"ltr\">\n<p dir=\"ltr\">18 y 19 h.&nbsp;<strong>Circuito guiado teatralizado \u201cHistorias que dej\u00f3 el mundial\u201d en Belgrano<\/strong>,&nbsp;haciendo un recorrido que inicia en Blanco Encalada 800 (esquina Ramsay) por los recuerdos, ca\u00ecbalas y ane\u00eccdotas de un hincha que cumplio\u00ec el suen\u00deo de ver a la Selecci\u00f3n Argentina ganar el Mundial en 2022.<\/p>\n<\/li>\n<\/ul>\n<p dir=\"ltr\"><b>&nbsp;<\/b><\/p>\n<p dir=\"ltr\"><strong>Circuitos hist\u00f3ricos<\/strong><\/p>\n<ul>\n<li dir=\"ltr\">\n<p dir=\"ltr\">10, 11 y 12 h.&nbsp;<strong>Visita guiada al Mercado de los Carruajes,&nbsp;en Retiro<\/strong>,&nbsp;comenzando en Galer\u00edas Pacifico (Avenida C\u00f3rdoba y Florida). El recorrido contar\u00e1 con la participaci\u00f3n art\u00edstica de Camilo Verga a las 13:30 h.<\/p>\n<\/li>\n<li dir=\"ltr\">\n<p dir=\"ltr\">15, 16 y 17 h.&nbsp;<strong>Circuito guiado\u201cEvoluci\u00f3n del transporte\u201d en Caballito.<\/strong>&nbsp;El recorrido, que inicia en la plaza Primera Junta, permitir\u00e1 apreciar el \u00abbarrio ingl\u00e9s\u00bb y adentrarse en el Mercado del Progreso para conocer las an\u00e9cdotas del tranv\u00eda que supo convertirse en un museo en movimiento.<\/p>\n<\/li>\n<li dir=\"ltr\">\n<p dir=\"ltr\">17, 18 y 19 h.&nbsp;<strong>Circuito fotogr\u00e1fico por el barrio de San Telmo<\/strong>, que comenzar\u00e1 en la plaza Dorrego. Estar\u00e1n acompa\u00f1ados por un gu\u00eda y fot\u00f3grafo profesional para recorrer esta zona emblem\u00e1tica de la Ciudad.<\/p>\n<\/li>\n<\/ul>\n<p dir=\"ltr\"><b>&nbsp;<\/b><\/p>\n<p dir=\"ltr\"><strong>Circuitos art\u00edsticos<\/strong><\/p>\n<ul>\n<li dir=\"ltr\">\n<p dir=\"ltr\">14, 15 y 16 h.&nbsp;<strong>Circuito guiado alternativo por La Boca<\/strong>,&nbsp;repasando las obras de los artistas emergentes del barrio, finalizando con un acceso con descuento al \u201cCol\u00f3n F\u00e1brica\u201d para aquellos que lleguen a la boleter\u00eda con pulsera identificatoria de la visita guiada. El precio promocional ser\u00e1 de $450.<\/p>\n<\/li>\n<li dir=\"ltr\">\n<p dir=\"ltr\">10 y 11 h.&nbsp;<strong>Circuito guiado teatralizado \u201cViaje fant\u00e1stico a la vida bohemia del 1900\u201d en Boedo<\/strong>&nbsp;que comienza en la esquina Homero Manzi (Av. San Juan y Av. Boedo) para dar a conocer los lugares ma\u00ecs representativos, donde la pla\u00ecstica, el teatro, el circo, la literatura, el tango y la vida deportiva, convirtieron al barrio en pionero del arte popular.<\/p>\n<\/li>\n<li dir=\"ltr\">\n<p dir=\"ltr\">16, 17 y 18 h.<strong>&nbsp;Visita guiada al Edificio Cassar\u00e1, en Monserrat<\/strong>, donde funciona uno de los Institutos de la Fundaci\u00f3n Cassar\u00e1 y AreaTec. Actualmente se lleva a cabo la muestra \u00abOCIO\u00bb en la que los artistas Marcella Casal, Gast\u00f3n Bejarano, Soledad Miguens y Adriana Cervi\u00f1o, exponen diversas obras que se podr\u00e1n descubrir a lo largo del recorrido. Al finalizar, tendr\u00e1 lugar una activaci\u00f3n art\u00edstica a cargo de \u201cUniverso Danza\u201d.<\/p>\n<\/li>\n<\/ul>\n<figure id=\"attachment_229935\" aria-describedby=\"caption-attachment-229935\" class=\"wp-caption aligncenter\"><img decoding=\"async\" loading=\"lazy\" class=\"wp-image-229935 size-full\" src=\"http:\/\/latecordoba.com\/wp-content\/uploads\/2023\/05\/con-circuitos-tematicos-y-la-gastronomia-como-atractivo-la-ciudad-de-buenos-aires-lanza-el-finde-del-turismo.jpg\" alt width=\"500\" height=\"333\" srcset=\"http:\/\/latecordoba.com\/wp-content\/uploads\/2023\/05\/con-circuitos-tematicos-y-la-gastronomia-como-atractivo-la-ciudad-de-buenos-aires-lanza-el-finde-del-turismo.jpg 500w, https:\/\/www.eldiariodeturismo.com.ar\/wp-content\/uploads\/2023\/05\/Legislatura-Portena-ext-300x200.jpg 300w\" sizes=\"(max-width: 500px) 100vw, 500px\"><figcaption id=\"caption-attachment-229935\" class=\"wp-caption-text\">Legislatura Porte\u00f1a<\/figcaption><\/figure>\n<h5 dir=\"ltr\"><b>&nbsp;<\/b><\/h5>\n<p dir=\"ltr\"><strong>Domingo 21 de mayo:<\/strong><\/p>\n<p dir=\"ltr\">Circuitos futboleros<\/p>\n<ul>\n<li dir=\"ltr\">\n<p dir=\"ltr\">10, 11 y 12 h.&nbsp;<strong>Circuito guiado \u201cAstros del f\u00fatbol\u201d en la zona de Palermo Soho,<\/strong>&nbsp;con punto de encuentro en Armenia y Nicaragua (Plaza Inmigrantes de Armenia),&nbsp;recorriendo el arte urbano del barrio donde se ven reflejados algunos referentes de la Selecci\u00f3n Argentina como Lionel Messi, Diego Maradona y Emiliano \u201cDibu\u201d Mart\u00ednez.<\/p>\n<\/li>\n<li dir=\"ltr\">\n<p dir=\"ltr\">15:30 y 17 h.&nbsp;<strong>Circuito teatralizado \u201cTres copas, tres leyendas\u201d en el barrio de San Nicol\u00e1s&nbsp;<\/strong>para conocer la historia de las participaciones de la Selecci\u00f3n Argentina en los Mundiales. Desde el punto de encuentro en Lavalle y 25 de Mayo, un gui\u00eca de turismo, un experimentado relator de f\u00fatbol y una hinchada bullanguera sera\u00ecn los encargados de transportar a los visitantes a trave\u00ecs del tiempo.<\/p>\n<\/li>\n<li dir=\"ltr\">\n<p dir=\"ltr\">18 y 19 h.&nbsp;<strong>Circuito guiado \u201cRecorriendo el barrio de un \u00eddolo\u201d en Villa Devoto<\/strong>,&nbsp;recorriendo el barrio en el que vivi\u00f3 Diego Maradona, uno de los mayores exponentes del f\u00fatbol argentino. Con punto de partida en la Plaza Arenales (Mercedes 4058), el recorrido visitar\u00e1 algunos de los atractivos tur\u00edsticos relacionados con el \u00eddolo.<\/p>\n<\/li>\n<\/ul>\n<p dir=\"ltr\"><b>&nbsp;<\/b><\/p>\n<p dir=\"ltr\"><strong>Circuitos hist\u00f3ricos<\/strong><\/p>\n<ul>\n<li dir=\"ltr\">\n<p dir=\"ltr\">10 y 11 h.&nbsp;<strong>Circuito guiado teatralizado \u201cLa Plaza de la Victoria y sus primeros vecinos\u201d en Monserrat.<\/strong>&nbsp;Con punto de partida en el monumento a Juan de Garay, junto a la Casa Rosada, el recorrido a cargo de tres gu\u00edas y dos m\u00fasicos revivir\u00e1 la historia de la primera plaza de la ciudad (actual Plaza de Mayo), recreando las costumbres e ideales de los personajes que transitaron por ella en los momentos ma\u00ecs relevantes del pasado de la Patria.<\/p>\n<\/li>\n<li dir=\"ltr\">\n<p dir=\"ltr\">14, 15, 16, y 17 h.&nbsp;<strong>Visita guiada a la Legislatura Porte\u00f1a en Monserrat&nbsp;<\/strong>junto a su biblioteca ic\u00f3nica con el fin de conocer la historia pol\u00edtica de la Ciudad.<\/p>\n<\/li>\n<li dir=\"ltr\">\n<p dir=\"ltr\">17, 18 y 19 h.&nbsp;<strong>Circuito guiado fotogr\u00e1fico por el barrio de San Nicol\u00e1s.<\/strong>&nbsp;con punto de partida en el Mirador del Obelisco \u2013 Escalinatas (Av. Pres. Roque S\u00e1enz Pe\u00f1a 1124). El recorrido buscar\u00e1 capturar las mejores postales arquitect\u00f3nicas que ofrece el barrio y que conforman el patrimonio hist\u00f3rico tanto de la Ciudad como del pa\u00eds.<\/p>\n<\/li>\n<\/ul>\n<p dir=\"ltr\"><b>&nbsp;<\/b><\/p>\n<p dir=\"ltr\"><strong>Circuitos art\u00edsticos<\/strong><\/p>\n<ul>\n<li dir=\"ltr\">\n<p dir=\"ltr\">10 y 11:30 h.<strong>&nbsp;Circuito guiado \u201cMisterios de la Moda Argentina\u201d en Recoleta.<\/strong>&nbsp;El recorrido, que comienza en Jun\u00edn 1930, con una teatralizaci\u00f3n sobre los misterios de la moda argentina. Este circuito llevar\u00e1 a los visitantes a recorrer algunas de las zonas m\u00e1s interesantes de la ciudad en t\u00e9rminos de moda y arte.<\/p>\n<\/li>\n<li dir=\"ltr\">\n<p dir=\"ltr\">12 y 14 h.&nbsp;<strong>Visitas guiadas inclusivas para personas con discapacidad en Monserrat.<\/strong>&nbsp;El recorrido incluye los principales atractivos del Casco Hist\u00f3rico, tratando de integrar, incluir y hacer accesible a la Ciudad con un circuito que comienza con el plano h\u00e1ptico del BAM (Buenos Aires Museo), para continuar y finalizar en la Plaza de Mayo.<\/p>\n<\/li>\n<li dir=\"ltr\">\n<p dir=\"ltr\">18 h.&nbsp;<strong>Visita preferencial a Tango Porte\u00f1o en San Nicol\u00e1s<\/strong>&nbsp;que consiste en un recorrido en el tiempo por los gloriosos a\u00f1os en los que se respiraba y disfrutaba tango en todos los rincones de la ciudad. La propuesta Incluye la experiencia en un espacio maravilloso donde viven y conviven las grandes orquestas de Canaro, Fresedo, Piazzolla, De Caro, Gobbi, Biagi, De Angelis, Di Sarli, D\u2019Arienzo, Lomuto, D\u2019Agostino y por supuesto los inolvidables Troilo y Pugliese.<\/p>\n<\/li>\n<\/ul>\n<p dir=\"ltr\"><b>&nbsp;<\/b><\/p>\n<p dir=\"ltr\"><strong>Paseos<\/strong><\/p>\n<ul>\n<li dir=\"ltr\">\n<p dir=\"ltr\">Todo el fin de semana de 9 a 21 h los<strong>&nbsp;Buses Tur\u00edsticos&nbsp;<\/strong>de Buenos Aires Bus y Buenos Aires City Bus operar\u00e1n a un precio promocional de $3000 para nacionales. De esta manera, los visitantes podr\u00e1n subir en cualquier parada del recorrido con el ticket adquirido a trav\u00e9s de las direcciones web de ambas empresas.<\/p>\n<\/li>\n<li dir=\"ltr\">\n<p dir=\"ltr\">El s\u00e1bado 20 de 13 a 18 h, la empresa&nbsp;<strong>Humberto M<\/strong>,&nbsp;que ofrece paseos por el r\u00edo, pondr\u00e1 a disposici\u00f3n un 20% de descuento en la propuesta de \u201calmuerzo + navegaci\u00f3n\u201d (13:00 a 15:30 h) y en la propuesta de \u201csunset + open bar\u201d (16:30 a 18:30 h). Para acceder a la promoci\u00f3n habr\u00e1 que hacer las reservas al siguiente Whatsapp: +5491163832972.<\/p>\n<\/li>\n<li dir=\"ltr\">\n<p dir=\"ltr\">El s\u00e1bado 20 de 9 a 17 h,&nbsp;<strong>Sturla&nbsp;<\/strong>ofrecer\u00e1 un 2\u00d71 en el paseo n\u00e1utico \u201cPostales de Buenos Aires\u201d&nbsp; comprando los tickets en la boleter\u00eda de Cecilia Grierson 400 (menores de 6 a\u00f1os no pagan).<\/p>\n<\/li>\n<\/ul>\n<figure id=\"attachment_229937\" aria-describedby=\"caption-attachment-229937\" class=\"wp-caption aligncenter\"><img decoding=\"async\" loading=\"lazy\" class=\"wp-image-229937 size-full\" src=\"http:\/\/latecordoba.com\/wp-content\/uploads\/2023\/05\/con-circuitos-tematicos-y-la-gastronomia-como-atractivo-la-ciudad-de-buenos-aires-lanza-el-finde-del-turismo-1.jpg\" alt width=\"500\" height=\"334\" srcset=\"http:\/\/latecordoba.com\/wp-content\/uploads\/2023\/05\/con-circuitos-tematicos-y-la-gastronomia-como-atractivo-la-ciudad-de-buenos-aires-lanza-el-finde-del-turismo-4.jpg 500w, https:\/\/www.eldiariodeturismo.com.ar\/wp-content\/uploads\/2023\/05\/Galerias-Pacifico-300x200.jpg 300w\" sizes=\"(max-width: 500px) 100vw, 500px\"><figcaption id=\"caption-attachment-229937\" class=\"wp-caption-text\">Galerias Pacifico<\/figcaption><\/figure>\n<h5 dir=\"ltr\"><b>&nbsp;<\/b><\/h5>\n<p dir=\"ltr\"><strong>Patios y terrazas de Buenos Aires<\/strong><\/p>\n<p dir=\"ltr\">Todo el fin de semana, los patios y mercados adheridos al Fin de Semana del Turismo tendr\u00e1n beneficios en men\u00fa y descuentos para comer y comprar productos. En algunos de ellos habr\u00e1 activaciones art\u00edsticas.<\/p>\n<ul>\n<li dir=\"ltr\">\n<p dir=\"ltr\"><strong>Mercado de San Nicol\u00e1s<\/strong>&nbsp;(Av. C\u00f3rdoba 1750, horario 11 a 24h \u2013 intervenci\u00f3n art\u00edstica de \u201cBrass Ensamble\u201d el s\u00e1bado 20 de mayo a las 19 h.).<\/p>\n<\/li>\n<li dir=\"ltr\">\n<p dir=\"ltr\"><strong>Mercado de Belgrano<\/strong>&nbsp;(Juramento 2527, horario 8 a 24 h \u2013 intervenci\u00f3n art\u00edstica ROLLING BRASS ENSAMBLE el s\u00e1bado 20 de mayo a las 21:30 h).<\/p>\n<\/li>\n<li dir=\"ltr\">\n<p dir=\"ltr\"><strong>Mercado de Bonpland&nbsp;<\/strong>(Bonpland 1660, s\u00e1bado de 10 a 20 hs).<\/p>\n<\/li>\n<\/ul>\n<h5 dir=\"ltr\"><b>&nbsp;<\/b><\/h5>\n<p dir=\"ltr\">Algunos de los rooftops m\u00e1s reconocidos de la Ciudad de Buenos Aires tendr\u00e1n una programaci\u00f3n especial durante el s\u00e1bado 20 de mayo.<\/p>\n<ul>\n<li dir=\"ltr\">\n<p dir=\"ltr\">El&nbsp;<strong>Mirador Plaza de Mayo&nbsp;<\/strong>(piso 8 del Pasaje Roverano) tendr\u00e1 horario extendido de 15 a 20 h con un costo de $2800 por persona en la visita guiada + men\u00fa especial. Las reservas se realizan a trav\u00e9s de la cuenta de Instagram @rooftopplazademayo.<\/p>\n<\/li>\n<li dir=\"ltr\">\n<p dir=\"ltr\">De 16 a 20 h,<strong>&nbsp;Olympo Sky Bar<\/strong>&nbsp;(Av. Corrientes 1464, piso 31) ofrecer\u00e1 el brunch (caf\u00e9 o jugo o trago con medialuna, scon de queso, cuadradito de torta) por un valor de $3.000. Adem\u00e1s, De 18 a 20 h se ofrecer\u00e1 el men\u00fa after office (d\u00fao de empanadas de carne o canastas de papas fritas o croquetas de espinaca por $2.000, opci\u00f3n con verm\u00fa o gin tonic por $3.000). Estas propuestas van a estar acompa\u00f1adas por m\u00fasica con dj en vivo.<\/p>\n<\/li>\n<\/ul>\n<figure id=\"attachment_229939\" aria-describedby=\"caption-attachment-229939\" class=\"wp-caption aligncenter\"><img decoding=\"async\" loading=\"lazy\" class=\"wp-image-229939 size-full\" src=\"http:\/\/latecordoba.com\/wp-content\/uploads\/2023\/05\/con-circuitos-tematicos-y-la-gastronomia-como-atractivo-la-ciudad-de-buenos-aires-lanza-el-finde-del-turismo-2.jpg\" alt width=\"500\" height=\"333\" srcset=\"http:\/\/latecordoba.com\/wp-content\/uploads\/2023\/05\/con-circuitos-tematicos-y-la-gastronomia-como-atractivo-la-ciudad-de-buenos-aires-lanza-el-finde-del-turismo-5.jpg 500w, https:\/\/www.eldiariodeturismo.com.ar\/wp-content\/uploads\/2023\/05\/parque-centenario-lago-300x200.jpg 300w\" sizes=\"(max-width: 500px) 100vw, 500px\"><figcaption id=\"caption-attachment-229939\" class=\"wp-caption-text\">Parque Centenario<\/figcaption><\/figure>\n<p dir=\"ltr\"><b>&nbsp;<\/b><\/p>\n<p dir=\"ltr\"><strong>Shows y experiencia inmersivas<\/strong><\/p>\n<ul>\n<li dir=\"ltr\">\n<p dir=\"ltr\">El s\u00e1bado 20 de mayo se presentar\u00e1&nbsp;<strong>Grupo Play<\/strong>&nbsp;en Av. del Libertador y Austria (Recoleta) desde las 21:30 h (telonero: Villa Diamante).<\/p>\n<\/li>\n<li dir=\"ltr\">\n<p dir=\"ltr\">El domingo 21 de mayo a las 20, 21 y 22 h se realizar\u00e1 en Bolivia 1, (Monserrat) el&nbsp;<strong>show de mapping \u00abCampeones del mundo\u00bb&nbsp;<\/strong>sobre los festejos del Mundial 2022.<\/p>\n<\/li>\n<li dir=\"ltr\">\n<p dir=\"ltr\">El s\u00e1bado 20 el&nbsp;<strong>Planetario&nbsp;<\/strong>ofrecer\u00e1 a las 17, 17:30 y 18:30 recorridos por las instalaciones y una proyecci\u00f3n de manera gratuita. La propuesta se repetir\u00e1 el domingo 21 a las 12, 12:30 y 13:30 h.<\/p>\n<\/li>\n<li dir=\"ltr\">\n<p dir=\"ltr\">El s\u00e1bado 20 en el Anfiteatro del Parque Centenario (Leopoldo Marechal 832, Caballito), habr\u00e1 un&nbsp;<strong>show de m\u00fasica urbana.<\/strong> De 19:30 a 20 h se presentar\u00e1 La boombap, de 20 a 20.40, MCH El Markuzi y&nbsp;cerrar\u00e1 Flor G\u00f3mez de 20:50 a 21:30 h. .<\/p>\n<\/li>\n<\/ul>\n<figure id=\"attachment_229938\" aria-describedby=\"caption-attachment-229938\" class=\"wp-caption aligncenter\"><img decoding=\"async\" loading=\"lazy\" class=\"wp-image-229938 size-full\" src=\"http:\/\/latecordoba.com\/wp-content\/uploads\/2023\/05\/con-circuitos-tematicos-y-la-gastronomia-como-atractivo-la-ciudad-de-buenos-aires-lanza-el-finde-del-turismo-3.jpg\" alt width=\"500\" height=\"335\" srcset=\"http:\/\/latecordoba.com\/wp-content\/uploads\/2023\/05\/con-circuitos-tematicos-y-la-gastronomia-como-atractivo-la-ciudad-de-buenos-aires-lanza-el-finde-del-turismo-6.jpg 500w, https:\/\/www.eldiariodeturismo.com.ar\/wp-content\/uploads\/2023\/05\/Las-Violetas-300x201.jpg 300w\" sizes=\"(max-width: 500px) 100vw, 500px\"><figcaption id=\"caption-attachment-229938\" class=\"wp-caption-text\">Confiter\u00eda Las Violetas<\/figcaption><\/figure>\n<p dir=\"ltr\"><b>&nbsp;<\/b><\/p>\n<p dir=\"ltr\"><strong>Actividades destacadas<\/strong><\/p>\n<ul>\n<li dir=\"ltr\">\n<p dir=\"ltr\">El s\u00e1bado 20 desde las 12 h se llevar\u00e1 adelante la&nbsp;<strong>Feria del Distrito del Vino en Plaza Arenales (Mercedes 4058, Devoto).<\/strong> El evento contar\u00e1 con la presencia de las m\u00e1s destacadas bodegas de Argentina en 35 stands exclusivos y 5 puestos de vinotecas del Distrito. El p\u00fablico podr\u00e1 conocer y degustar vinos de diferentes bodegas en consumo \u00abpor copa\u00bb. As\u00ed tambi\u00e9n se presentar\u00e1 una propuesta gastron\u00f3mica compuesta por varios de los restaurantes m\u00e1s importantes que se encuentran sobre la plaza, con mesas sobre las calles. Tambi\u00e9n habr\u00e1 un patio gastron\u00f3mico montado en la esquina de Nueva York y Mercedes con la presencia de puestos de restaurantes de la zona del Distrito que no se encuentran sobre la plaza. En referencia a contenidos y experiencias, habr\u00e1 un escenario que ofrecer\u00e1 charlas did\u00e1cticas, catas guiadas, contenidos interactivos con el p\u00fablico y entrevistas a en\u00f3logos. En el mismo escenario se suceder\u00e1n diversos shows musicales para amenizar la tarde y noche de la Feria.<\/p>\n<\/li>\n<li dir=\"ltr\">\n<p dir=\"ltr\">Los<strong>&nbsp;bares notables<\/strong>&nbsp;adheridos tendr\u00e1n un beneficio especial y en algunos de ellos habr\u00e1 activaciones art\u00edsticas a modo de sorpresa:<strong> Caf\u00e9 Margot<\/strong> (Av. Boedo 857), <strong>Bar El Federal<\/strong> (Carlos Calvo 599), <strong>Bar de CAO<\/strong> (Av. Independencia 2400), <strong>Caf\u00e9 la Poes\u00eda<\/strong> (Chile 502),&nbsp;&nbsp;<strong>Bar La Biela<\/strong> (Av. Presidente Manuel Quintana 596),<strong> El viejo Buz\u00f3n<\/strong> (Neuqu\u00e9n 1100), <strong>Celta Bar<\/strong> (Sarmiento 1701),<strong> Caf\u00e9 Cort\u00e1zar<\/strong> (Jos\u00e9 A. Cabrera 3797), <strong>Rotiser\u00eda\/bar Miramar<\/strong> (Av. San Juan 1999), <strong>Confiter\u00eda Las Violetas<\/strong> (Av. Rivadavia 3899), <strong>La Puerto Rico<\/strong> (Adolfo Alsina 416),<strong> Bar Cabildo de Buenos Aires<\/strong> (Per\u00fa 86), La Giralda (Av. Corrientes 1453), <strong>Caf\u00e9 La \u00d3pera<\/strong> (Av. Corrientes 1799), <strong>Bar La Ideal<\/strong> (Suipacha 384),<strong> Bar \u201c12 de octubre\u201d (El Boliche de Roberto)<\/strong> (Bulnes 331),<strong> Bar \u201cLos Laureles\u201d<\/strong> (Av. Gral. Tom\u00e1s de Iriarte 2290),<\/p>\n<\/li>\n<li dir=\"ltr\">\n<p dir=\"ltr\">El domingo 21 de 9 a 13 h, se realizar\u00e1 la<strong>&nbsp;1\u00ba Regata de remo en el Riachuelo<\/strong>.&nbsp;Se trata de un evento gratuito en el que participar\u00e1n botes par con timonel y doble par con timonel, en un recorrido de 5600 metros, desde Vuelta de Rocha hasta Puente Pueyrred\u00f3n y regreso. Desde la rambla del Riachuelo.<\/p>\n<\/li>\n<li dir=\"ltr\">\n<p dir=\"ltr\">Todo el fin de semana, de 10 a 20 h, estar\u00e1 disponible la exhibici\u00f3n fotogr\u00e1fica y de bocetos<strong>&nbsp;\u00abDisney 100 a\u00f1os\u00bb<\/strong>, dedicada al inspirador viaje de investigaci\u00f3n que hizo Walt Disney junto a un selecto grupo de artistas por Am\u00e9rica Latina en 1941. El encuentro, organizado por ArtexArte, ser\u00e1 en Lavalleja 1062 (Villa Crespo) con entrada gratuita que debe ser reservada en&nbsp;<a href=\"http:\/\/www.artexarte.com.ar\/\" target=\"_blank\" rel=\"noopener\" data-saferedirecturl=\"https:\/\/www.google.com\/url?q=http:\/\/www.artexarte.com.ar&amp;source=gmail&amp;ust=1684258115392000&amp;usg=AOvVaw1NhauRYZbw7iPUakaowMrh\">www.artexarte.com.ar<\/a>.<\/p>\n<\/li>\n<\/ul>\n<p dir=\"ltr\">.<\/p>\n<p dir=\"ltr\">FUENTE: ENTE DE TURISMO DE LA CIUDAD DE BUENOS AIRES<\/p>\n","protected":false},"excerpt":{"rendered":"<p> Durante dos jornadas consecutivas, la Ciudad exhibir\u00e1 sus atractivos para turistas y vecinos. El s\u00e1bado 20 y el domingo 21  <\/p>\n","protected":false},"author":1,"featured_media":8921,"comment_status":"open","ping_status":"closed","sticky":false,"template":"","format":"standard","meta":[],"categories":[19],"tags":[],"_links":{"self":[{"href":"https:\/\/latecordoba.com\/index.php\/wp-json\/wp\/v2\/posts\/8920"}],"collection":[{"href":"https:\/\/latecordoba.com\/index.php\/wp-json\/wp\/v2\/posts"}],"about":[{"href":"https:\/\/latecordoba.com\/index.php\/wp-json\/wp\/v2\/types\/post"}],"author":[{"embeddable":true,"href":"https:\/\/latecordoba.com\/index.php\/wp-json\/wp\/v2\/users\/1"}],"replies":[{"embeddable":true,"href":"https:\/\/latecordoba.com\/index.php\/wp-json\/wp\/v2\/comments?post=8920"}],"version-history":[{"count":0,"href":"https:\/\/latecordoba.com\/index.php\/wp-json\/wp\/v2\/posts\/8920\/revisions"}],"wp:featuredmedia":[{"embeddable":true,"href":"https:\/\/latecordoba.com\/index.php\/wp-json\/wp\/v2\/media\/8921"}],"wp:attachment":[{"href":"https:\/\/latecordoba.com\/index.php\/wp-json\/wp\/v2\/media?parent=8920"}],"wp:term":[{"taxonomy":"category","embeddable":true,"href":"https:\/\/latecordoba.com\/index.php\/wp-json\/wp\/v2\/categories?post=8920"},{"taxonomy":"post_tag","embeddable":true,"href":"https:\/\/latecordoba.com\/index.php\/wp-json\/wp\/v2\/tags?post=8920"}],"curies":[{"name":"wp","href":"https:\/\/api.w.org\/{rel}","templated":true}]}}