{"id":8917,"date":"2023-05-15T22:26:48","date_gmt":"2023-05-15T22:26:48","guid":{"rendered":"https:\/\/www.diariocronica.com.ar\/noticias\/2023\/05\/15\/80765-la-seleccion-sub-20-le-gano-2-1-a-japon-en-el-ultimo-amistoso-previo-al-mundial"},"modified":"2023-05-15T22:26:48","modified_gmt":"2023-05-15T22:26:48","slug":"la-seleccion-sub-20-le-gano-2-1-a-japon-en-el-ultimo-amistoso-previo-al-mundial","status":"publish","type":"post","link":"https:\/\/latecordoba.com\/index.php\/2023\/05\/15\/la-seleccion-sub-20-le-gano-2-1-a-japon-en-el-ultimo-amistoso-previo-al-mundial\/","title":{"rendered":"La Selecci\u00f3n Sub 20 le gan\u00f3 2-1 a Jap\u00f3n en el \u00faltimo amistoso previo al Mundial"},"content":{"rendered":"\n<div class=\"media_block\"><a href=\"http:\/\/latecordoba.com\/wp-content\/uploads\/2023\/05\/la-seleccion-sub-20-le-gano-2-1-a-japon-en-el-ultimo-amistoso-previo-al-mundial.jpg\"><img decoding=\"async\" src=\"http:\/\/latecordoba.com\/wp-content\/uploads\/2023\/05\/la-seleccion-sub-20-le-gano-2-1-a-japon-en-el-ultimo-amistoso-previo-al-mundial.jpg\" class=\"media_thumbnail\"><\/a><\/div>\n<div><img decoding=\"async\" src=\"http:\/\/latecordoba.com\/wp-content\/uploads\/2023\/05\/la-seleccion-sub-20-le-gano-2-1-a-japon-en-el-ultimo-amistoso-previo-al-mundial-1.jpg\" class=\"ff-og-image-inserted\"><\/div>\n<p>\nCon goles de Mat\u00edas Soul\u00e9 y de Valent\u00edn Barco, la &#8220;Albiceleste&#8221; venci\u00f3 a su par nip\u00f3n.\n<\/p>\n<div readability=\"61\">\n<p>La&nbsp;<strong>Selecci\u00f3n argentina Sub 20&nbsp;le gan\u00f3 2-1 a su par de Jap\u00f3n<\/strong>, en el Predio Julio Humberto Grondona de Ezeiza, en&nbsp;<strong>\u00faltimo amistoso de preparaci\u00f3n para lo que ser\u00e1 el Mundial<\/strong>&nbsp;de la categor\u00eda.<\/p>\n<p>Tras lo que fue la victoria por 4-0 ante Rep\u00fablica Dominicana el jueves,&nbsp;<strong>la \u201cAlbiceleste\u201d venci\u00f3 2-1 a su par nip\u00f3n<\/strong>&nbsp;en lo que fue el segundo amistoso preparatorio para la Copa del Mundo.&nbsp;<strong>Mat\u00edas Soule, de la Juventus de Italia, y Valent\u00edn Barco, de Boca, marcaron los goles<\/strong>&nbsp;para los dirigidos por Javier Mascherano.<\/p>\n<p>El tanto del lateral \u201cXeneize\u201d fue lo destacado de la jornada con una&nbsp;<strong>jugada a pura gambeta por el sector izquierdo, cerr\u00e1ndose para el medio y rematando pegado al palo para poner el 2-1<\/strong>&nbsp;final.<\/p>\n<p>En este triunfo ante el combinado asi\u00e1tico, El entrenador Javier Mascherano dispuso el siguiente once:&nbsp;<strong>Federico G\u00f3mes Gerth; Agust\u00edn Giay, Lautaro Di Lollo, Valent\u00edn G\u00f3mez,&nbsp;Valent\u00edn Barco; Ignacio Miramon, M\u00e1ximo Perrone, Valent\u00edn Carboni; Brian Aguirre, Alejo V\u00e9liz y Mat\u00edas Soul\u00e9.<\/strong><\/p>\n<p>En el segundo tiempo, ingresaron&nbsp;<strong>Mateo Tanlongo, Lucas Lavagnino, Tom\u00e1s Avil\u00e9s, Puch, Juan Gauto, Federico Redondo, Luka Romero y Gino Infantino<\/strong>&nbsp;por&nbsp;<strong>Ignacio Miram\u00f3n, Federico G\u00f3mes Gerth, Agust\u00edn Giay, Alejo V\u00e9liz, Brian Aguirre, M\u00e1ximo Perrone, Mat\u00edas Soul\u00e9 y Valent\u00edn Carboni.<\/strong><\/p>\n<p>Superado el \u00faltimo amistoso de preparaci\u00f3n, el equipo argentino<strong>&nbsp;continuar\u00e1 su preparaci\u00f3n esta semana en el predio de la AFA en Ezeiza<\/strong>&nbsp;y, luego,&nbsp;<strong>viajar\u00e1 a Santiago del Estero para hacer su debut en la Copa del Mundo Sub 20 ante Uzbekist\u00e1n<\/strong>&nbsp;por el Grupo A en el Estadio \u00danico Madre de Ciudades. (NA)<\/p>\n<\/div>\n","protected":false},"excerpt":{"rendered":"\n<div class=\"media_block\"><a href=\"http:\/\/latecordoba.com\/wp-content\/uploads\/2023\/05\/la-seleccion-sub-20-le-gano-2-1-a-japon-en-el-ultimo-amistoso-previo-al-mundial.jpg\"><img decoding=\"async\" src=\"http:\/\/latecordoba.com\/wp-content\/uploads\/2023\/05\/la-seleccion-sub-20-le-gano-2-1-a-japon-en-el-ultimo-amistoso-previo-al-mundial.jpg\" class=\"media_thumbnail\"><\/a><\/div>\n<p>Con goles de Mat\u00edas Soul\u00e9 y de Valent\u00edn Barco, la &#8220;Albiceleste&#8221; venci\u00f3 a su par nip\u00f3n. <\/p>\n","protected":false},"author":1,"featured_media":8918,"comment_status":"closed","ping_status":"closed","sticky":false,"template":"","format":"standard","meta":[],"categories":[17],"tags":[],"_links":{"self":[{"href":"https:\/\/latecordoba.com\/index.php\/wp-json\/wp\/v2\/posts\/8917"}],"collection":[{"href":"https:\/\/latecordoba.com\/index.php\/wp-json\/wp\/v2\/posts"}],"about":[{"href":"https:\/\/latecordoba.com\/index.php\/wp-json\/wp\/v2\/types\/post"}],"author":[{"embeddable":true,"href":"https:\/\/latecordoba.com\/index.php\/wp-json\/wp\/v2\/users\/1"}],"replies":[{"embeddable":true,"href":"https:\/\/latecordoba.com\/index.php\/wp-json\/wp\/v2\/comments?post=8917"}],"version-history":[{"count":0,"href":"https:\/\/latecordoba.com\/index.php\/wp-json\/wp\/v2\/posts\/8917\/revisions"}],"wp:featuredmedia":[{"embeddable":true,"href":"https:\/\/latecordoba.com\/index.php\/wp-json\/wp\/v2\/media\/8918"}],"wp:attachment":[{"href":"https:\/\/latecordoba.com\/index.php\/wp-json\/wp\/v2\/media?parent=8917"}],"wp:term":[{"taxonomy":"category","embeddable":true,"href":"https:\/\/latecordoba.com\/index.php\/wp-json\/wp\/v2\/categories?post=8917"},{"taxonomy":"post_tag","embeddable":true,"href":"https:\/\/latecordoba.com\/index.php\/wp-json\/wp\/v2\/tags?post=8917"}],"curies":[{"name":"wp","href":"https:\/\/api.w.org\/{rel}","templated":true}]}}