{"id":8911,"date":"2023-05-16T00:12:45","date_gmt":"2023-05-16T00:12:45","guid":{"rendered":"https:\/\/www.lapoliticaonline.com\/conurbano\/en-moreno-concejala-abandono-juntos-para-fichar-con-mariel-y-detono-la-interna-opositora\/"},"modified":"2023-05-16T00:12:45","modified_gmt":"2023-05-16T00:12:45","slug":"en-moreno-concejala-abandono-juntos-para-fichar-con-mariel-y-detono-la-interna-opositora","status":"publish","type":"post","link":"https:\/\/latecordoba.com\/index.php\/2023\/05\/16\/en-moreno-concejala-abandono-juntos-para-fichar-con-mariel-y-detono-la-interna-opositora\/","title":{"rendered":"En Moreno, concejala abandon\u00f3 Juntos para fichar con Mariel y deton\u00f3 la interna opositora"},"content":{"rendered":"\n<div id=\"vsmcontent\" readability=\"172.05323193916\">\n<p>Con un movimiento, Mariel Fern\u00e1ndez recuper\u00f3 el control del Concejo Deliberante y desat\u00f3 un vendaval interno en el ya convulsionado panorama de Juntos en Moreno. La intendenta fich\u00f3 en el bloque del Frente de Todos a la concejala Roxana Ricart, quien formaba parte de la bancada opositora desde el sector referenciado con An\u00edbal Asseff, exsenador bonaerense que actualmente camina el distrito como precandidato a intendente de Horacio Rodr\u00edguez Larreta. <\/p>\n<p><a href=\"https:\/\/www.lapoliticaonline.com\/conurbano\/moreno-mariel-fernandez-con-desafiantes-internos-y-mayoria-condicionada-en-el-concejo\/\">Como cont\u00f3 LPO el mes pasado<\/a>, Mariel es desafiada internamente por el armado de Peronismo Unido Moreno, donde se alistan los exintendentes Coco Lombardi y Mariano West, y que tiene como precandidato ya lanzado al massista Dami\u00e1n Contreras. En ese marco, volvi\u00f3 a ocupar su banca en el concejo Patricia Rosemberg (proveniente de Pueblo Libre, agrupaci\u00f3n referenciada con West), dejando as\u00ed a Mariel sin la mayor\u00eda autom\u00e1tica que le daba el voto de Clara Echazarreta (suplente que ocupaba la banca de Rosemberg). <\/p>\n<p>Las distintas extracciones opositoras a la gesti\u00f3n del Movimiento Evita sumaban 13 bancas sobre 24. Era un n\u00famero que preocupaba cerca del municipio, m\u00e1s a\u00fan en medio de temas de abordaje urticante en el Concejo, como la rendici\u00f3n de cuentas, la construcci\u00f3n de un polideportivo en predios que cedi\u00f3 un privado al municipio (rezonificaciones mediante) y la denuncia por ocupaci\u00f3n de tierras que la Universidad de Moreno hizo contra la comuna.<\/p>\n<p>En ese contexto, tras dar algunas se\u00f1ales previas con ausencias y otorgamientos de quorum, Ricart formaliz\u00f3 su pase de Juntos al Frente de Todos, foto mediante con las concejalas del Evita y luego de compartir una actividad con la propia intendenta. <\/p>\n<p>&#8220;Fue una traici\u00f3n espantosa&#8221;, defini\u00f3 a LPO una voz que integra la mesa chica del precandidato larretista An\u00edbal Assef. All\u00ed, repasaron con fastidio el CV pol\u00edtico de Ricart, atado directamente a ese espacio: en 1998 comenz\u00f3 su actividad en el Concejo de la mano de Claudia Asseff, a quien tambi\u00e9n acompa\u00f1\u00f3 en la Secretar\u00eda de Acci\u00f3n Social local. Recuerdan que, tras la derrota de la hija del exintendente Julio Asseff en 2003, Ricart peg\u00f3 el portazo para sumarse a la gesti\u00f3n de West: &#8220;Ya hab\u00eda traicionado&#8221;, afirmaron.<\/p>\n<p>&nbsp;<a href=\"https:\/\/www.lapoliticaonline.com\/tools\/redirect.php?t=3&amp;i=257025&amp;s=4fe1b7dde2c11b857de5fb68f6eef459\" class=\"link-type-content content-type-noticia-ar\">El peronismo desaf\u00eda a Mariel Fern\u00e1ndez con una PASO en Moreno<\/a><\/p>\n<p>En la carta enviada a la presidenta del Concejo anunciando su pase de bloque, Ricart argument\u00f3 que su decisi\u00f3n se funda en razones &#8220;tanto ideol\u00f3gicas como personales&#8221;. <\/p>\n<p>Pero en el bloque que abandon\u00f3 definen el pase &#8220;sin escalas&#8221; como una &#8220;maniobra imp\u00fadica&#8221;. Cerca de los Asseff, en tanto, asocian la actitud a reclamos previos de Ricart para integrar un casillero expectante de ingreso en la lista de An\u00edbal y as\u00ed poder renovar la banca que se le vence este 2023. Hasta mencionan un momento de tensi\u00f3n protagonizado por la concejala el d\u00eda en que baj\u00f3 Larreta al distrito. Con sus peticiones no correspondidas desde el asseffismo, la relaci\u00f3n con la concejala se congel\u00f3 hasta el portazo final.<\/p>\n<p>Consumada la salida, en el bloque de Juntos que preside Juan Fern\u00e1ndez (UCR), salieron a exigirle la renuncia a Ricart. Ahora, esa bancada queda integrada por el mencionado dirigente radical, Florencia Asseff y el dirigente de extracci\u00f3n peronista Mirko Garc\u00eda. <\/p>\n<p>El otro bloque de Juntos en el deliberativo est\u00e1 conformado por el ala ritondista que lidera Demi\u00e1n Mart\u00ednez Naya y la concejala que reporta a Joaqu\u00edn de la Torre, Gisele Agostinelli. Ambos, tambi\u00e9n son precandidatos a la intendencia. <\/p>\n<figure class=\"vsmimage\" contenteditable=\"false\"><img decoding=\"async\" loading=\"lazy\" alt=\"De Juntos al Frente de Todos. Ricart posa junto a sus nuevas compa\u00f1eras de bloque.\" data-vsmid=\"189603\" data-owidth=\"828\" data-oheight=\"502\" src=\"data:image\/png;base64,iVBORw0KGgoAAAANSUhEUgAAAzwAAAH2AQMAAACP1BtWAAAAA1BMVEUAAACnej3aAAAAAXRSTlMAQObYZgAAAEpJREFUeJztwTEBAAAAwqD1T20JT6AAAAAAAAAAAAAAAAAAAAAAAAAAAAAAAAAAAAAAAAAAAAAAAAAAAAAAAAAAAAAAAAAAAACeBs3mAAEr0xX3AAAAAElFTkSuQmCC\" vsmidos=\"1\" vsmsrc=\"\/files\/image\/189\/189603\/6462cb35a6f6b.jpg\" width=\"828\" height=\"502\" contenteditable=\"false\"><\/figure>\n<p>Bajo ese cielo de internas, Naya sali\u00f3 duro a cruzar al ala larretista de Moreno por la fuga de Ricart: &#8220;Los Aseff nuevamente acordando con el oficialismo local&#8221;, acus\u00f3 y agreg\u00f3: &#8220;La actitud de la concejal leal a la familia Asseff da cuenta una vez m\u00e1s de la mezquindad pol\u00edtica que debemos soportar&#8221;.<\/p>\n<p>Del otro lado, retrucaron las expresiones de Naya y se\u00f1alaron que el concejal y precandidato ritondista &#8220;lleg\u00f3 a Moreno en 2019&#8221; que lleg\u00f3 al Concejo &#8220;por la ventana&#8221;, tras perder la interna con el asseffismo e integrar la lista en tercer lugar. &#8220;Si los Asseff un d\u00eda deciden retirarse de la pol\u00edtica, Naya se queda sin tema&#8221;, dijo a LPO con sorna un dirigente que interact\u00faa con los Asseff y que da cuenta del malestar que existe en ese sector con el impacto de &#8220;la interna de arriba&#8221; del PRO, que siembra desafiantes internos &#8220;para desordenar en los lugares donde hay referentes&#8221;. Con d\u00e9cadas de presencia pol\u00edtica en Moreno, los Asseff agitan una bandera de corte vecinalista y aseguran conservar una voluminosa estructura.<\/p>\n<p>En cambio, cerca del ritondismo hablan del armado de Asseff como &#8220;una oposici\u00f3n d\u00e9bil&#8221; que, m\u00e1s all\u00e1 de la &#8220;marca pol\u00edtica&#8221; que se desprende de un apellido que gobern\u00f3 el distrito, tiene &#8220;un techo bajo&#8221; en t\u00e9rminos de competitividad electoral. <\/p>\n<p>Agostinelli, en tanto, preside el bloque donde interacciona con el ritondismo. Con ra\u00edz en el jorgemacrismo que en el distrito se referenci\u00f3 con Leo Coppola, la precandidata bullrichista ahora se muestra con De la Torre. En Juntos, atan su suerte a las definiciones bonaerenses de ese sector.<\/p>\n<p>El radicalismo, en tanto, tiene como su principal referente a Juan Fern\u00e1ndez, que preside la bancada que interact\u00faa con el asseffismo. En la interna, no dudan que la UCR integrar\u00e1 la lista que tendr\u00e1 de precandidato a intendente a An\u00edbal Asseff y que, en ese marco, Fern\u00e1ndez tendr\u00e1 un lugar encumbrado en la lista al Concejo, lo mismo que Mirko Garc\u00eda, por el lado de la pata peronista de ese espacio.&nbsp;<\/p>\n<\/div>\n<p><strong>Copyright La Politica Online SA 2023.<\/strong><br \/>Por favor no corte ni pegue en la web nuestras notas, tiene la posibilidad de redistribuirlas usando nuestras herramientas.<\/p>\n","protected":false},"excerpt":{"rendered":"<p> La intendenta del Evita suma a Roxana Ricart. Un voto clave para retomar el control del Concejo. Los Asseff hablan de &#8220;traici\u00f3n&#8221;. El ritondismo lanza acusaciones.  <\/p>\n","protected":false},"author":1,"featured_media":8912,"comment_status":"closed","ping_status":"closed","sticky":false,"template":"","format":"standard","meta":[],"categories":[18],"tags":[],"_links":{"self":[{"href":"https:\/\/latecordoba.com\/index.php\/wp-json\/wp\/v2\/posts\/8911"}],"collection":[{"href":"https:\/\/latecordoba.com\/index.php\/wp-json\/wp\/v2\/posts"}],"about":[{"href":"https:\/\/latecordoba.com\/index.php\/wp-json\/wp\/v2\/types\/post"}],"author":[{"embeddable":true,"href":"https:\/\/latecordoba.com\/index.php\/wp-json\/wp\/v2\/users\/1"}],"replies":[{"embeddable":true,"href":"https:\/\/latecordoba.com\/index.php\/wp-json\/wp\/v2\/comments?post=8911"}],"version-history":[{"count":0,"href":"https:\/\/latecordoba.com\/index.php\/wp-json\/wp\/v2\/posts\/8911\/revisions"}],"wp:featuredmedia":[{"embeddable":true,"href":"https:\/\/latecordoba.com\/index.php\/wp-json\/wp\/v2\/media\/8912"}],"wp:attachment":[{"href":"https:\/\/latecordoba.com\/index.php\/wp-json\/wp\/v2\/media?parent=8911"}],"wp:term":[{"taxonomy":"category","embeddable":true,"href":"https:\/\/latecordoba.com\/index.php\/wp-json\/wp\/v2\/categories?post=8911"},{"taxonomy":"post_tag","embeddable":true,"href":"https:\/\/latecordoba.com\/index.php\/wp-json\/wp\/v2\/tags?post=8911"}],"curies":[{"name":"wp","href":"https:\/\/api.w.org\/{rel}","templated":true}]}}