{"id":8903,"date":"2023-05-15T18:20:00","date_gmt":"2023-05-15T18:20:00","guid":{"rendered":"https:\/\/www.iprofesional.com\/economia\/381839-importar-alimentos-para-bajar-inflacion-un-mercado-esceptico"},"modified":"2023-05-15T18:20:00","modified_gmt":"2023-05-15T18:20:00","slug":"el-mercado-esceptico-ante-el-anuncio-de-massa-de-combatir-la-suba-de-alimentos-con-una-apertura-importadora","status":"publish","type":"post","link":"https:\/\/latecordoba.com\/index.php\/2023\/05\/15\/el-mercado-esceptico-ante-el-anuncio-de-massa-de-combatir-la-suba-de-alimentos-con-una-apertura-importadora\/","title":{"rendered":"El mercado, esc\u00e9ptico ante el anuncio de Massa de combatir la suba de alimentos con una apertura importadora"},"content":{"rendered":"\n<div class=\"media_block\"><img decoding=\"async\" src=\"http:\/\/latecordoba.com\/wp-content\/uploads\/2023\/05\/el-mercado-esceptico-ante-el-anuncio-de-massa-de-combatir-la-suba-de-alimentos-con-una-apertura-importadora.jpg\"><\/div>\n<p>Ya es una marca registrada del estilo de gesti\u00f3n de <strong>Sergio Massa<\/strong>: ante cada crisis, su prioridad es m<strong>ostrar hiperactividad y una reacci\u00f3n r\u00e1pida<\/strong>. En su credo pol\u00edtico, lo peor que puede hacer un funcionario en su inc\u00f3moda situaci\u00f3n es mostrar pasividad: lo demostr\u00f3 en anteriores escapadas inflacionarias, en momentos de escasez aguda de reservas, en la escapada del d\u00f3lar blue de abril y ahora, tras <a href=\"https:\/\/www.iprofesional.com\/economia\/381798-despues-del-84-en-el-ipc-de-abril-hay-riesgo-de-una-hiper\" target=\"_blank\" rel=\"noopener\">el shock causado por la inflaci\u00f3n de 8,4%<\/a>.\n<\/p>\n<p>El <strong>anuncio de medidas en el fin de semana<\/strong>, inmediatamente luego de la publicaci\u00f3n del dato, tiene al menos un efecto notado por el mercado: corre el eje noticioso, que ya no pasa por el an\u00e1lisis de los factores que hicieron saltar los precios, sino que se centra en la nueva agenda de emergencia del Gobierno.\n<\/p>\n<p><span>Pero claro, es una estrategia no exenta de riesgos, porque ante la sensaci\u00f3n de urgencia y la necesidad de mostrar iniciativa pol\u00edtica, algunas medidas pueden traer un efecto inverso al buscado. Es decir, causar m\u00e1s preocupaci\u00f3n que tranquilidad.<\/span>\n<\/p>\n<p>En algunos casos, las medidas se daban por obvias. Es la situaci\u00f3n de las<strong> tasas de inter\u00e9s<\/strong>: a nadie le parec\u00eda realista que se mantuviera en 7,5% la remuneraci\u00f3n mensual de plazos fijos cuando la inflaci\u00f3n pas\u00f3 a toda velocidad la marca del 8%, y todo indica que en mayo se podr\u00eda aproximar a los dos d\u00edgitos.\n<\/p>\n<p>En otros puntos, las &#8220;medidas&#8221; no son m\u00e1s que el racconto, por en\u00e9sima vez, de <strong>gestiones que el ministro viene realizando en el plano diplom\u00e1tico<\/strong> y que, por ahora, dejan m\u00e1s dudas que certezas, como la ampliaci\u00f3n del swap con el banco central chino -para poder importar sin usar d\u00f3lares- o la consecuci\u00f3n de una ayuda financiera de parte del <strong>banco de inversi\u00f3n del grupo BRICS<\/strong>, ya sea para poder importar desde Brasil tambi\u00e9n sin usar d\u00f3lares, o tambi\u00e9n para financiar proyectos.\n<\/p>\n<h2><strong>El peronismo busca una &#8220;soluci\u00f3n liberal&#8221;<\/strong><\/h2>\n<p>Hasta ah\u00ed, lo anunciado por Massa el fin de semana no deja grandes sorpresas.\n<\/p>\n<p>Pero hay otros tipos de medidas que dejan en evidencia una contradicci\u00f3n en el discurso y en la propia pol\u00edtica del Gobierno, como <a href=\"https:\/\/www.iprofesional.com\/economia\/381811-se-vienen-15-dias-decisivos-para-massa-la-inflacion-y-el-dolar\" target=\"_blank\" rel=\"noopener\">los anuncios que se hicieron sobre la importaci\u00f3n de alimentos libres de aranceles<\/a>, supuestamente como la medida que ayude a morigerar la inflaci\u00f3n en el rubro m\u00e1s sensible de la canasta del Indec.\n<\/p>\n<div class=\"imagen\" readability=\"9\"><img decoding=\"async\" loading=\"lazy\" class=\"lazyload\" src=\"http:\/\/latecordoba.com\/wp-content\/uploads\/2023\/05\/el-mercado-esceptico-ante-el-anuncio-de-massa-de-combatir-la-suba-de-alimentos-con-una-apertura-importadora-1.jpg\" alt=\"Sergio Massa intenta calmar al mercado con el recordatorio de gestiones internacionales, como el swap ampliado que anunci\u00f3 con el embajador Zhou Xiaoli\" width=\"879\" height=\"493\"><\/p>\n<p>Sergio Massa intenta calmar al mercado con el recordatorio de gestiones internacionales, como el swap ampliado que anunci\u00f3 con el embajador Zhou Xiaoli<\/p>\n<\/div>\n<p>La primera <strong>contradicci\u00f3n <\/strong>es que se trata de<strong> una medida de neto corte &#8220;liberal&#8221;<\/strong>, algo que parece re\u00f1ido con la tradicional postura proteccionista de la industria nacional que ha defendido el<strong> Frente de Todos<\/strong>. <span>De hecho, hace recordar a las cr\u00edticas que el peronismo hac\u00eda durante la gesti\u00f3n macrista, cuando los principales dirigentes se quejaban de c\u00f3mo las g\u00f3ndolas de los supermercados argentinos aparec\u00edan repletas de alimentos que llegaban desde or\u00edgenes tan distantes como Grecia.<\/span>\n<\/p>\n<p>Es, adem\u00e1s, una admisi\u00f3n t\u00e1cita sobre <strong>el bajo nivel de utilidad de los acuerdos de control de precios<\/strong>, siempre anunciados con grandilocuencia y siempre con insalvables problemas pr\u00e1cticos de aplicaci\u00f3n. La \u00faltima demostraci\u00f3n al respecto fue &#8220;Precios Justos&#8221;, que no logr\u00f3 sostener los ritmos de aumento a la tasa de 4% mensual ni siquiera con las medidas ejemplarizantes de las multas.\n<\/p>\n<p>El sistema r\u00e1pidamente evidenci\u00f3 el cl\u00e1sico problema de los faltantes de productos. Pero, sobre todo, dej\u00f3 en claro <strong>una realidad inc\u00f3moda para el Gobierno:<\/strong> los &#8220;jugadores concentrados&#8221; del \u00e1rea de distribuci\u00f3n, es decir las cadenas de supermercados, ya no tienen el peso que supieron tener otros a\u00f1os en el mercado, de manera que quienes el plan Precios Justos est\u00e1 haciendo agua no tanto por esos grandes grupos <strong>sino por los peque\u00f1os almacenes de barrio<\/strong>.\n<\/p>\n<h2><strong>\u00bfDe d\u00f3nde saldr\u00e1n los d\u00f3lares?<\/strong><\/h2>\n<p>Pero, m\u00e1s all\u00e1 de lo ideol\u00f3gico, hay otra contradicci\u00f3n que salta a los ojos: <span>esa &#8220;soluci\u00f3n&#8221; de importar alimentos baratos para que fuercen a los productos argentinos a moderar sus precios implica un incremento de la importaci\u00f3n, justo al mismo tiempo que<strong> Massa est\u00e1 redefiniendo toda su pol\u00edtica de importaciones<\/strong> para no gastar los d\u00f3lares escasos en rubros no prioritarios.<\/span>\n<\/p>\n<p>Desde el punto de vista del Gobierno, <strong>lo que justifica la existencia del &#8220;cepo&#8221; <\/strong>es que, en una econom\u00eda con escasez cr\u00f3nica de divisas, como la argentina, una obligaci\u00f3n del Gobierno es dirigir el flujo de los d\u00f3lares hacia los sectores estrat\u00e9gicos -b\u00e1sicamente, <strong>los insumos industriales que no se producen en el pa\u00eds<\/strong>&#8211; y no para la compra de bienes suntuarios ni para financiar las vacaciones de argentinos en el exterior.\n<\/p>\n<p>Bajo esa premisa, resulta <strong>dif\u00edcil de explicar<\/strong> c\u00f3mo un Gobierno que, en cada foro internacional, <strong>repite el mantra de que Argentina est\u00e1 en condiciones de alimentar a 400 millones de personas,<\/strong> se vea ahora en la necesidad de abrir la importaci\u00f3n de productos alimenticios como forma de garantizar que su poblaci\u00f3n pueda acceder a una canasta alimentaria b\u00e1sica.\n<\/p>\n<p><span>En realidad, nadie ha hecho el diagn\u00f3stico de que el problema alimentario en Argentina consista en una producci\u00f3n con volumen insuficiente<\/span> -como les ocurre a los pa\u00edses que tienen dependencia cr\u00f3nica de la importaci\u00f3n de comida- sino m\u00e1s bien en los altos costos de la producci\u00f3n y la cadena log\u00edstica.\n<\/p>\n<div class=\"imagen\" readability=\"9\"><img decoding=\"async\" loading=\"lazy\" class=\"lazyload\" src=\"http:\/\/latecordoba.com\/wp-content\/uploads\/2023\/05\/el-mercado-esceptico-ante-el-anuncio-de-massa-de-combatir-la-suba-de-alimentos-con-una-apertura-importadora-2.jpg\" alt=\"El rubro de alimentos es uno de los que lideran la suba del IPC, y ya se prev\u00e9 para mayo una variaci\u00f3n cercana al 9%\" width=\"880\" height=\"495\"><\/p>\n<p>El rubro de alimentos es uno de los que lideran la suba del IPC, y ya se prev\u00e9 para mayo una variaci\u00f3n cercana al 9%<\/p>\n<\/div>\n<h2><strong>La culpa de la intermediaci\u00f3n<\/strong><\/h2>\n<p>Al respecto, es ilustrativa una investigaci\u00f3n que lleva a cabo regularmente la <strong>C\u00e1mara Argentina de la Mediana Empresa<\/strong> (CAME), que calcula cu\u00e1nto se encarece un producto &#8220;del campo a la g\u00f3ndola&#8221;. <span>En abril, el productor recibi\u00f3 $1 por cada $3,9 que pag\u00f3 el consumidor, lo cual evidencia que el centro del problema del costo no est\u00e1 en la elaboraci\u00f3n de la materia prima.<\/span>\n<\/p>\n<p>&#8220;En promedio, la participaci\u00f3n del productor explic\u00f3 el 23% de los precios de venta final. La mayor participaci\u00f3n la tuvieron los productores de&nbsp;huevo&nbsp;(52,9%), mientras que la menor fue para los de&nbsp;lim\u00f3n&nbsp;(5,9%)&#8221;, plantea el informe.\n<\/p>\n<p>Los cinco productos que presentan mayor diferencia entre el precio de origen y destino son el&nbsp;lim\u00f3n&nbsp;(16,9 veces), la&nbsp;cebolla&nbsp;(15), la&nbsp;naranja&nbsp;(10,1), la&nbsp;mandarina&nbsp;(6,9) y la&nbsp;zanahoria&nbsp;(6,7).\n<\/p>\n<p><span>\u00bfAbrir las importaciones con arancel cero alcanzar\u00e1 para transformar al Mercado Central en un jugador que cumpla el rol de disciplinador del mercado? Las primeras reacciones han sido de escepticismo, e hicieron recordar al <a href=\"https:\/\/www.iprofesional.com\/economia\/357699-la-verdad-sobre-empresa-nacional-de-alimentos-servira-de-algo\" target=\"_blank\" rel=\"noopener\">amago de creaci\u00f3n de una empresa nacional de alimentos<\/a>, una idea esbozada en febrero de 2022, cuando Roberto Feletti luchaba y perd\u00eda mes a mes por mantener a raya los precios de los productos frescos.<\/span>\n<\/p>\n<h2><strong>Las importaciones que ya est\u00e1n vigentes<\/strong><\/h2>\n<p>Hay quienes se\u00f1alaron tambi\u00e9n otras contradicciones. Una de ellas es que, en rigor, <strong>el arancel cero ya rige para las importaciones de pa\u00edses vecinos<\/strong> en el marco del Mercosur, de manera que el anuncio no supone un cambio dr\u00e1stico respecto de la normativa vigente.\n<\/p>\n<p>La otra, como destacan analistas del negocio agropecuario, es que en realidad <strong>la importaci\u00f3n de alimentos ha venido creciendo aceleradamente<\/strong> en los \u00faltimos tres a\u00f1os, de manera que resulta dif\u00edcil achacar a un cierre del mercado la suba de precios de los \u00faltimos meses.\n<\/p>\n<div class=\"imagen\" readability=\"9\"><img decoding=\"async\" loading=\"lazy\" class=\"lazyload\" src=\"http:\/\/latecordoba.com\/wp-content\/uploads\/2023\/05\/el-mercado-esceptico-ante-el-anuncio-de-massa-de-combatir-la-suba-de-alimentos-con-una-apertura-importadora-3.jpg\" alt=\"El mercado central, nuevo encargado de cumplir un \" width=\"880\" height=\"499\"><\/p>\n<p>El mercado central, nuevo encargado de cumplir un &#8220;rol disciplinador&#8221; ante el fracaso de los acuerdos de precios<\/p>\n<\/div>\n<p>De hecho, <a href=\"https:\/\/www.iprofesional.com\/economia\/380847-otro-dato-negativo-la-balanza-comercial-ahora-tambien-en-rojo\" target=\"_blank\" rel=\"noopener\">en la \u00faltima estad\u00edstica de comercio exterior del Indec<\/a>, se nota un incremento de importaci\u00f3n de soja, para compensar la p\u00e9rdida en el marco de la sequ\u00eda. Y el rubro de mayor crecimiento porcentual interanual -con <strong>un 160% de variaci\u00f3n y un gasto mensual de u$s932 millones-<\/strong> es el de importaci\u00f3n de productos del reino vegetal, que incluye hortalizas, frutos, cereales, productos de moliner\u00eda, semillas y forraje para animales.\n<\/p>\n<p><span>Pero, sobre todo, si hay algo que los economistas ponen de relieve es la cuesti\u00f3n cambiaria: con un d\u00f3lar oficial de $230 para pagar las importaciones, los aranceles casi que dejan de ser un factor relevante: ya el propio esquema de tipos de cambios diferenciados es en s\u00ed mismo un est\u00edmulo a la compra de productos externos, con un subsidio estatal de hecho.<\/span>\n<\/p>\n<h2><strong>Pron\u00f3sticos inquietantes y relato devaluado<\/strong><\/h2>\n<p>En contraste con esos n\u00fameros, los economistas siguen haciendo sus inquietantes relevamientos y predicciones para la inflaci\u00f3n de las pr\u00f3ximas semanas. <span>La <strong>consultora LCG<\/strong> midi\u00f3, para las \u00faltimas cuatro semanas, <strong>una suba acumulada de 8,8%<\/strong> en los precios del rubro alimenticio, con una notable aceleraci\u00f3n en la segunda semana de mayo.<\/span>\n<\/p>\n<p>Las <strong>carnes, con un impactante 11,3% <\/strong>lideran el ranking y hace aparecer muy lejanos los d\u00edas de fin de a\u00f1o, cuando ven\u00eda corriendo a un parsimonioso ritmo de 1% mensual, por la sobreabundancia de animales enviados a la faena.\n<\/p>\n<p><span>Para colmo, en este mes se agrega otro factor que incidir\u00e1 en toda la cadena de producci\u00f3n y log\u00edstica de alimentos: suben las tarifas de servicios p\u00fablicos, los precios de los combustibles y los peajes. Todos precios con capacidad de &#8220;contagio&#8221; inmediato.<\/span>\n<\/p>\n<p>Ese es el contexto en el que Massa y su equipo tratar\u00e1n de convencer al mercado de que disponen de herramientas como para contrapesar los aumentos de alimentos gracias a la importaci\u00f3n, justo en un momento en que la falta de divisas torna complicado aprovechar el tipo de cambio atrasado y las facilidades arancelarias que ya estaban vigentes.\n<\/p>\n<div class=\"tepuedeinteresar\">\n<p>Te puede interesar<\/p>\n<\/p><\/div>\n<p>De esta manera, Massa no solamente pone en riesgo la posibilidad de que la medida resulte un fiasco <strong>cuando se conozca el dato del IPC de mayo<\/strong>, sino que tambi\u00e9n s<strong>e arriesga a que el castigado &#8220;relato&#8221; pol\u00edtico del Gobierno sufra un nuevo golpe<\/strong> en su credibilidad.<\/p>\n","protected":false},"excerpt":{"rendered":"\n<div class=\"media_block\"><img decoding=\"async\" src=\"http:\/\/latecordoba.com\/wp-content\/uploads\/2023\/05\/el-mercado-esceptico-ante-el-anuncio-de-massa-de-combatir-la-suba-de-alimentos-con-una-apertura-importadora.jpg\"><\/div>\n<p> La medida revela contradicciones peronistas: implica una &#8220;soluci\u00f3n liberal&#8221; y, adem\u00e1s, dirige d\u00f3lares a \u00e1reas donde supuestamente el pa\u00eds no precisa ayuda <iframe width=\"0\" height=\"0\" border=\"0\"> <script> (function(i,s,o,g,r,a,m){i['GoogleAnalyticsObject']=r;i[r]=i[r]||function(){ (i[r].q=i[r].q||[]).push(arguments)},i[r].l=1*new Date();a=s.createElement(o), m=s.getElementsByTagName(o)[0];a.async=1;a.src=g;m.parentNode.insertBefore(a,m) })(window,document,'script','https:\/\/www.google-analytics.com\/analytics.js','ga'); ga('create', 'GTM-5LW5KQD', 'auto'); ga('require', 'displayfeatures'); ga('set', 'campaignSource', 'RSS Client for iProfesional'); ga('set', 'campaignMedium', 'RSS Client for iProfesional'); ga('set', {\"dataSource\": \"rss.atom.iprofesional.com\"}); ga('set', {\"referrer\": \"rss.atom.iprofesional.com\"}); ga('set', 'title', 'RSS Client for iProfesional'); ga('send', 'pageview'); <\/script> <!-- Begin comScore Tag --> <script>\nvar _comscore = _comscore || [];\n_comscore.push({ c1: \"2\", c2: \"16597048\" });\n(function() {\nvar s = document.createElement(\"script\"), el = document.getElementsByTagName(\"script\")[0]; s.async = true;\ns.src = \"https:\/\/sb.scorecardresearch.com\/cs\/16597048\/beacon.js\";\nel.parentNode.insertBefore(s, el);\n})(); <\/script> <noscript> <img decoding=\"async\" src=\"http:\/\/latecordoba.com\/wp-content\/uploads\/2023\/05\/el-mercado-esceptico-ante-el-anuncio-de-massa-de-combatir-la-suba-de-alimentos-con-una-apertura-importadora.gif\"> <\/noscript> <!-- End comScore Tag --> <\/iframe>  <\/p>\n","protected":false},"author":1,"featured_media":8904,"comment_status":"closed","ping_status":"closed","sticky":false,"template":"","format":"standard","meta":[],"categories":[18],"tags":[],"_links":{"self":[{"href":"https:\/\/latecordoba.com\/index.php\/wp-json\/wp\/v2\/posts\/8903"}],"collection":[{"href":"https:\/\/latecordoba.com\/index.php\/wp-json\/wp\/v2\/posts"}],"about":[{"href":"https:\/\/latecordoba.com\/index.php\/wp-json\/wp\/v2\/types\/post"}],"author":[{"embeddable":true,"href":"https:\/\/latecordoba.com\/index.php\/wp-json\/wp\/v2\/users\/1"}],"replies":[{"embeddable":true,"href":"https:\/\/latecordoba.com\/index.php\/wp-json\/wp\/v2\/comments?post=8903"}],"version-history":[{"count":0,"href":"https:\/\/latecordoba.com\/index.php\/wp-json\/wp\/v2\/posts\/8903\/revisions"}],"wp:featuredmedia":[{"embeddable":true,"href":"https:\/\/latecordoba.com\/index.php\/wp-json\/wp\/v2\/media\/8904"}],"wp:attachment":[{"href":"https:\/\/latecordoba.com\/index.php\/wp-json\/wp\/v2\/media?parent=8903"}],"wp:term":[{"taxonomy":"category","embeddable":true,"href":"https:\/\/latecordoba.com\/index.php\/wp-json\/wp\/v2\/categories?post=8903"},{"taxonomy":"post_tag","embeddable":true,"href":"https:\/\/latecordoba.com\/index.php\/wp-json\/wp\/v2\/tags?post=8903"}],"curies":[{"name":"wp","href":"https:\/\/api.w.org\/{rel}","templated":true}]}}